{"id":4744,"date":"2021-10-05T22:57:18","date_gmt":"2021-10-05T22:57:18","guid":{"rendered":"https:\/\/www.savigny-viry-catholique.fr\/?p=4744"},"modified":"2021-10-05T22:57:18","modified_gmt":"2021-10-05T22:57:18","slug":"inscriptions-au-catechisme-a-laumonerie-pour-lannee-scolaire-a-venir-2021-2022","status":"publish","type":"post","link":"https:\/\/demos.uptitude.fr\/savviry1\/inscriptions-au-catechisme-a-laumonerie-pour-lannee-scolaire-a-venir-2021-2022\/","title":{"rendered":"Inscriptions au cat\u00e9chisme, \u00e0 l\u2019aum\u00f4nerie pour l\u2019ann\u00e9e scolaire \u00e0 venir (2021-2022)"},"content":{"rendered":"<p>&nbsp;<\/p>\n<p><span style=\"font-size: 16px;\"><img decoding=\"async\" class=\" wp-image-4746 alignleft\" src=\"https:\/\/www.savigny-viry-catholique.fr\/wp-content\/uploads\/2021\/07\/KT01-300x113.jpg\" alt=\"\" width=\"361\" height=\"136\" \/><\/span><\/p>\n<p>&nbsp;<\/p>\n<p style=\"text-align: justify;\"><span style=\"font-size: 20px;\"><strong>Le cat\u00e9chisme commence en CE1. <\/strong><\/span><\/p>\n<p style=\"text-align: justify;\"><span style=\"font-size: 16px;\"><strong>Les enfants ayant suivi le cat\u00e9chisme sur l&rsquo;une ou l&rsquo;autre des paroisses du Secteur Pastoral n&rsquo;ont pas \u00e0 faire de nouvelle inscription : un courrier vous donnera la date de la r\u00e9union de rentr\u00e9e<\/strong>. <\/span><\/p>\n<p style=\"text-align: justify;\"><span style=\"font-size: 16px;\">Les enfants non baptis\u00e9s sont les bienvenus. Pour les enfants baptis\u00e9s, lors de l&rsquo;inscription, se munir d&rsquo;une copie de l&rsquo;acte de bapt\u00eame (\u00e0 demander \u00e0 la paroisse o\u00f9 a eu lieu le bapt\u00eame), la participation financi\u00e8re sera \u00e0 r\u00e9gler \u00e0 la r\u00e9union de rentr\u00e9e. En cas de souci financier merci de nous en parler simplement avant.<\/span><\/p>\n<p>&nbsp;<\/p>\n<p><span style=\"font-size: 16px;\"><strong><em>Pour Savigny, les inscriptions sont \u00e0 faire les samedis:<\/em><\/strong><\/span><\/p>\n<p><span style=\"font-size: 16px;\">4 septembre 2021 de 10h00-\u00e0 12h00 \u00e0 l\u2019Espace P\u00e8re Coindreau 23 avenue des Ecoles<\/span><\/p>\n<p><span style=\"font-size: 16px;\">\u00a0 \u00a0 \u00a0 \u00a0 \u00a0 \u00a0 \u00a0 \u00a0 \u00a0 \u00a0 \u00a0 \u00a0 \u00a0 \u00a0 \u00a0 de 14h30-\u00e0 17h00 \u00e0 l\u2019\u00e9glise Notre Dame d\u2019Esp\u00e9rance<\/span><\/p>\n<p><span style=\"font-size: 16px;\">11 septembre 2021 de 15h00 \u00e0-17h30 \u00e0 l\u2019\u00e9glise Notre Dame d\u2019Esp\u00e9rance<\/span><\/p>\n<p><span style=\"font-size: 16px;\">25 septembre 2021 de 14h30 \u00e0 16h00 \u00e0 l\u2019\u00e9glise Notre Dame d\u2019Esp\u00e9rance<\/span><\/p>\n<p><span style=\"font-size: 16px;\">2 octobre\u00a0 2021\u00a0 \u00a0 \u00a0 \u00a0de 15h00 \u00e0-17h30 \u00e0 l\u2019\u00e9glise Notre Dame d\u2019Esp\u00e9rance<\/span><\/p>\n<p><span style=\"font-size: 16px;\">A partir du 2 octobre possibilit\u00e9 de s\u2019inscrire \u00e0 l\u2019accueil de la Maison Bonne Nouvelle<\/span><\/p>\n<p>&nbsp;<\/p>\n<p><img fetchpriority=\"high\" decoding=\"async\" class=\"alignnone size-medium wp-image-4760\" src=\"https:\/\/www.savigny-viry-catholique.fr\/wp-content\/uploads\/2021\/07\/20210620_125240-300x225.jpg\" alt=\"\" width=\"300\" height=\"225\" \/>\u00a0 \u00a0 \u00a0 \u00a0 \u00a0 \u00a0 \u00a0 \u00a0 \u00a0 \u00a0 \u00a0 \u00a0 \u00a0 \u00a0 \u00a0 \u00a0 \u00a0 \u00a0 \u00a0 <img decoding=\"async\" class=\"alignnone size-medium wp-image-4761\" src=\"https:\/\/www.savigny-viry-catholique.fr\/wp-content\/uploads\/2021\/07\/IMG-20210613-WA0000-300x138.jpg\" alt=\"\" width=\"300\" height=\"138\" \/><\/p>\n<p>&nbsp;<\/p>\n<p><strong><span style=\"font-size: 16px;\">Pour Viry, <em>les inscriptions sont \u00e0 faire les :<\/em><\/span><\/strong><\/p>\n<p><span style=\"font-size: 16px;\">Dimanche 05 septembre au forum des associations<\/span><\/p>\n<p><span style=\"font-size: 16px;\">Samedi 11 septembre 9h30 \u00e0 11h \u00e0 Notre Dame des Cit\u00e9s<\/span><\/p>\n<p><span style=\"font-size: 16px;\">Samedi 25 septembre 9h30 \u00e0 11h \u00e0 Notre Dame des Cit\u00e9s<\/span><\/p>\n<p>&nbsp;<\/p>\n<p><span style=\"font-size: 16px;\">Samedi 02 octobre 9h30 \u00e0 11h \u00e0 Notre Dame des Cit\u00e9s<\/span><\/p>\n<p><span style=\"font-size: 16px;\">Mercredi 6 octobre 17h \u00e0 19h \u00e0 Notre Dame des Cit\u00e9s<\/span><\/p>\n<p><span style=\"font-size: 16px;\">Mercredi 13 octobre 17h \u00e0 19h \u00e0 Notre Dame des Cit\u00e9s<\/span><\/p>\n<p><span style=\"font-size: 16px;\">Mercredi 20 octobre 17h \u00e0 19h \u00e0 Notre Dame des Cit\u00e9s<\/span><\/p>\n<p>&nbsp;<\/p>\n<p><span style=\"font-size: 16px;\">Inscriptions \u00e0 l\u2019accueil de Ste Bernadette aux heures de permanence le samedi de 10h \u00e0 11h30 comme les autres ann\u00e9es.<\/span><\/p>\n<p>&nbsp;<\/p>\n<p><span style=\"font-size: 16px;\">Inscriptions au presbyt\u00e8re aux heures de permanence<\/span><\/p>\n<p><span style=\"font-size: 16px;\">Le lundi de 14h \u00e0 16h et le samedi de 10h \u00e0 11h30 comme les autres ann\u00e9es.<\/span><\/p>\n","protected":false},"excerpt":{"rendered":"<p>&nbsp; &nbsp; Le cat\u00e9chisme commence en CE1. Les enfants ayant suivi le cat\u00e9chisme sur l&rsquo;une ou l&rsquo;autre des paroisses du Secteur Pastoral n&rsquo;ont pas \u00e0 faire de nouvelle inscription : un courrier vous donnera la date de la r\u00e9union&hellip;<\/p>\n","protected":false},"author":990003,"featured_media":4756,"comment_status":"closed","ping_status":"closed","sticky":false,"template":"","format":"standard","meta":{"give_campaign_id":0,"footnotes":""},"categories":[34],"tags":[],"class_list":["post-4744","post","type-post","status-publish","format-standard","has-post-thumbnail","hentry","category-catechese-aumonerie"],"_links":{"self":[{"href":"https:\/\/demos.uptitude.fr\/savviry1\/wp-json\/wp\/v2\/posts\/4744","targetHints":{"allow":["GET"]}}],"collection":[{"href":"https:\/\/demos.uptitude.fr\/savviry1\/wp-json\/wp\/v2\/posts"}],"about":[{"href":"https:\/\/demos.uptitude.fr\/savviry1\/wp-json\/wp\/v2\/types\/post"}],"author":[{"embeddable":true,"href":"https:\/\/demos.uptitude.fr\/savviry1\/wp-json\/wp\/v2\/users\/990003"}],"replies":[{"embeddable":true,"href":"https:\/\/demos.uptitude.fr\/savviry1\/wp-json\/wp\/v2\/comments?post=4744"}],"version-history":[{"count":0,"href":"https:\/\/demos.uptitude.fr\/savviry1\/wp-json\/wp\/v2\/posts\/4744\/revisions"}],"wp:featuredmedia":[{"embeddable":true,"href":"https:\/\/demos.uptitude.fr\/savviry1\/wp-json\/"}],"wp:attachment":[{"href":"https:\/\/demos.uptitude.fr\/savviry1\/wp-json\/wp\/v2\/media?parent=4744"}],"wp:term":[{"taxonomy":"category","embeddable":true,"href":"https:\/\/demos.uptitude.fr\/savviry1\/wp-json\/wp\/v2\/categories?post=4744"},{"taxonomy":"post_tag","embeddable":true,"href":"https:\/\/demos.uptitude.fr\/savviry1\/wp-json\/wp\/v2\/tags?post=4744"}],"curies":[{"name":"wp","href":"https:\/\/api.w.org\/{rel}","templated":true}]}}