{"id":4775,"date":"2021-08-02T21:48:20","date_gmt":"2021-08-02T21:48:20","guid":{"rendered":"https:\/\/www.savigny-viry-catholique.fr\/?p=4775"},"modified":"2021-08-02T21:48:20","modified_gmt":"2021-08-02T21:48:20","slug":"deces-de-mgr-guy-herbulot-eveque-emerite-de-notre-diocese-devry-corbeil-essonnes","status":"publish","type":"post","link":"https:\/\/demos.uptitude.fr\/savviry1\/deces-de-mgr-guy-herbulot-eveque-emerite-de-notre-diocese-devry-corbeil-essonnes\/","title":{"rendered":"D\u00e9c\u00e8s de Mgr Guy HERBULOT, \u00e9v\u00eaque \u00e9m\u00e9rite de notre dioc\u00e8se d&rsquo;Evry-Corbeil-Essonnes"},"content":{"rendered":"<p>&nbsp;<\/p>\n<p style=\"text-align: center;\"><span style=\"font-size: 20px;\"><strong><span style=\"text-decoration: underline;\">Faire-part de d\u00e9c\u00e8s<\/span><\/strong><\/span><\/p>\n<p style=\"text-align: center;\"><span style=\"font-size: 16px;\"><strong>Monseigneur Guy HERBULOT<\/strong><\/span><br \/>\n<span style=\"font-size: 16px;\">a rejoint le Seigneur de sa vie, le 1er ao\u00fbt 2021.<\/span><\/p>\n<p style=\"text-align: center;\"><span style=\"font-size: 16px;\"><strong>Une veill\u00e9e de pri\u00e8res aura lieu en la Cath\u00e9drale de la R\u00e9surrection \u00e0 \u00c9vry,<\/strong><\/span><br \/>\n<span style=\"font-size: 16px;\"><strong>Le jeudi 5 ao\u00fbt 2021 \u00e0 20h30<\/strong><\/span><\/p>\n<p style=\"text-align: center;\"><span style=\"font-size: 16px;\"><strong>La c\u00e9l\u00e9bration Eucharistique se d\u00e9roulera le vendredi 6 ao\u00fbt 2021 \u00e0 14h30<\/strong><\/span><br \/>\n<span style=\"font-size: 16px;\"><strong>En la Cath\u00e9drale de la R\u00e9surrection \u00e0 \u00c9vry.<\/strong><\/span><\/p>\n<p style=\"text-align: center;\"><span style=\"font-size: 16px;\"><strong>Suivie de l\u2019inhumation dans la Crypte des \u00e9v\u00eaques, en pr\u00e9sence de sa famille.<\/strong><\/span><\/p>\n<p style=\"text-align: center;\"><span style=\"font-size: 16px;\">Monseigneur Guy Herbulot est n\u00e9 le 7 mars 1925 \u00e0 Saint-Menges (08)<\/span><br \/>\n<span style=\"font-size: 16px;\">Il a \u00e9t\u00e9 ordonn\u00e9 pr\u00eatre le 29 juin 1950 en la Cath\u00e9drale Notre-Dame de Reims (51)<\/span><br \/>\n<span style=\"font-size: 16px;\">Nomm\u00e9 \u00c9v\u00eaque auxiliaire de Reims, le 29 juin 1974 <\/span><br \/>\n<span style=\"font-size: 16px;\">Nomm\u00e9 \u00c9v\u00eaque de Corbeil-Essonnes, le 16 mai 1978<\/span><\/p>\n<p>&nbsp;<\/p>\n<p style=\"text-align: center;\">\u00c9tudes au Grand s\u00e9minaire de Reims<br \/>\nVicaire \u00e0 Torcy-Sedan<br \/>\nProfesseur au petit s\u00e9minaire de Reims<br \/>\nAum\u00f4nier d\u2019Action Catholique de Reims<br \/>\nResponsable du Centre des \u0152uvres de Reims<br \/>\nVicaire g\u00e9n\u00e9ral, sp\u00e9cialement charg\u00e9 du dioc\u00e8se Sud et<br \/>\nCoordonnateur de la Pastorale de la Ville de Reims<br \/>\nVicaire \u00e9piscopal charg\u00e9 du la\u00efcat<br \/>\nVicaire g\u00e9n\u00e9ral de Reims<br \/>\n\u00c9v\u00eaque titulaire d\u2019Obbi et \u00c9v\u00eaque auxiliaire de Reims<br \/>\nOrdination \u00e9piscopale le 8 septembre 1974 \u00e0 Reims<br \/>\nEn r\u00e9sidence \u00e0 Charleville-M\u00e9zi\u00e8res<br \/>\nMembre de la Commission \u00e9piscopale du Monde ouvrier, assure au plan dioc\u00e9sain<br \/>\nLa responsabilit\u00e9 de la Mission Ouvri\u00e8re<\/p>\n<p>&nbsp;<\/p>\n<p style=\"text-align: center;\"><span style=\"font-size: 16px;\">\u00c9v\u00eaque de Corbeil-Essonnes puis d\u2019\u00c9vry-Corbeil-Essonnes de 1978 \u00e0 2000<\/span><br \/>\n<span style=\"font-size: 16px;\">\u00c9v\u00eaque b\u00e2tisseur de la Cath\u00e9drale de la R\u00e9surrection (1992-1995)<\/span><br \/>\n<span style=\"font-size: 16px;\">Membre de plusieurs commissions \u00e9piscopales<\/span><br \/>\n<span style=\"font-size: 16px;\">\u00c9v\u00eaque \u00e9m\u00e9rite du dioc\u00e8se d\u2019\u00c9vry<\/span><\/p>\n<p>&nbsp;<\/p>\n<p style=\"text-align: center;\"><span style=\"font-size: 16px;\">En union avec Monseigneur \u00c9ric de Moulins-Beaufort, Archev\u00eaque de Reims et <\/span><br \/>\n<span style=\"font-size: 16px;\">Monseigneur Michel Dubost, \u00c9v\u00eaque \u00e9m\u00e9rite du dioc\u00e8se d\u2019\u00c9vry,<\/span><\/p>\n<p style=\"text-align: center;\"><span style=\"font-size: 16px;\">que notre action de gr\u00e2ce et notre esp\u00e9rance nous rassemblent dans la pri\u00e8re.<\/span><\/p>\n<p>&nbsp;<\/p>\n<p style=\"text-align: center;\"><span style=\"font-size: 16px;\"><strong>+ Michel PANSARD<\/strong><\/span><br \/>\n<span style=\"font-size: 16px;\">\u00c9v\u00eaque d\u2019\u00c9vry \u2013 Corbeil-Essonnes <\/span><\/p>\n","protected":false},"excerpt":{"rendered":"<p>&nbsp; Faire-part de d\u00e9c\u00e8s Monseigneur Guy HERBULOT a rejoint le Seigneur de sa vie, le 1er ao\u00fbt 2021. Une veill\u00e9e de pri\u00e8res aura lieu en la Cath\u00e9drale de la R\u00e9surrection \u00e0 \u00c9vry, Le jeudi 5 ao\u00fbt 2021 \u00e0 20h30&hellip;<\/p>\n","protected":false},"author":990006,"featured_media":4785,"comment_status":"closed","ping_status":"closed","sticky":false,"template":"","format":"standard","meta":{"give_campaign_id":0,"footnotes":""},"categories":[1],"tags":[],"class_list":["post-4775","post","type-post","status-publish","format-standard","has-post-thumbnail","hentry","category-uncategorized"],"_links":{"self":[{"href":"https:\/\/demos.uptitude.fr\/savviry1\/wp-json\/wp\/v2\/posts\/4775","targetHints":{"allow":["GET"]}}],"collection":[{"href":"https:\/\/demos.uptitude.fr\/savviry1\/wp-json\/wp\/v2\/posts"}],"about":[{"href":"https:\/\/demos.uptitude.fr\/savviry1\/wp-json\/wp\/v2\/types\/post"}],"author":[{"embeddable":true,"href":"https:\/\/demos.uptitude.fr\/savviry1\/wp-json\/wp\/v2\/users\/990006"}],"replies":[{"embeddable":true,"href":"https:\/\/demos.uptitude.fr\/savviry1\/wp-json\/wp\/v2\/comments?post=4775"}],"version-history":[{"count":0,"href":"https:\/\/demos.uptitude.fr\/savviry1\/wp-json\/wp\/v2\/posts\/4775\/revisions"}],"wp:featuredmedia":[{"embeddable":true,"href":"https:\/\/demos.uptitude.fr\/savviry1\/wp-json\/"}],"wp:attachment":[{"href":"https:\/\/demos.uptitude.fr\/savviry1\/wp-json\/wp\/v2\/media?parent=4775"}],"wp:term":[{"taxonomy":"category","embeddable":true,"href":"https:\/\/demos.uptitude.fr\/savviry1\/wp-json\/wp\/v2\/categories?post=4775"},{"taxonomy":"post_tag","embeddable":true,"href":"https:\/\/demos.uptitude.fr\/savviry1\/wp-json\/wp\/v2\/tags?post=4775"}],"curies":[{"name":"wp","href":"https:\/\/api.w.org\/{rel}","templated":true}]}}