{"id":4795,"date":"2021-08-13T17:00:49","date_gmt":"2021-08-13T17:00:49","guid":{"rendered":"https:\/\/www.savigny-viry-catholique.fr\/?p=4795"},"modified":"2021-08-13T17:00:49","modified_gmt":"2021-08-13T17:00:49","slug":"editorial-a-loccasion-de-la-fete-de-lassomption-de-la-vierge-marie","status":"publish","type":"post","link":"https:\/\/demos.uptitude.fr\/savviry1\/editorial-a-loccasion-de-la-fete-de-lassomption-de-la-vierge-marie\/","title":{"rendered":"Editorial \u00e0 l&rsquo;occasion de la f\u00eate de l&rsquo;assomption de la Vierge Marie"},"content":{"rendered":"<figure id=\"attachment_4794\" aria-describedby=\"caption-attachment-4794\" style=\"width: 302px\" class=\"wp-caption alignleft\"><img fetchpriority=\"high\" decoding=\"async\" class=\" wp-image-4794\" src=\"https:\/\/www.savigny-viry-catholique.fr\/wp-content\/uploads\/2021\/08\/800px-Ascension_of_the_virgin_Michel_Sittow-233x300.jpg\" alt=\"\" width=\"302\" height=\"389\" \/><figcaption id=\"caption-attachment-4794\" class=\"wp-caption-text\"><span style=\"font-size: 10px;\">Par Michel Sittow \u2014 https:\/\/www.nga.gov\/collection\/art-object-page.50280.html<\/span><\/figcaption><\/figure>\n<p style=\"text-align: center;\"><strong><span style=\"font-size: 20px;\">Le Puissant fit pour Marie des Merveilles<\/span><\/strong><\/p>\n<p style=\"text-align: left;\"><span style=\"font-size: 16px;\">L\u2019Assomption de la Vierge Marie est une de ces grandes merveilles que fit le Seigneur pour notre humanit\u00e9 en pr\u00e9ambule de ce qu\u2019elle sera d\u00e9finitivement. Cette f\u00eate n\u2019a pas de fondement dans les \u00c9critures, nous ne savons rien des circonstances de la mort de la Vierge Marie, une tradition la situe \u00e0 J\u00e9rusalem et une autre \u00e0 Eph\u00e8se. Cela \u00e9tant, nous contemplons en Marie en v\u00e9rit\u00e9, les merveilles de Dieu.<\/span><\/p>\n<p style=\"text-align: left;\"><span style=\"font-size: 16px;\">Elle est combl\u00e9e de gr\u00e2ces et l\u2019\u00c9glise que nous constituons voit en elle, le mod\u00e8le de la foi. Elle est la servante du Seigneur qui accepte de contribuer de mani\u00e8re incomparable au dessein de Dieu. Par l\u2019Assomption, Marie est \u00e9lev\u00e9e \u00e0 la gloire divine et partage avec son corps humain glorieux, la victoire de son Fils, J\u00e9sus le Christ.<\/span><\/p>\n<p style=\"text-align: left;\"><span style=\"font-size: 16px;\">Par le chant du Magnificat \u00e0 la visitation, Marie contemplait d\u00e9j\u00e0 les merveilles de Dieu dans sa vie personnelle et dans la vie du peuple dont elle est issue.<\/span><\/p>\n<p style=\"text-align: left;\"><span style=\"font-size: 16px;\">En somme, nous inscrire \u00e0 l\u2019\u00e9cole de Marie, revient \u00e0 apprendre \u00e0 contempler les merveilles de Dieu dans nos vies et dans la vie des hommes et femmes de chaque \u00e9poque. C\u2019est rendre gr\u00e2ce pour la f\u00e9condit\u00e9 des personnes qui s\u00e8ment des grains d\u2019\u00e9vangile jusqu\u2019\u00e0 leur \u00e9closion en abondants fruits. Et il y en a. Nous sommes invit\u00e9s \u00e0 en devenir. Certes, notre vie n\u2019est pas toujours un long fleuve tranquille ! Marie elle-m\u00eame n\u2019a-t-elle pas travers\u00e9 des moments difficiles, notamment par la Passion de son Fils J\u00e9sus ? Sa foi en l\u2019accomplissement des merveilles divines est rest\u00e9e intacte. Elle a gard\u00e9 en m\u00e9moire cette parole de l\u2019archange Gabriel : \u00ab <em>rien n\u2019est impossible \u00e0 Dieu<\/em>\u00a0!\u00a0\u00bb Cette graine d\u2019\u00e9vangile a sans doute contribu\u00e9 \u00e0 la solidit\u00e9 de sa foi.<\/span><\/p>\n<p style=\"text-align: left;\"><span style=\"font-size: 16px;\">Avec Marie, que nos vies soient dynamis\u00e9es par Celui qui continue \u00e0 faire merveilles. L\u2019Assomption de la Vierge Marie en constitue une.<\/span><\/p>\n<p style=\"text-align: left;\"><span style=\"font-size: 16px;\">Redisons avec foi : Je vous salue Marie, combl\u00e9e de gr\u00e2ces \u2026 Amen.<\/span><\/p>\n<p style=\"text-align: left;\"><span style=\"font-size: 16px;\">Bonne f\u00eate !<\/span><\/p>\n<p style=\"text-align: left;\"><span style=\"font-size: 16px;\">P\u00e8re Emmanuel BIDZOGO<\/span><\/p>\n","protected":false},"excerpt":{"rendered":"<p>Le Puissant fit pour Marie des Merveilles L\u2019Assomption de la Vierge Marie est une de ces grandes merveilles que fit le Seigneur pour notre humanit\u00e9 en pr\u00e9ambule de ce qu\u2019elle sera d\u00e9finitivement. Cette f\u00eate n\u2019a pas de fondement dans&hellip;<\/p>\n","protected":false},"author":990006,"featured_media":4806,"comment_status":"closed","ping_status":"closed","sticky":false,"template":"","format":"standard","meta":{"give_campaign_id":0,"footnotes":""},"categories":[1],"tags":[],"class_list":["post-4795","post","type-post","status-publish","format-standard","has-post-thumbnail","hentry","category-uncategorized"],"_links":{"self":[{"href":"https:\/\/demos.uptitude.fr\/savviry1\/wp-json\/wp\/v2\/posts\/4795","targetHints":{"allow":["GET"]}}],"collection":[{"href":"https:\/\/demos.uptitude.fr\/savviry1\/wp-json\/wp\/v2\/posts"}],"about":[{"href":"https:\/\/demos.uptitude.fr\/savviry1\/wp-json\/wp\/v2\/types\/post"}],"author":[{"embeddable":true,"href":"https:\/\/demos.uptitude.fr\/savviry1\/wp-json\/wp\/v2\/users\/990006"}],"replies":[{"embeddable":true,"href":"https:\/\/demos.uptitude.fr\/savviry1\/wp-json\/wp\/v2\/comments?post=4795"}],"version-history":[{"count":0,"href":"https:\/\/demos.uptitude.fr\/savviry1\/wp-json\/wp\/v2\/posts\/4795\/revisions"}],"wp:featuredmedia":[{"embeddable":true,"href":"https:\/\/demos.uptitude.fr\/savviry1\/wp-json\/"}],"wp:attachment":[{"href":"https:\/\/demos.uptitude.fr\/savviry1\/wp-json\/wp\/v2\/media?parent=4795"}],"wp:term":[{"taxonomy":"category","embeddable":true,"href":"https:\/\/demos.uptitude.fr\/savviry1\/wp-json\/wp\/v2\/categories?post=4795"},{"taxonomy":"post_tag","embeddable":true,"href":"https:\/\/demos.uptitude.fr\/savviry1\/wp-json\/wp\/v2\/tags?post=4795"}],"curies":[{"name":"wp","href":"https:\/\/api.w.org\/{rel}","templated":true}]}}