{"id":4814,"date":"2021-09-01T21:52:44","date_gmt":"2021-09-01T21:52:44","guid":{"rendered":"https:\/\/www.savigny-viry-catholique.fr\/?p=4814"},"modified":"2021-09-01T21:52:44","modified_gmt":"2021-09-01T21:52:44","slug":"bonne-rentree-pastorale-2021-2022","status":"publish","type":"post","link":"https:\/\/demos.uptitude.fr\/savviry1\/bonne-rentree-pastorale-2021-2022\/","title":{"rendered":"Bonne rentr\u00e9e pastorale 2021-2022 !"},"content":{"rendered":"<p>Accueillir, accompagner et cheminer tels sont les termes prioritaires du projet pastoral de notre secteur. Un projet que l\u2019\u00e9quipe pastorale a d\u00e9cid\u00e9 de prolonger pendant trois ans avec des ajustements n\u00e9cessaires. Le synode dioc\u00e9sain en cours enrichira notre marche.<\/p>\n<p><img fetchpriority=\"high\" decoding=\"async\" class=\" wp-image-4813 alignleft\" src=\"https:\/\/www.savigny-viry-catholique.fr\/wp-content\/uploads\/2021\/09\/rentree-pastorale.jpg\" alt=\"\" width=\"351\" height=\"287\" \/><\/p>\n<p>Nous sommes appel\u00e9s \u00e0 faire communaut\u00e9, \u00e0 construire chaque jour un bien-\u00eatre fraternel en prenant soin des uns des autres.<\/p>\n<p>Nous sommes invit\u00e9s \u00e0 aller au large en jetant des filets avec confiance. Ce qui constitue un v\u00e9ritable acte de proposition de l\u2019\u00e9vangile en tant que Bonne Nouvelle pour tous.<\/p>\n<p>Nous sommes convi\u00e9s par le Maitre, le Christ J\u00e9sus, \u00e0 c\u00e9l\u00e9brer les merveilles de Dieu dans nos vies et dans la vie du monde. Ceci nous am\u00e8ne d\u2019autant plus \u00e0 tenir compte de la crise sanitaire que nous traversons avec nos contemporains. Osons r\u00e9pondre personnellement et en \u00e9quipe \u00e0 ces diff\u00e9rents appels et d\u00e9fis, la vitalit\u00e9 de nos communaut\u00e9s chr\u00e9tiennes en d\u00e9pend.<\/p>\n<p>Bonne route \u00e0 chacune et \u00e0 chacun\u00a0!<\/p>\n<p>P\u00e8re Emmanuel BIDZOGO<\/p>\n","protected":false},"excerpt":{"rendered":"<p>Accueillir, accompagner et cheminer tels sont les termes prioritaires du projet pastoral de notre secteur. Un projet que l\u2019\u00e9quipe pastorale a d\u00e9cid\u00e9 de prolonger pendant trois ans avec des ajustements n\u00e9cessaires. Le synode dioc\u00e9sain en cours enrichira notre marche.&hellip;<\/p>\n","protected":false},"author":990006,"featured_media":4813,"comment_status":"closed","ping_status":"closed","sticky":false,"template":"","format":"standard","meta":{"give_campaign_id":0,"footnotes":""},"categories":[1],"tags":[],"class_list":["post-4814","post","type-post","status-publish","format-standard","has-post-thumbnail","hentry","category-uncategorized"],"_links":{"self":[{"href":"https:\/\/demos.uptitude.fr\/savviry1\/wp-json\/wp\/v2\/posts\/4814","targetHints":{"allow":["GET"]}}],"collection":[{"href":"https:\/\/demos.uptitude.fr\/savviry1\/wp-json\/wp\/v2\/posts"}],"about":[{"href":"https:\/\/demos.uptitude.fr\/savviry1\/wp-json\/wp\/v2\/types\/post"}],"author":[{"embeddable":true,"href":"https:\/\/demos.uptitude.fr\/savviry1\/wp-json\/wp\/v2\/users\/990006"}],"replies":[{"embeddable":true,"href":"https:\/\/demos.uptitude.fr\/savviry1\/wp-json\/wp\/v2\/comments?post=4814"}],"version-history":[{"count":0,"href":"https:\/\/demos.uptitude.fr\/savviry1\/wp-json\/wp\/v2\/posts\/4814\/revisions"}],"wp:featuredmedia":[{"embeddable":true,"href":"https:\/\/demos.uptitude.fr\/savviry1\/wp-json\/"}],"wp:attachment":[{"href":"https:\/\/demos.uptitude.fr\/savviry1\/wp-json\/wp\/v2\/media?parent=4814"}],"wp:term":[{"taxonomy":"category","embeddable":true,"href":"https:\/\/demos.uptitude.fr\/savviry1\/wp-json\/wp\/v2\/categories?post=4814"},{"taxonomy":"post_tag","embeddable":true,"href":"https:\/\/demos.uptitude.fr\/savviry1\/wp-json\/wp\/v2\/tags?post=4814"}],"curies":[{"name":"wp","href":"https:\/\/api.w.org\/{rel}","templated":true}]}}