{"id":4821,"date":"2021-09-01T16:59:41","date_gmt":"2021-09-01T16:59:41","guid":{"rendered":"https:\/\/www.savigny-viry-catholique.fr\/?p=4821"},"modified":"2021-09-01T16:59:41","modified_gmt":"2021-09-01T16:59:41","slug":"2021-annee-st-joseph","status":"publish","type":"post","link":"https:\/\/demos.uptitude.fr\/savviry1\/2021-annee-st-joseph\/","title":{"rendered":"2021- Ann\u00e9e St Joseph"},"content":{"rendered":"<p><span style=\"font-size: 16px;\">Vitrail de l&rsquo;\u00e9glise St Martin de Savigny :\u00a0\u00bbLe songe de Joseph\u00a0\u00bb <\/span><\/p>\n<p><span style=\"font-size: 16px;\"><img fetchpriority=\"high\" decoding=\"async\" class=\"size-medium wp-image-4824 alignleft\" src=\"https:\/\/www.savigny-viry-catholique.fr\/wp-content\/uploads\/2021\/09\/20210622_171819-V1-202x300.jpg\" alt=\"\" width=\"202\" height=\"300\" \/>Le pape Fran\u00e7ois a d\u00e9cr\u00e9t\u00e9 une ann\u00e9e sp\u00e9ciale d\u00e9di\u00e9e \u00e0 saint Joseph. Commenc\u00e9e le 8 d\u00e9cembre 2020 jusqu\u2019au 8 d\u00e9cembre 2021. cette ann\u00e9e est<\/span><br \/>\n<span style=\"font-size: 16px;\">consacr\u00e9e \u00e0 saint Joseph, \u00e9poux de Marie et p\u00e8re adoptif de J\u00e9sus. Dans une d\u00e9marche spirituelle, nous sommes invit\u00e9s \u00e0 contempler son action et son attitude discr\u00e8tes, marqu\u00e9es par une grande densit\u00e9 et une efficacit\u00e9 ind\u00e9niable. Il est le saint patron des travailleurs. Saint Joseph, priez pour nous.<\/span><\/p>\n<p>&nbsp;<\/p>\n<p class=\"INTERTITRE2\"><span style=\"font-size: 16px;\">Lettre apostolique\u00a0<em>Patris corde<\/em>\u00a0du pape Fran\u00e7ois (2020)<\/span><\/p>\n<p><span style=\"font-size: 16px;\">Ce document, divis\u00e9 en sept points, offre une m\u00e9ditation en lien avec notre monde, sur les diff\u00e9rentes facettes de saint Joseph : \u00ab P\u00e8re aim\u00e9 \u00bb, \u00ab P\u00e8re dans la tendresse \u00bb, \u00ab P\u00e8re dans l\u2019ob\u00e9issance \u00bb, \u00ab P\u00e8re dans l\u2019accueil \u00bb, \u00ab P\u00e8re au courage cr\u00e9atif \u00bb, \u00ab P\u00e8re travailleur \u00bb et enfin \u00ab P\u00e8re dans l\u2019ombre \u00bb.\u00a0<a href=\"https:\/\/www.la-croix.com\/Urbi-et-Orbi\/Documentation-catholique\/Le-monde-besoin-peres-declare-pape-Francois-lancant-lAnnee-Saint-Joseph-2020-12-09-1201129150\" target=\"_self\" rel=\"noopener\"><strong>\u25ba Lire la suite<\/strong><\/a><\/span><\/p>\n<p>&nbsp;<\/p>\n<p>&nbsp;<\/p>\n<p>&nbsp;<\/p>\n<p style=\"text-align: center;\"><img decoding=\"async\" class=\"wp-image-4826 size-medium alignleft\" title=\"Joseph - sculpture de H Charlier.\" src=\"https:\/\/www.savigny-viry-catholique.fr\/wp-content\/uploads\/2021\/09\/St-Joseph-Cath-Issoire-copie01-165x300.jpg\" alt=\"\" width=\"165\" height=\"300\" \/><\/p>\n<p>&nbsp;<\/p>\n<p>Joseph &#8211; sculpture de Henri Charlier &#8211; Cath\u00e9drale d&rsquo;Issoire &#8211;<\/p>\n<p>En savoir plus :\u00a0<a href=\"https:\/\/catechese.catholique.fr\/outils\/expositions-evenements\/316224-2021-annee-speciale-eglise-dediee-saint-joseph\/\">https:\/\/catechese.catholique.fr\/outils\/expositions-evenements\/316224-2021-annee-speciale-eglise-dediee-saint-joseph\/<\/a><\/p>\n","protected":false},"excerpt":{"rendered":"<p>Vitrail de l&rsquo;\u00e9glise St Martin de Savigny :\u00a0\u00bbLe songe de Joseph\u00a0\u00bb Le pape Fran\u00e7ois a d\u00e9cr\u00e9t\u00e9 une ann\u00e9e sp\u00e9ciale d\u00e9di\u00e9e \u00e0 saint Joseph. Commenc\u00e9e le 8 d\u00e9cembre 2020 jusqu\u2019au 8 d\u00e9cembre 2021. cette ann\u00e9e est consacr\u00e9e \u00e0 saint Joseph,&hellip;<\/p>\n","protected":false},"author":990003,"featured_media":4824,"comment_status":"closed","ping_status":"closed","sticky":false,"template":"","format":"standard","meta":{"give_campaign_id":0,"footnotes":""},"categories":[1],"tags":[],"class_list":["post-4821","post","type-post","status-publish","format-standard","has-post-thumbnail","hentry","category-uncategorized"],"_links":{"self":[{"href":"https:\/\/demos.uptitude.fr\/savviry1\/wp-json\/wp\/v2\/posts\/4821","targetHints":{"allow":["GET"]}}],"collection":[{"href":"https:\/\/demos.uptitude.fr\/savviry1\/wp-json\/wp\/v2\/posts"}],"about":[{"href":"https:\/\/demos.uptitude.fr\/savviry1\/wp-json\/wp\/v2\/types\/post"}],"author":[{"embeddable":true,"href":"https:\/\/demos.uptitude.fr\/savviry1\/wp-json\/wp\/v2\/users\/990003"}],"replies":[{"embeddable":true,"href":"https:\/\/demos.uptitude.fr\/savviry1\/wp-json\/wp\/v2\/comments?post=4821"}],"version-history":[{"count":0,"href":"https:\/\/demos.uptitude.fr\/savviry1\/wp-json\/wp\/v2\/posts\/4821\/revisions"}],"wp:featuredmedia":[{"embeddable":true,"href":"https:\/\/demos.uptitude.fr\/savviry1\/wp-json\/"}],"wp:attachment":[{"href":"https:\/\/demos.uptitude.fr\/savviry1\/wp-json\/wp\/v2\/media?parent=4821"}],"wp:term":[{"taxonomy":"category","embeddable":true,"href":"https:\/\/demos.uptitude.fr\/savviry1\/wp-json\/wp\/v2\/categories?post=4821"},{"taxonomy":"post_tag","embeddable":true,"href":"https:\/\/demos.uptitude.fr\/savviry1\/wp-json\/wp\/v2\/tags?post=4821"}],"curies":[{"name":"wp","href":"https:\/\/api.w.org\/{rel}","templated":true}]}}