{"id":4855,"date":"2021-10-01T08:38:23","date_gmt":"2021-10-01T08:38:23","guid":{"rendered":"https:\/\/www.savigny-viry-catholique.fr\/?p=4855"},"modified":"2021-10-01T08:38:23","modified_gmt":"2021-10-01T08:38:23","slug":"vous-avez-dit-synodalite","status":"publish","type":"post","link":"https:\/\/demos.uptitude.fr\/savviry1\/vous-avez-dit-synodalite\/","title":{"rendered":"VOUS AVEZ DIT SYNODALIT\u00c9 ?"},"content":{"rendered":"<p><img fetchpriority=\"high\" decoding=\"async\" class=\" wp-image-4857 alignleft\" src=\"https:\/\/www.savigny-viry-catholique.fr\/wp-content\/uploads\/2021\/10\/Logotype-Synode-2021-2023_0-300x192.jpg\" alt=\"\" width=\"338\" height=\"216\" \/>Le Pape Fran\u00e7ois a lanc\u00e9 r\u00e9cemment une large consultation en vue d\u2019un synode \u00ab\u00a0 pour une \u00c9glise synodale : communion, participation et mission \u00bb.<\/p>\n<p>La pertinence des termes est ind\u00e9niable. A notre humble avis, ce projet engage l\u2019\u00c9glise \u00e0 travailler en se donnant des moyens et des rep\u00e8res pour vivre sa mission dans l\u2019unit\u00e9, la main dans la main au c\u0153ur des diverses situations historiques, g\u00e9ographiques et sociales dont elle est h\u00e9riti\u00e8re.<\/p>\n<p>La communion rejoint l\u2019articulation\u00a0: Peuple de Dieu, Corps du Christ et Temple de l\u2019Esprit Saint. Il s\u2019agit bien d\u2019un h\u00e9ritage et de la r\u00e9ception du Concile Vatican II.<\/p>\n<p>L\u2019union avec le Christ, t\u00eate du Corps eccl\u00e9sial et l\u2019union harmonieuse entre les fid\u00e8les constituent la communion, fondement et base de toute action au sein comme \u00e0 l\u2019ext\u00e9rieur de l\u2019\u00c9glise (ad intra et ad extra).<\/p>\n<p>C\u2019est alors qu\u2019une parole libre ou plut\u00f4t des prises de paroles libres peuvent jaillir en vue d\u2019une contribution de chacun \u00e0 l\u2019\u00e9dification d\u2019un vivre ensemble.<\/p>\n<p>Dans ce cadre s\u2019ouvre la mission en tant que proposition du message \u00e9vang\u00e9lique. Cette op\u00e9ration constitutive de la communaut\u00e9 chr\u00e9tienne suppose d\u2019une part, conversion des porteurs du message, et d\u2019autre part appel \u00e0 la conversion du monde et \u00e0 sa transformation selon l\u2019amour infini de Dieu. Cet amour est en fait r\u00e9v\u00e9lation du bonheur et source de joie \u00e9ternelle dans notre existence actuelle et dans le monde \u00e0 venir promis par le Christ. Toutes les luttes quotidiennes\u00a0: personnelles, communautaires et tout simplement humaines prennent ici tout leur sens. A chacun de se poser cette double question\u00a0: \u00e0 quelle (s) lutte (s) suis-je engag\u00e9 dans ma vie\u00a0? et pour quel but\u00a0?<\/p>\n<p>Deux \u00e9v\u00e9nements plus proches de nous r\u00e9sonnent avec cette proposition du Pape Fran\u00e7ois\u00a0:<\/p>\n<ul>\n<li>Notre \u00c9glise dioc\u00e9saine est en synode, quatri\u00e8me de son histoire en 55 ans d\u2019existence. Ceci r\u00e9sonne fort bien avec la synodalit\u00e9 promue par le saint P\u00e8re, cette fois appel\u00e9e \u00e0 \u00e9vang\u00e9liser en prenant soin.<\/li>\n<li>La semaine missionnaire mondiale du 17 au 24 octobre devrait renforcer tout cet \u00e9lan. En somme, les t\u00e9moins du Christ ne doivent pas se taire devant les enjeux du monde, notre maison commune. Si non, nous dit l\u2019\u00e9vangile selon saint Luc : \u00ab\u00a0 les pierres crieront ! \u00bb (Luc 19, 40). Alors comme t\u00e9moins de l\u2019Amour infini de Dieu r\u00e9v\u00e9l\u00e9 en J\u00e9sus-Christ, \u00ab il nous est impossible de nous taire ! \u00bb (Actes 4, 20). Au fond, Synodalit\u00e9 rime avec prise de parole responsable et constructive.<\/li>\n<\/ul>\n<p>Bonne rentr\u00e9e \u00e0 tous\u00a0!<\/p>\n<p>P\u00e8re Emmanuel BIDZOGO<\/p>\n<p>&nbsp;<\/p>\n<h1 class=\"entry-title\"><span style=\"font-size: 20px;\">Document pr\u00e9paratoire : \u201cPour une \u00e9glise synodale, communion, participation et mission\u201d <a href=\"https:\/\/eglise.catholique.fr\/vatican\/le-synode-2023\/synode-des-eveques-sur-la-synodalite-2021-2023\/518172-document-preparatoire-pour-une-eglise-synodale-communion-participation-et-mission\/\">voir le texte sur le site de la Conf\u00e9rence des Ev\u00eaques de France<\/a><\/span><\/h1>\n<p>&nbsp;<\/p>\n","protected":false},"excerpt":{"rendered":"<p>Le Pape Fran\u00e7ois a lanc\u00e9 r\u00e9cemment une large consultation en vue d\u2019un synode \u00ab\u00a0 pour une \u00c9glise synodale : communion, participation et mission \u00bb. La pertinence des termes est ind\u00e9niable. A notre humble avis, ce projet engage l\u2019\u00c9glise \u00e0&hellip;<\/p>\n","protected":false},"author":990006,"featured_media":4857,"comment_status":"closed","ping_status":"closed","sticky":false,"template":"","format":"standard","meta":{"give_campaign_id":0,"footnotes":""},"categories":[1],"tags":[],"class_list":["post-4855","post","type-post","status-publish","format-standard","has-post-thumbnail","hentry","category-uncategorized"],"_links":{"self":[{"href":"https:\/\/demos.uptitude.fr\/savviry1\/wp-json\/wp\/v2\/posts\/4855","targetHints":{"allow":["GET"]}}],"collection":[{"href":"https:\/\/demos.uptitude.fr\/savviry1\/wp-json\/wp\/v2\/posts"}],"about":[{"href":"https:\/\/demos.uptitude.fr\/savviry1\/wp-json\/wp\/v2\/types\/post"}],"author":[{"embeddable":true,"href":"https:\/\/demos.uptitude.fr\/savviry1\/wp-json\/wp\/v2\/users\/990006"}],"replies":[{"embeddable":true,"href":"https:\/\/demos.uptitude.fr\/savviry1\/wp-json\/wp\/v2\/comments?post=4855"}],"version-history":[{"count":0,"href":"https:\/\/demos.uptitude.fr\/savviry1\/wp-json\/wp\/v2\/posts\/4855\/revisions"}],"wp:featuredmedia":[{"embeddable":true,"href":"https:\/\/demos.uptitude.fr\/savviry1\/wp-json\/"}],"wp:attachment":[{"href":"https:\/\/demos.uptitude.fr\/savviry1\/wp-json\/wp\/v2\/media?parent=4855"}],"wp:term":[{"taxonomy":"category","embeddable":true,"href":"https:\/\/demos.uptitude.fr\/savviry1\/wp-json\/wp\/v2\/categories?post=4855"},{"taxonomy":"post_tag","embeddable":true,"href":"https:\/\/demos.uptitude.fr\/savviry1\/wp-json\/wp\/v2\/tags?post=4855"}],"curies":[{"name":"wp","href":"https:\/\/api.w.org\/{rel}","templated":true}]}}