{"id":4887,"date":"2022-01-11T18:26:22","date_gmt":"2022-01-11T18:26:22","guid":{"rendered":"https:\/\/www.savigny-viry-catholique.fr\/?p=4887"},"modified":"2022-01-11T18:26:22","modified_gmt":"2022-01-11T18:26:22","slug":"le-rapport-de-la-ciase","status":"publish","type":"post","link":"https:\/\/demos.uptitude.fr\/savviry1\/le-rapport-de-la-ciase\/","title":{"rendered":"Le rapport de la CIASE : les suites &#8230;"},"content":{"rendered":"<p>&nbsp;<\/p>\n<p>Essentiellement consacr\u00e9e \u00e0 la r\u00e9flexion et au travail li\u00e9 \u00e0 la r\u00e9ception du rapport de la CIASE (Commission ind\u00e9pendante sur les abus sexuels dans l\u2019\u00c9glise), l\u2019Assembl\u00e9e pl\u00e9ni\u00e8re de la Conf\u00e9rence des \u00e9v\u00eaques de France a adopt\u00e9 un certain nombre de r\u00e9solutions<!--more--><\/p>\n<p>&nbsp;<\/p>\n<h1 class=\"entry-title\"><a href=\"https:\/\/eglise.catholique.fr\/conference-des-eveques-de-france\/textes-et-declarations\/520492-resolutions-votees-par-les-eveques-de-france-en-assemblee-pleniere-le-8-novembre-2021\/\"><span style=\"font-size: 20px;\">Les r\u00e9solutions vot\u00e9es par les \u00e9v\u00eaques de France en Assembl\u00e9e pl\u00e9ni\u00e8re<\/span><\/a><\/h1>\n<p>&nbsp;<\/p>\n<p>Le rapport de la CIASE ( Rapport de la Commission Ind\u00e9pendante sur les Abus Sexuels dans l\u2019\u00c9glise ):fait la UNE de l&rsquo;actualit\u00e9 ces jours derniers.<\/p>\n<p>Voir ci-apr\u00e8s le texte de Mgr Eric de Moulins-Beaufort, pr\u00e9sident de la Conf\u00e9rence des \u00e9v\u00eaques de France et de<\/p>\n<p>S\u0153ur V\u00e9ronique Margron, op, pr\u00e9sidente de la Conf\u00e9rence des religieux et religieuses de France<\/p>\n<figure id=\"attachment_4884\" aria-describedby=\"caption-attachment-4884\" style=\"width: 300px\" class=\"wp-caption alignleft\"><img fetchpriority=\"high\" decoding=\"async\" class=\"size-medium wp-image-4884\" src=\"https:\/\/www.savigny-viry-catholique.fr\/wp-content\/uploads\/2021\/10\/president-Ciase-Jean-Marc-Sauve-remet-copie-rapport-sexuels-lEglise-Mgr-Eric-Moulins-Beaufort-president-Commission-eveques-France-mardi-5-octobre_0-300x200.jpg\" alt=\"\" width=\"300\" height=\"200\" \/><figcaption id=\"caption-attachment-4884\" class=\"wp-caption-text\"><em><span style=\"font-size: 12px;\">Commission president Jean-Marc Sauve (L), .\u00a0\u00bb (Photo by Thomas COEX \/ POOL \/ AFP)<\/span><\/em><\/figcaption><\/figure>\n<p><em><strong>\u00ab\u00a0Honte, gratitude, d\u00e9termination.<\/strong><\/em><br \/>\n<em>Au nom de la Conf\u00e9rence des \u00e9v\u00eaques de France et de la Conf\u00e9rence des Religieux et Religieuses de France, nous<\/em><br \/>\n<em>avons re\u00e7u aujourd\u2019hui (*) le rapport r\u00e9dig\u00e9 par la Commission ind\u00e9pendante sur les abus sexuels dans l\u2019\u00c9glise (CIASE)<\/em><br \/>\n<em>que nos Conf\u00e9rences avaient demand\u00e9 \u00e0 M. Jean-Marc Sauv\u00e9, vice-pr\u00e9sident honoraire du Conseil d\u2019\u00c9tat, de pr\u00e9sider,<\/em><br \/>\n<em>constituer et piloter.<\/em><br \/>\n<em>Nous voulons avant tout remercier M. Sauv\u00e9 et l\u2019ensemble de la commission, ainsi que les \u00e9quipes qu\u2019elle s\u2019est<\/em><br \/>\n<em>adjointes, pour leur immense et indispensable travail. Nous mesurons combien il a pu \u00e9prouver chacune et chacun. Ses<\/em><br \/>\n<em>r\u00e9sultats sont extr\u00eamement lourds. Ils montrent une r\u00e9alit\u00e9 effroyable que nous ne pouvions imaginer en termes de<\/em><br \/>\n<em>nombre de victimes, de pourcentage de pr\u00eatres et religieux auteurs de ces crimes, de d\u00e9faillances qui ont rendu possible<\/em><br \/>\n<em>que certains parviennent \u00e0 s\u00e9vir durant des d\u00e9cennies et que si peu soient poursuivis.<\/em><br \/>\n<em>Devant tant de vies bris\u00e9es, souvent d\u00e9truites, nous avons honte et sommes indign\u00e9s.<\/em><br \/>\n<em>Notre pens\u00e9e et notre immense peine, comme femmes et hommes, comme \u00e9v\u00eaques ou sup\u00e9rieures et sup\u00e9rieurs<\/em><br \/>\n<em>d\u2019instituts religieux, vont avant tout aux personnes victimes ; celles qui ont pu parler, celles qui n\u2019ont pu le faire encore ou<\/em><br \/>\n<em>ne le pourront jamais et celles qui sont mortes. Rien ne peut justifier qu\u2019elles n\u2019aient pas \u00e9t\u00e9 entendues, crues,<\/em><br \/>\n<em>soutenues, ni que la plupart des coupables n\u2019aient pas \u00e9t\u00e9 signal\u00e9s et jug\u00e9s.<\/em><br \/>\n<em>Nous mesurons plus que jamais le courage des personnes victimes qui ont os\u00e9 parler et nous exprimons notre profonde<\/em><br \/>\n<em>reconnaissance \u00e0 celles et ceux qui ont accept\u00e9 de travailler \u00e0 nos c\u00f4t\u00e9s.<\/em><br \/>\n<em>Nous redisons solennellement notre d\u00e9termination \u00e0 mettre en \u0153uvre les orientations et les d\u00e9cisions n\u00e9cessaires afin<\/em><br \/>\n<em>qu\u2019un tel scandale ne puisse se reproduire. Nous remercions vivement celles et ceux qui nous y aident.<\/em><br \/>\n<em>Nous savons que le chemin est encore long pour esp\u00e9rer m\u00e9riter le pardon des victimes et qu\u2019il nous faut \u00ab faire nos<\/em><br \/>\n<em>preuves \u00bb.<\/em><br \/>\n<em>Nos deux conf\u00e9rences, celles des \u00e9v\u00eaques et celle des religieuses et religieux, vont chacune \u00e9tudier ce rapport et<\/em><br \/>\n<em>l\u2019ensemble des 45 recommandations de la CIASE. L\u2019assembl\u00e9e pl\u00e9ni\u00e8re des \u00e9v\u00eaques et l\u2019assembl\u00e9e g\u00e9n\u00e9rale de la<\/em><br \/>\n<em>CORREF qui se tiendront au mois de novembre permettront d\u2019adopter les mesures qui para\u00eetront justes et n\u00e9cessaires<\/em><br \/>\n<em>en fonction des d\u00e9cisions d\u00e9j\u00e0 prises par chacune de nos conf\u00e9rences.<\/em><br \/>\n<em>Nous encourageons vivement l\u2019ensemble de l\u2019\u00c9glise catholique en S\u0153ur, paroisses, mouvements, communaut\u00e9s<\/em><br \/>\n<em>religieuses, etc., \u00e0 prendre connaissance du rapport de la CIASE, aussi douloureux soit-il, et \u00e0 inviter leurs membres \u00e0 en<\/em><br \/>\n<em>parler les uns avec les autres. C\u2019est l\u00e0 notre devoir moral pour les personnes victimes et leurs proches et aussi pour les<\/em><br \/>\n<em>g\u00e9n\u00e9rations \u00e0 venir : regarder cette terrible r\u00e9alit\u00e9 pour pouvoir ensemble y faire face et travailler \u00e0 une \u00c9glise plus digne<\/em><br \/>\n<em>de l\u2019humanit\u00e9 et du Christ qu\u2019elle annonce.<\/em><\/p>\n<p>Mnseigneur Eric de Moulins-Beaufort, Archev\u00eaque de Reims, pr\u00e9sident de la Conf\u00e9rence des \u00e9v\u00eaques de France<br \/>\nS\u0153ur V\u00e9ronique Margron, op, pr\u00e9sidente de la Conf\u00e9rence des religieux et religieuses de France<\/p>\n<p>(*5 octobre)<\/p>\n<p>&nbsp;<\/p>\n<p><span style=\"font-size: 20px;\"><strong>Le pr\u00e9sident de la CIASE r\u00e9pond aux critiques de l&rsquo;Acad\u00e9mie Catholique<\/strong><\/span><\/p>\n<p><a href=\"https:\/\/www.la-croix.com\/Religion\/Jean-Marc-Sauve-ligne-Ciase-rigueur-dignite-lobjectivite-2022-02-09-1201199426\"><span style=\"color: #ff6600; font-size: 20px;\"><strong>A lire ICI<\/strong><\/span><\/a><\/p>\n<p>&nbsp;<\/p>\n<p>&nbsp;<\/p>\n<p>&nbsp;<\/p>\n<p><strong><span style=\"font-size: 20px;\">Plus d&rsquo;information sur le site du dioc\u00e8se<a href=\"https:\/\/evry.catholique.fr\/rapport-de-la-commission-independante-sur-les-abus-sexuels-dans-leglise-honte-gratitude-determination\/\"> \u00e0 lire ICI\u00a0<\/a><\/span><\/strong><\/p>\n<p><span style=\"font-size: 20px;\"><strong>Vous pouvez t\u00e9l\u00e9charge<a href=\"https:\/\/www.ciase.fr\/medias\/Ciase-Rapport-5-octobre-2021-Resume.pdf\"> le r\u00e9sum\u00e9 du rapport ICI<\/a><\/strong><\/span><\/p>\n<p><a href=\"https:\/\/www.youtube.com\/watch?v=jaWy_s2v9P0&amp;t=248s\"><img decoding=\"async\" class=\"size-full wp-image-4885 alignleft\" src=\"https:\/\/www.savigny-viry-catholique.fr\/wp-content\/uploads\/2021\/10\/catho-face-au-choc.jpg\" alt=\"\" width=\"300\" height=\"168\" \/><\/a><\/p>\n<p>&nbsp;<\/p>\n<p>&nbsp;<\/p>\n<p><span style=\"font-size: 16px;\"><strong>Soeur V\u00e9ronique Margron et trois autres personnalit\u00e9s r\u00e9agissent au rapport pour \u00ab\u00a0La Croix\u00a0\u00bb<\/strong><\/span><\/p>\n<p><a href=\"https:\/\/www.youtube.com\/watch?v=jaWy_s2v9P0&amp;t=248s\"><strong><span style=\"font-size: 20px;\">voir la video ICI<\/span><\/strong><\/a><\/p>\n<p>&nbsp;<\/p>\n<p>&nbsp;<\/p>\n<p>&#8212;&#8212;&#8212;&#8212;&#8212;&#8212;&#8212;&#8212;&#8212;&#8212;&#8212;&#8212;&#8212;&#8212;&#8212;&#8212;&#8212;&#8212;&#8212;&#8212;&#8212;&#8212;&#8212;&#8212;&#8212;&#8212;&#8212;&#8212;&#8212;&#8212;&#8212;&#8212;&#8212;&#8212;&#8212;&#8212;&#8212;&#8212;&#8212;&#8212;&#8212;&#8212;&#8212;&#8212;&#8212;&#8212;&#8212;&#8212;&#8212;&#8212;&#8212;&#8212;&#8212;&#8212;&#8212;&#8212;&#8212;&#8212;&#8212;&#8212;&#8212;&#8212;&#8212;&#8212;&#8212;&#8212;&#8212;&#8212;&#8212;&#8212;&#8212;&#8212;&#8212;&#8212;&#8211;<\/p>\n<p><strong><img decoding=\"async\" class=\"size-medium wp-image-4977 alignleft\" src=\"https:\/\/www.savigny-viry-catholique.fr\/wp-content\/uploads\/2021\/11\/enfant-qui-pleure-scaled-1-300x210.jpg\" alt=\"\" width=\"300\" height=\"210\" \/><\/strong><\/p>\n<p><span style=\"font-size: 20px; color: #ff6600;\"><strong>Le <a href=\"https:\/\/evry.catholique.fr\/eveque\/message-de-mgr-pansard-de-retour-de-lourdes\/\">message de Michel Pansard , \u00e9v\u00eaque du dioc\u00e8se d&rsquo;Evry-Corbeil-Essonnes, \u00e0 son retour de Lourdes est \u00e0 lire ici<\/a><\/strong><\/span><\/p>\n<p>&nbsp;<\/p>\n<p><strong><span style=\"font-size: 16px;\">Vendredi 5 novembre : Les \u00e9v\u00eaques ont reconnu la responsabilit\u00e9 institutionnelle de l\u2019\u00c9glise dans les violences subies par les personnes victimes.<\/span><\/strong><\/p>\n<h1 class=\"\"><span style=\"font-size: 20px;\">Retour sur l\u2019Assembl\u00e9e pl\u00e9ni\u00e8re \u2013 novembre 2021 et r\u00e9solutions adopt\u00e9es.<a href=\"https:\/\/evry.catholique.fr\/retour-sur-lassemblee-pleniere-novembre-2021-et-resolutions-adoptees\/\"> cliquez ICI\u00a0<\/a><\/span><\/h1>\n<p>&nbsp;<\/p>\n<p>&nbsp;<\/p>\n","protected":false},"excerpt":{"rendered":"<p>&nbsp; Essentiellement consacr\u00e9e \u00e0 la r\u00e9flexion et au travail li\u00e9 \u00e0 la r\u00e9ception du rapport de la CIASE (Commission ind\u00e9pendante sur les abus sexuels dans l\u2019\u00c9glise), l\u2019Assembl\u00e9e pl\u00e9ni\u00e8re de la Conf\u00e9rence des \u00e9v\u00eaques de France a adopt\u00e9 un certain&hellip;<\/p>\n","protected":false},"author":990003,"featured_media":4977,"comment_status":"closed","ping_status":"closed","sticky":false,"template":"","format":"standard","meta":{"give_campaign_id":0,"footnotes":""},"categories":[1],"tags":[],"class_list":["post-4887","post","type-post","status-publish","format-standard","has-post-thumbnail","hentry","category-uncategorized"],"_links":{"self":[{"href":"https:\/\/demos.uptitude.fr\/savviry1\/wp-json\/wp\/v2\/posts\/4887","targetHints":{"allow":["GET"]}}],"collection":[{"href":"https:\/\/demos.uptitude.fr\/savviry1\/wp-json\/wp\/v2\/posts"}],"about":[{"href":"https:\/\/demos.uptitude.fr\/savviry1\/wp-json\/wp\/v2\/types\/post"}],"author":[{"embeddable":true,"href":"https:\/\/demos.uptitude.fr\/savviry1\/wp-json\/wp\/v2\/users\/990003"}],"replies":[{"embeddable":true,"href":"https:\/\/demos.uptitude.fr\/savviry1\/wp-json\/wp\/v2\/comments?post=4887"}],"version-history":[{"count":0,"href":"https:\/\/demos.uptitude.fr\/savviry1\/wp-json\/wp\/v2\/posts\/4887\/revisions"}],"wp:featuredmedia":[{"embeddable":true,"href":"https:\/\/demos.uptitude.fr\/savviry1\/wp-json\/"}],"wp:attachment":[{"href":"https:\/\/demos.uptitude.fr\/savviry1\/wp-json\/wp\/v2\/media?parent=4887"}],"wp:term":[{"taxonomy":"category","embeddable":true,"href":"https:\/\/demos.uptitude.fr\/savviry1\/wp-json\/wp\/v2\/categories?post=4887"},{"taxonomy":"post_tag","embeddable":true,"href":"https:\/\/demos.uptitude.fr\/savviry1\/wp-json\/wp\/v2\/tags?post=4887"}],"curies":[{"name":"wp","href":"https:\/\/api.w.org\/{rel}","templated":true}]}}