{"id":4891,"date":"2022-01-12T18:26:58","date_gmt":"2022-01-12T18:26:58","guid":{"rendered":"https:\/\/www.savigny-viry-catholique.fr\/?p=4891"},"modified":"2022-01-12T18:26:58","modified_gmt":"2022-01-12T18:26:58","slug":"synode-sur-la-synodalite","status":"publish","type":"post","link":"https:\/\/demos.uptitude.fr\/savviry1\/synode-sur-la-synodalite\/","title":{"rendered":"Synode sur la synodalit\u00e9"},"content":{"rendered":"<p>&nbsp;<\/p>\n<p>Depuis\u00a0 \u00a0<span style=\"font-size: 16px;\"><strong>le 17 octobre 2021<\/strong><\/span> , la d\u00e9marche synodale demand\u00e9e par le Pape Fran\u00e7ois est en cours : \u00ab\u00a0<em><span style=\"font-size: 16px; color: #993366;\">ce projet engage l\u2019\u00c9glise \u00e0 travailler en se donnant des moyens et des rep\u00e8res pour vivre sa mission dans l\u2019unit\u00e9, la main dans la main au c\u0153ur des diverses situations historiques, g\u00e9ographiques et sociales dont elle est h\u00e9riti\u00e8re.\u00a0\u00bb&#8230;\/&#8230;<\/span><\/em><!--more--><\/p>\n<p><img fetchpriority=\"high\" decoding=\"async\" class=\"size-medium wp-image-4897 alignleft\" src=\"https:\/\/www.savigny-viry-catholique.fr\/wp-content\/uploads\/2021\/10\/synodes-eveques-21-23-300x190.jpg\" alt=\"\" width=\"300\" height=\"190\" \/><\/p>\n<p>&nbsp;<\/p>\n<p><span style=\"font-size: 16px; color: #993366;\"><strong>Le Pape Fran\u00e7ois a lanc\u00e9 r\u00e9cemment une large consultation en vue d\u2019un synode \u00ab\u00a0 pour une \u00c9glise synodale : communion, participation et mission \u00bb.<\/strong><\/span><\/p>\n<p><span style=\"font-size: 16px; color: #993366;\"><strong>La pertinence des termes est ind\u00e9niable. A notre humble avis, ce projet engage l\u2019\u00c9glise \u00e0 travailler en se donnant des moyens et des rep\u00e8res pour vivre sa mission dans l\u2019unit\u00e9, la main dans la main au c\u0153ur des diverses situations historiques, g\u00e9ographiques et sociales dont elle est h\u00e9riti\u00e8re.<\/strong><\/span><\/p>\n<p><span style=\"font-size: 16px; color: #993366;\"><strong>La communion rejoint l\u2019articulation\u00a0: Peuple de Dieu, Corps du Christ et Temple de l\u2019Esprit Saint. Il s\u2019agit bien d\u2019un h\u00e9ritage et de la r\u00e9ception du Concile Vatican II.<\/strong><\/span><\/p>\n<p><span style=\"font-size: 16px; color: #993366;\"><strong>L\u2019union avec le Christ, t\u00eate du Corps eccl\u00e9sial et l\u2019union harmonieuse entre les fid\u00e8les constituent la communion, fondement et base de toute action au sein comme \u00e0 l\u2019ext\u00e9rieur de l\u2019\u00c9glise (ad intra et ad extra).<\/strong><\/span><\/p>\n<p><span style=\"font-size: 16px; color: #993366;\"><strong>C\u2019est alors qu\u2019une parole libre ou plut\u00f4t des prises de paroles libres peuvent jaillir en vue d\u2019une contribution de chacun \u00e0 l\u2019\u00e9dification d\u2019un vivre ensemble.<\/strong><\/span><\/p>\n<p><span style=\"font-size: 16px; color: #993366;\"><strong>Dans ce cadre s\u2019ouvre la mission en tant que proposition du message \u00e9vang\u00e9lique. Cette op\u00e9ration constitutive de la communaut\u00e9 chr\u00e9tienne suppose d\u2019une part, conversion des porteurs du message, et d\u2019autre part appel \u00e0 la conversion du monde et \u00e0 sa transformation selon l\u2019amour infini de Dieu. Cet amour est en fait r\u00e9v\u00e9lation du bonheur et source de joie \u00e9ternelle dans notre existence actuelle et dans le monde \u00e0 venir promis par le Christ. Toutes les luttes quotidiennes\u00a0: personnelles, communautaires et tout simplement humaines prennent ici tout leur sens. A chacun de se poser cette double question\u00a0: \u00e0 quelle (s) lutte (s) suis-je engag\u00e9 dans ma vie\u00a0? et pour quel but\u00a0?<\/strong><\/span><\/p>\n<p><span style=\"font-size: 16px; color: #993366;\"><strong>Deux \u00e9v\u00e9nements plus proches de nous r\u00e9sonnent avec cette proposition du Pape Fran\u00e7ois\u00a0:<\/strong><\/span><\/p>\n<ul>\n<li><span style=\"font-size: 16px; color: #993366;\"><strong>Notre \u00c9glise dioc\u00e9saine est en synode, quatri\u00e8me de son histoire en 55 ans d\u2019existence. Ceci r\u00e9sonne fort bien avec la synodalit\u00e9 promue par le saint P\u00e8re, cette fois appel\u00e9e \u00e0 \u00e9vang\u00e9liser en prenant soin.<\/strong><\/span><\/li>\n<li><span style=\"font-size: 16px; color: #993366;\"><strong>La semaine missionnaire mondiale du 17 au 24 octobre devrait renforcer tout cet \u00e9lan. En somme, les t\u00e9moins du Christ ne doivent pas se taire devant les enjeux du monde, notre maison commune. Si non, nous dit l\u2019\u00e9vangile selon saint Luc : \u00ab\u00a0 les pierres crieront ! \u00bb (Luc 19, 40). Alors comme t\u00e9moins de l\u2019Amour infini de Dieu r\u00e9v\u00e9l\u00e9 en J\u00e9sus-Christ, \u00ab il nous est impossible de nous taire ! \u00bb (Actes 4, 20). Au fond, Synodalit\u00e9 rime avec prise de parole responsable et constructive.<\/strong><\/span><\/li>\n<\/ul>\n<p><span style=\"font-size: 16px; color: #993366;\"><strong>P\u00e8re Emmanuel BIDZOGO<\/strong><\/span><\/p>\n<p><a href=\"https:\/\/www.youtube.com\/watch?v=C8U5mHsOZpM\"><strong><span style=\"font-size: 16px;\"><span style=\"color: #ff00ff;\"><em><img decoding=\"async\" class=\"size-medium wp-image-4955 alignleft\" src=\"https:\/\/www.savigny-viry-catholique.fr\/wp-content\/uploads\/2021\/11\/Synodesynodalite-300x171.jpg\" alt=\"\" width=\"300\" height=\"171\" \/><\/em><\/span><\/span><\/strong><\/a><\/p>\n<p><strong><span style=\"font-size: 16px;\"><span style=\"color: #ff00ff;\"><em>Le lancement du synode sur la synodalit\u00e9 a \u00e9t\u00e9 fait par Michel Pansard \u00e9v\u00eaque \u00a0d\u2019\u00c9vry-Corbeil-Essonnes, samedi 16 octobre, lors de la messe \u00e0 l\u2019\u00e9glise du Saint-Esprit de Viry-Ch\u00e2tillon, messe paroissiale au cours de laquelle \u00e9taient c\u00e9l\u00e9br\u00e9es des confirmations de jeunes du secteur pastoral de Savigny-Viry<\/em><\/span>. <a href=\"https:\/\/evry.catholique.fr\/video\/lancement-du-synode-sur-la-synodalite\/\"><span style=\"color: #0000ff;\">VOIR ICI\u00a0<\/span><\/a><\/span><\/strong><\/p>\n<p>&nbsp;<\/p>\n<p>&nbsp;<\/p>\n<p>&nbsp;<\/p>\n<p>&nbsp;<\/p>\n<p>L\u2019\u00c9glise de Dieu est convoqu\u00e9e en Synode : un temps d\u2019\u00e9coute, de dialogue et de discernement que l\u2019\u00c9glise tout enti\u00e8re entend mener au cours des deux prochaines ann\u00e9es afin de mieux r\u00e9pondre \u00e0 sa mission d\u2019annoncer la Bonne Nouvelle de J\u00e9sus-Christ au monde entier. C\u2019est un \u00e9v\u00e8nement important de l\u2019Eglise locale et universelle, <strong>un \u00e9v\u00e8nement<\/strong> qui <span style=\"font-size: 16px;\"><strong>concerne tous les chr\u00e9tiens fid\u00e8les\u00a0la\u00efcs, clercs et personnes consacr\u00e9es<\/strong>.<\/span> Ce cheminement, sous le titre<span style=\"color: #0000ff;\"> <span style=\"font-size: 16px;\"><strong>\u00ab Pour une \u00c9glise\u00a0 synodale : communion, participation et mission \u00bb<\/strong><\/span>,<\/span> s\u2019est ouvert solennellement les 9-10 octobre 2021 \u00e0\u00a0 Rome et le 17 octobre\u00a0dans les autres \u00c9glises particuli\u00e8res.<\/p>\n<p><em>\u00ab\u00a0&#8230;le Pape Fran\u00e7ois invite l\u2019\u00c9glise enti\u00e8re \u00e0 s\u2019interroger sur un\u00a0 th\u00e8me d\u00e9cisif pour sa vie et sa mission : \u00ab Le chemin de la synodalit\u00e9 est pr\u00e9cis\u00e9ment celui que Dieu\u00a0 attend de l\u2019\u00c9glise du troisi\u00e8me mill\u00e9naire \u00bb Cet itin\u00e9raire, qui s\u2019inscrit dans le sillage de\u00a0 l\u2019\u201c aggiornamento\u00a0\u201d de l\u2019\u00c9glise propos\u00e9 par le\u00a0<a class=\"glossary-term\" title=\"R\u00e9union de l'ensemble des \u00e9v\u00eaques.\" href=\"https:\/\/eglise.catholique.fr\/glossaire\/concile\">Concile <\/a><a class=\"glossary-term\" title=\"Concile oecum\u00e9nique ouvert par le pape Jean XXIII qui r\u00e9unit \u00e0 Rome tous les \u00e9v\u00eaques du monde.\" href=\"https:\/\/eglise.catholique.fr\/glossaire\/vatican-ii\">Vatican II<\/a>, est un don et un devoir : en\u00a0 cheminant ensemble et en r\u00e9fl\u00e9chissant ensemble sur le parcours accompli, l\u2019\u00c9glise pourra apprendre, de ce dont elle fera l\u2019exp\u00e9rience, quels processus peuvent l\u2019aider \u00e0 vivre la communion, \u00e0 r\u00e9aliser la\u00a0 participation et \u00e0 s\u2019ouvrir \u00e0 la mission. Notre \u201c marche ensemble \u201d est, de fait, ce qui r\u00e9alise et\u00a0 manifeste le plus la nature de l\u2019\u00c9glise comme Peuple de Dieu p\u00e8lerin et missionnaire.\u00a0\u00bb (<\/em>source :Conf\u00e9rence des Ev\u00eaques de France &#8211;<a href=\"https:\/\/eglise.catholique.fr\/vatican\/le-synode-2023\/synode-des-eveques-sur-la-synodalite-2021-2023\/518172-document-preparatoire-pour-une-eglise-synodale-communion-participation-et-mission\/\"> voir IC<\/a>I)<\/p>\n<h4><\/h4>\n<p><strong><span style=\"font-size: 16px; color: #ff6600;\"> En octobre 2021, le groupe Galates avait invit\u00e9 le fr\u00e8re Herv\u00e9 Legrand \u00e0 donner une conf\u00e9rence \u00e0 Savigny sur ce th\u00e8me,<em>\u00a0\u00bb l&rsquo;Eglise et la synodalit\u00e9\u00a0\u00bb<\/em><a style=\"color: #ff6600;\" href=\"https:\/\/evry.catholique.fr\/wp-content\/uploads\/2022\/01\/21_10_16_CR_conf.HerveLegrand.pdf\"> le compte-rendu de cette conf\u00e9rence est disponible\u00a0 ICI\u00a0<\/a><\/span><\/strong><\/p>\n<p>&nbsp;<\/p>\n<h4>Documents \u00e0 t\u00e9l\u00e9charger<\/h4>\n<ul>\n<li><a href=\"https:\/\/evry.catholique.fr\/wp-content\/uploads\/2021\/10\/themes-et-questions_synode-synodalite.pdf\"><strong><em>les 10 th\u00e8mes<\/em><\/strong><\/a><\/li>\n<li><a href=\"https:\/\/evry.catholique.fr\/wp-content\/uploads\/2021\/10\/2021-10-13_Documents-Preparatoires.pdf\"><strong><em>le document pr\u00e9paratoire<\/em><\/strong><\/a><\/li>\n<li><strong><em><a href=\"https:\/\/evry.catholique.fr\/wp-content\/uploads\/2021\/10\/2021-10-13_Vademecum_Pour-une-Eglise-Synodale.pdf\">le vademecum<\/a><\/em><\/strong><\/li>\n<\/ul>\n<p>&nbsp;<\/p>\n<p>&nbsp;<\/p>\n<p>&nbsp;<\/p>\n<p><span style=\"font-size: 16px;\"><strong>Le message de Michel Pansard , \u00e9v\u00eaque d&rsquo;Evry-Corbeil Essonnes <a href=\"https:\/\/evry.catholique.fr\/eveque\/synode-des-eveques-sur-la-synodalite\/\">est \u00e0 lire ici<\/a><\/strong><\/span><\/p>\n","protected":false},"excerpt":{"rendered":"<p>&nbsp; Depuis\u00a0 \u00a0le 17 octobre 2021 , la d\u00e9marche synodale demand\u00e9e par le Pape Fran\u00e7ois est en cours : \u00ab\u00a0ce projet engage l\u2019\u00c9glise \u00e0 travailler en se donnant des moyens et des rep\u00e8res pour vivre sa mission dans l\u2019unit\u00e9,&hellip;<\/p>\n","protected":false},"author":990003,"featured_media":5211,"comment_status":"closed","ping_status":"closed","sticky":false,"template":"","format":"standard","meta":{"give_campaign_id":0,"footnotes":""},"categories":[1],"tags":[],"class_list":["post-4891","post","type-post","status-publish","format-standard","has-post-thumbnail","hentry","category-uncategorized"],"_links":{"self":[{"href":"https:\/\/demos.uptitude.fr\/savviry1\/wp-json\/wp\/v2\/posts\/4891","targetHints":{"allow":["GET"]}}],"collection":[{"href":"https:\/\/demos.uptitude.fr\/savviry1\/wp-json\/wp\/v2\/posts"}],"about":[{"href":"https:\/\/demos.uptitude.fr\/savviry1\/wp-json\/wp\/v2\/types\/post"}],"author":[{"embeddable":true,"href":"https:\/\/demos.uptitude.fr\/savviry1\/wp-json\/wp\/v2\/users\/990003"}],"replies":[{"embeddable":true,"href":"https:\/\/demos.uptitude.fr\/savviry1\/wp-json\/wp\/v2\/comments?post=4891"}],"version-history":[{"count":0,"href":"https:\/\/demos.uptitude.fr\/savviry1\/wp-json\/wp\/v2\/posts\/4891\/revisions"}],"wp:featuredmedia":[{"embeddable":true,"href":"https:\/\/demos.uptitude.fr\/savviry1\/wp-json\/"}],"wp:attachment":[{"href":"https:\/\/demos.uptitude.fr\/savviry1\/wp-json\/wp\/v2\/media?parent=4891"}],"wp:term":[{"taxonomy":"category","embeddable":true,"href":"https:\/\/demos.uptitude.fr\/savviry1\/wp-json\/wp\/v2\/categories?post=4891"},{"taxonomy":"post_tag","embeddable":true,"href":"https:\/\/demos.uptitude.fr\/savviry1\/wp-json\/wp\/v2\/tags?post=4891"}],"curies":[{"name":"wp","href":"https:\/\/api.w.org\/{rel}","templated":true}]}}