{"id":4899,"date":"2021-10-19T19:20:59","date_gmt":"2021-10-19T19:20:59","guid":{"rendered":"https:\/\/www.savigny-viry-catholique.fr\/?p=4899"},"modified":"2021-10-19T19:20:59","modified_gmt":"2021-10-19T19:20:59","slug":"semaine-missionnaire-mondiale","status":"publish","type":"post","link":"https:\/\/demos.uptitude.fr\/savviry1\/semaine-missionnaire-mondiale\/","title":{"rendered":"SEMAINE MISSIONNAIRE MONDIALE"},"content":{"rendered":"<p>Du 17 au 24 octobre 2021, pri\u00e8re, partage pour soutenir la vie et la mission des \u00c9glises <!--more--><\/p>\n<h4>Fond\u00e9e par <a href=\"http:\/\/paulinejaricot.opm-france.org\/\">Pauline Jaricot<\/a> (1799-1862) en 1822, l&rsquo;Association\u00a0 pour la Propagation de la Foi est devenue au fil du temps\u00a0 \u00a0\u00bb \u0152uvres Pontificales Missionnaires\u00a0\u00bb. Pour amplifier le travail de ces \u00ab\u00a0oeuvres\u00a0\u00bb, le pape Pie XI accepte de cr\u00e9er une Journ\u00e9e Missionnaire Mondiale en 1926 pour qu\u2019elle soit <em>\u00abla f\u00eate de la catholicit\u00e9 et de la solidarit\u00e9 universelle\u00bb<\/em>.<\/h4>\n<p><img fetchpriority=\"high\" decoding=\"async\" class=\"alignnone size-medium wp-image-4901\" src=\"https:\/\/www.savigny-viry-catholique.fr\/wp-content\/uploads\/2021\/10\/2021-Sem-Miss-mond-300x193.jpg\" alt=\"\" width=\"300\" height=\"193\" \/><\/p>\n<p>&nbsp;<\/p>\n<h4>Message du pape Fran\u00e7ois \u00e0 l&rsquo;occasion de cette semaine misionnaire<\/h4>\n<p><span style=\"font-size: 16px; color: #0000ff;\"><strong>\u00ab Il nous est impossible de nous taire sur ce que nous avons vu et entendu \u00bb (Ac 4, 20)<\/strong><\/span><\/p>\n<p><em>Chers fr\u00e8res et s\u0153urs<\/em>,<\/p>\n<p>Quand nous exp\u00e9rimentons la force de l\u2019amour de Dieu, quand nous reconnaissons sa pr\u00e9sence de P\u00e8re dans notre vie personnelle et communautaire, il nous est impossible de ne pas annoncer et partager ce que\u00a0<em>nous avons vu et entendu<\/em>. La relation de J\u00e9sus avec ses disciples, son humanit\u00e9 qui se r\u00e9v\u00e8le \u00e0 nous dans le myst\u00e8re de l\u2019incarnation, dans son \u00c9vangile et dans sa P\u00e2que nous font voir jusqu\u2019\u00e0 quel point Dieu aime notre humanit\u00e9 et fait siennes nos joies et nos souffrances, nos d\u00e9sirs et nos angoisses (cf.Conc. \u0153cum. Vat. II,\u00a0 Const.past.\u00a0<em><a href=\"http:\/\/www.vatican.va\/archive\/hist_councils\/ii_vatican_council\/documents\/vat-ii_const_19651207_gaudium-et-spes_fr.html\">Gaudium et spes<\/a>,\u00a0<\/em>n. 22). Tout dans le Christ nous rappelle que le monde dans lequel nous vivons et son besoin de r\u00e9demption ne lui sont pas \u00e9trangers et nous invite \u00e9galement \u00e0 nous sentir partie active de cette mission\u00a0: \u00ab Allez donc aux crois\u00e9es des chemins : tous ceux que vous trouverez, invitez-les \u00bb (<em>Mt<\/em>\u00a022, 9)\u00a0; personne n\u2019est \u00e9tranger, personne ne peut se sentir \u00e9tranger ou \u00e9loign\u00e9 de cet amour de compassion.<\/p>\n<h5><em><strong>L\u2019exp\u00e9rience de<\/strong><\/em><strong>s\u00a0<em>ap\u00f4tres<\/em><\/strong><\/h5>\n<p>L\u2019histoire de l\u2019\u00e9vang\u00e9lisation commence par une recherche passionn\u00e9e du Seigneur qui appelle et veut engager avec chaque personne, l\u00e0 o\u00f9 elle se trouve, un dialogue d\u2019amiti\u00e9 (cf.\u00a0<em>Jn<\/em>\u00a015, 12-17). Les Ap\u00f4tres sont les premiers \u00e0 nous rapporter cela, se rappelant m\u00eame le jour et l\u2019heure o\u00f9 ils le rencontr\u00e8rent\u00a0:\u00a0<em>\u00abC\u2019\u00e9tait vers quatre heures de l\u2019apr\u00e8s-midi \u00bb\u00a0<\/em>(<em>Jn<\/em>\u00a01, 39). L\u2019amiti\u00e9 avec le Seigneur, le voir gu\u00e9rir les malades, manger avec les p\u00e9cheurs, nourrir les affam\u00e9s, s\u2019approcher des exclus, toucher les personnes impures, s\u2019identifier aux n\u00e9cessiteux, inviter aux b\u00e9atitudes, enseigner d\u2019une mani\u00e8re nouvelle et pleine d\u2019autorit\u00e9, laisse une empreinte ind\u00e9l\u00e9bile capable de susciter l\u2019\u00e9tonnement et une joie expansive et gratuite qui ne peut \u00eatre contenue. Comme le disait le proph\u00e8te J\u00e9r\u00e9mie, cette exp\u00e9rience est le feu ardent de sa pr\u00e9sence active dans notre c\u0153ur qui nous pousse \u00e0 la mission, m\u00eame si elle comporte parfois des sacrifices et des incompr\u00e9hensions (cf. 20, 7-9). L\u2019amour est toujours en mouvement et nous met en mouvement pour partager l\u2019annonce la plus belle, source d\u2019esp\u00e9rance\u00a0:\u00a0<em>\u00ab Nous avons trouv\u00e9 le Messie\u00a0\u00bb<\/em>\u00a0(<em>Jn<\/em>\u00a01, 41).<\/p>\n<p>Avec J\u00e9sus, nous avons vu, entendu et senti que les choses peuvent \u00eatre diff\u00e9rentes. Il a inaugur\u00e9, d\u00e9j\u00e0 aujourd\u2019hui, les temps \u00e0 venir en nous rappelant une caract\u00e9ristique essentielle de notre nature humaine, si souvent oubli\u00e9e\u00a0: \u00ab\u00a0nous avons \u00e9t\u00e9 faits pour la pl\u00e9nitude qui n\u2019est atteinte que dans l\u2019amour\u00a0\u00bb (cf. Lettre enc.\u00a0<em><a href=\"http:\/\/www.vatican.va\/content\/francesco\/fr\/encyclicals\/documents\/papa-francesco_20201003_enciclica-fratelli-tutti.html#68\">Fratelli tutti<\/a><\/em>, n. 68). Des temps nouveaux qui suscitent une foi capable de promouvoir des initiatives et de forger des communaut\u00e9s \u00e0 partir d\u2019hommes et de femmes qui apprennent \u00e0 prendre en charge leur propre fragilit\u00e9 et celle des autres, en promouvant la fraternit\u00e9 et l\u2019amiti\u00e9 sociale ( cf.\u00a0<em>ibid<\/em>., n. 67). La communaut\u00e9 eccl\u00e9siale montre sa beaut\u00e9 chaque fois qu\u2019elle rappelle avec gratitude que le Seigneur nous a aim\u00e9 le premier (cf.<em>1Jn\u00a0<\/em>4,19). Cette\u00a0<em>\u00abpr\u00e9dilection aimante du Seigneur nous surprend et l\u2019\u00e9merveillement, de par sa nature, ne peut pas \u00eatre poss\u00e9d\u00e9 ou impos\u00e9 par nous. [\u2026]\u00a0Ce n\u2019est que de cette mani\u00e8re que le miracle de la gratuit\u00e9, du don gratuit de soi-m\u00eame, peut s\u2019accomplir. M\u00eame la ferveur missionnaire ne peut jamais \u00eatre obtenue \u00e0 la suite d\u2019un raisonnement ou d\u2019un calcul. Le fait de se mettre \u201cen \u00e9tat de mission\u201d est un reflet de la gratitude \u00bb<\/em>\u00a0(<em><a href=\"http:\/\/www.vatican.va\/content\/francesco\/fr\/messages\/pont-messages\/2020\/documents\/papa-francesco_20200521_messaggio-pom.html\">Message aux \u0152uvres Pontificales Missionnaires<\/a><\/em>, 21 mai 2020).<\/p>\n<p>Cependant, les temps n\u2019ont pas toujours \u00e9t\u00e9 faciles ; les premiers chr\u00e9tiens ont commenc\u00e9 leur vie de foi dans un environnement hostile et difficile. Des histoires de marginalisation et de captivit\u00e9 s\u2019entrem\u00ealaient avec des r\u00e9sistances internes et externes qui paraissaient contredire et m\u00eame nier ce qu\u2019ils avaient vu et entendu ; mais cela, loin d\u2019\u00eatre une difficult\u00e9 ou un obstacle qui les aurait port\u00e9 \u00e0 se replier ou \u00e0 se renfermer sur eux-m\u00eames, les a pouss\u00e9s \u00e0 transformer tout d\u00e9sagr\u00e9ment,\u00a0 contrari\u00e9t\u00e9 et difficult\u00e9 en opportunit\u00e9 pour la mission. Les limites et les obstacles devinrent eux aussi un lieu privil\u00e9gi\u00e9 pour oindre toute chose et chacun avec l\u2019Esprit du Seigneur. Rien ni personne ne pouvait rester \u00e9tranger \u00e0 l\u2019annonce lib\u00e9ratrice.<\/p>\n<p>Nous avons le t\u00e9moignage vivant de tout cela dans les\u00a0<em>Actes des Ap\u00f4tres<\/em>, livre que les disciples missionnaires tiennent toujours \u00e0 port\u00e9e de main. C\u2019est le livre qui raconte comment le parfum de l\u2019\u00c9vangile s\u2019est r\u00e9pandu sur son passage, suscitant la joie que seul l\u2019Esprit peut nous offrir. Le livre des Actes des Ap\u00f4tres nous enseigne \u00e0 vivre les \u00e9preuves en nous attachant au Christ, afin de m\u00fbrir la\u00a0<em>\u00ab conviction que Dieu peut agir en toutes circonstances, m\u00eame au milieu des \u00e9checs apparents \u00bb<\/em>\u00a0et la certitude que \u00ab<em>\u00a0celui qui se donne et s\u2019en remet \u00e0 Dieu par amour sera certainement f\u00e9cond \u00bb<\/em>\u00a0(Exhort. ap.\u00a0<em><a href=\"http:\/\/www.vatican.va\/content\/francesco\/fr\/apost_exhortations\/documents\/papa-francesco_esortazione-ap_20131124_evangelii-gaudium.html#L%E2%80%99action_myst%C3%A9rieuse_du_Ressuscit%C3%A9_et_de_son_Esprit\">Evangelii gaudium<\/a><\/em>, n. 279).<\/p>\n<p>Ainsi, pour nous aussi : le moment actuel de notre histoire n\u2019est pas facile non plus. La pand\u00e9mie a mis en \u00e9vidence et amplifi\u00e9 la douleur, la solitude, la pauvret\u00e9 et les injustices dont tant de personnes souffraient d\u00e9j\u00e0, et a d\u00e9masqu\u00e9 nos fausses s\u00e9curit\u00e9s et les divisions et polarisations qui nous d\u00e9chirent silencieusement. Les plus fragiles et les plus vuln\u00e9rables ont exp\u00e9riment\u00e9 encore plus leur vuln\u00e9rabilit\u00e9 et leur fragilit\u00e9. Nous avons v\u00e9cu le d\u00e9couragement, le d\u00e9senchantement, la fatigue\u00a0; et m\u00eame l\u2019amertume conformiste qui \u00f4te l\u2019esp\u00e9rance a pu s\u2019emparer de nos regards. Mais nous,\u00a0<em>\u00ab ce que nous proclamons, ce n\u2019est pas nous-m\u00eames ; c\u2019est ceci : J\u00e9sus Christ est le Seigneur ; et nous sommes vos serviteurs, \u00e0 cause de J\u00e9sus\u00a0\u00bb<\/em>\u00a0(cf.\u00a0<em>2 Co<\/em>\u00a04, 5). C\u2019est pourquoi nous entendons r\u00e9sonner dans nos communaut\u00e9s et dans nos familles la Parole de vie qui retentit dans nos c\u0153urs et nous dit\u00a0:\u00a0<em>\u00ab Il n\u2019est pas ici, il est ressuscit\u00e9 \u00bb<\/em>\u00a0(<em>Lc<\/em>\u00a024, 6)\u00a0; Parole d\u2019esp\u00e9rance qui rompt tout d\u00e9terminisme et, \u00e0 ceux qui se laissent toucher, donne la libert\u00e9 et l\u2019audace n\u00e9cessaires pour se tenir debout et chercher de fa\u00e7on cr\u00e9ative toutes les mani\u00e8res possibles de vivre la compassion, ce \u201csacramental\u201d de la proximit\u00e9 de Dieu avec nous qui n\u2019abandonne personne au bord du chemin. En ce temps de pand\u00e9mie, face \u00e0 la tentation de masquer et de justifier l\u2019indiff\u00e9rence et l\u2019apathie au nom d\u2019une saine distanciation sociale,\u00a0<em>la mission de la compassion<\/em>, capable de faire de la distance n\u00e9cessaire un lieu de rencontre, de soin et de promotion, est urgente.<em>\u00a0\u00ab Ce que nous avons vu et entendu \u00bb<\/em>\u00a0(<em>Ac<\/em>\u00a04, 20), la mis\u00e9ricorde avec laquelle nous avons \u00e9t\u00e9 trait\u00e9s, se transforme en un point de r\u00e9f\u00e9rence et de cr\u00e9dibilit\u00e9 qui nous permet de retrouver la passion partag\u00e9e pour cr\u00e9er \u00ab une communaut\u00e9 d\u2019appartenance et de solidarit\u00e9 \u00e0 laquelle nous consacrerons du temps, des efforts et des biens \u00bb (Lettre enc.\u00a0<em><a href=\"http:\/\/www.vatican.va\/content\/francesco\/fr\/encyclicals\/documents\/papa-francesco_20201003_enciclica-fratelli-tutti.html#36\">Fratelli tutti<\/a><\/em>, n. 36). C\u2019est sa Parole qui nous rach\u00e8te quotidiennement et nous sauve des excuses qui nous conduisent \u00e0 nous enfermer dans le plus vil des scepticismes :\u00a0<em>\u201cpeu importe, rien ne changera\u201d<\/em>. Et face \u00e0 la question :\u00a0<em>\u201cpourquoi vais-je me priver de mes s\u00e9curit\u00e9s, de mon confort et de mes plaisirs si je ne peux voir aucun r\u00e9sultat important ?\u201d<\/em>\u00a0; la r\u00e9ponse reste toujours la m\u00eame :\u00a0<em>\u00ab\u00a0J\u00e9sus Christ a vaincu le p\u00e9ch\u00e9 et la mort et il est plein de puissance. J\u00e9sus Christ vit vraiment\u00a0\u00bb<\/em>\u00a0(Exhort. ap.\u00a0<em><a href=\"http:\/\/www.vatican.va\/content\/francesco\/fr\/apost_exhortations\/documents\/papa-francesco_esortazione-ap_20131124_evangelii-gaudium.html#L%E2%80%99action_myst%C3%A9rieuse_du_Ressuscit%C3%A9_et_de_son_Esprit\">Evangelii gaudium<\/a><\/em>, n. 275) et il nous veut aussi vivants, fraternels et capables d\u2019accueillir et de partager cette esp\u00e9rance. Dans le contexte actuel, il y a un besoin urgent de missionnaires d\u2019esp\u00e9rance qui, oints par le Seigneur, soient capables de rappeler proph\u00e9tiquement que personne ne se sauve tout seul.<\/p>\n<p>Comme les Ap\u00f4tres et les premiers chr\u00e9tiens, nous disons nous aussi de toutes nos forces\u00a0:\u00a0<em>\u00ab Il nous est impossible de nous taire sur ce que nous avons vu et entendu \u00bb<\/em>\u00a0(<em>Ac<\/em>\u00a04, 20). Tout ce que nous avons re\u00e7u, tout ce que le Seigneur nous a accord\u00e9 au fur et \u00e0 mesure, il nous l\u2019a donn\u00e9 pour que nous le mettions en jeu et le donnions gratuitement aux autres. Comme les Ap\u00f4tres qui ont vu, entendu et touch\u00e9 le salut de J\u00e9sus (cf.\u00a0<em>1 Jn<\/em>\u00a01, 1-4), ainsi nous pouvons aujourd\u2019hui toucher la chair souffrante et joyeuse du Christ dans l\u2019histoire de chaque jour et nous encourager \u00e0 partager avec tous un destin d\u2019esp\u00e9rance, cette caract\u00e9ristique indubitable qui na\u00eet du fait de nous savoir accompagn\u00e9s par le Seigneur. Comme chr\u00e9tiens nous ne pouvons pas garder le Seigneur pour nous-m\u00eames : la mission \u00e9vang\u00e9lisatrice de l\u2019\u00c9glise exprime sa valeur compl\u00e8te et publique dans la transformation du monde et dans la sauvegarde de la cr\u00e9ation.<\/p>\n<h5><em><strong>Une invitation \u00e0 chacun de nous<\/strong><\/em><\/h5>\n<p>Le th\u00e8me de la Journ\u00e9e Mondiale des Missions de cette ann\u00e9e,<em><strong>\u00a0\u00ab Il nous est impossible de nous taire sur ce que nous avons vu et entendu \u00bb<\/strong><\/em>\u00a0(<em>Ac<\/em>\u00a04, 20), est une invitation \u00e0 chacun d\u2019entre nous \u00e0\u00a0<em>\u00ab\u00a0assumer cette charge\u00a0\u00bb<\/em>\u00a0et \u00e0 faire conna\u00eetre ce que nous avons dans le c\u0153ur. Cette mission est et a toujours \u00e9t\u00e9 l\u2019identit\u00e9 de l\u2019\u00c9glise :\u00a0<em>\u00ab\u00a0Elle existe pour \u00e9vang\u00e9liser\u00a0\u00bb<\/em>\u00a0(S. Paul VI, Exhort. ap.\u00a0<em><a href=\"http:\/\/www.vatican.va\/content\/paul-vi\/fr\/apost_exhortations\/documents\/hf_p-vi_exh_19751208_evangelii-nuntiandi.html\">Evangelii nuntiandi<\/a><\/em>, n. 14). Notre vie de foi s\u2019affaiblit, perd proph\u00e9tie et capacit\u00e9 d\u2019\u00e9merveillement et de gratitude dans l\u2019isolement personnel ou en s\u2019enfermant en petits groupes. Par sa propre dynamique, elle exige une ouverture croissante capable d\u2019atteindre et d\u2019embrasser tout le monde. Les premiers chr\u00e9tiens, loin de c\u00e9der \u00e0 la tentation de s\u2019enfermer dans une \u00e9lite, ont \u00e9t\u00e9 attir\u00e9s par le Seigneur et par la vie nouvelle qu\u2019il offrait pour aller parmi les nations et t\u00e9moigner de ce qu\u2019ils avaient vu et entendu : le R\u00e8gne de Dieu est tout proche. Ils l\u2019ont fait avec la g\u00e9n\u00e9rosit\u00e9, la gratitude et la noblesse de ceux qui s\u00e8ment en sachant que d\u2019autres mangeront le fruit de leur engagement et de leur sacrifice. C\u2019est pourquoi j\u2019aime penser que\u00a0<em>\u00ab m\u00eame les plus fragiles, les plus limit\u00e9s et les plus bless\u00e9s peuvent \u00eatre [missionnaires] \u00e0 leur mani\u00e8re, parce qu\u2019il faut toujours laisser le bien se communiquer, m\u00eame s\u2019il coexiste avec de nombreuses fragilit\u00e9s\u00a0\u00bb<\/em>\u00a0(Exhort. ap. postsin.\u00a0<em><a href=\"http:\/\/www.vatican.va\/content\/francesco\/fr\/apost_exhortations\/documents\/papa-francesco_esortazione-ap_20190325_christus-vivit.html\">Chritus vivit<\/a><\/em>, n. 239).<\/p>\n<p>En la Journ\u00e9e Mondiale des Missions, qui se c\u00e9l\u00e8bre chaque ann\u00e9e le avant dernier dimanche d\u2019octobre, nous nous souvenons avec reconnaissance de toutes les personnes dont le t\u00e9moignage de vie nous aide \u00e0 renouveler notre engagement baptismal \u00e0 \u00eatre des ap\u00f4tres g\u00e9n\u00e9reux et joyeux de l\u2019\u00c9vangile. Nous nous souvenons en particulier de ceux qui ont \u00e9t\u00e9 capables de se mettre en chemin, de quitter leur terre et leur famille pour que l\u2019\u00c9vangile puisse atteindre sans d\u00e9lai et sans crainte les peuples et les villes les plus \u00e9loign\u00e9s o\u00f9 tant de vies sont assoiff\u00e9es de b\u00e9n\u00e9diction.<\/p>\n<p>Contempler leur t\u00e9moignage missionnaire nous encourage \u00e0 \u00eatre courageux et \u00e0 prier avec insistance le\u00a0<em>\u00ab ma\u00eetre de la moisson d\u2019envoyer des ouvriers pour sa moisson \u00bb<\/em>\u00a0(<em>Lc<\/em>\u00a010, 2). En effet nous sommes conscients que la vocation \u00e0 la mission n\u2019est pas quelque chose du pass\u00e9 ou un souvenir romantique d\u2019autrefois. Aujourd\u2019hui, J\u00e9sus a besoin de c\u0153urs capables de vivre leur vocation comme une v\u00e9ritable histoire d\u2019amour, qui les fasse sortir aux p\u00e9riph\u00e9ries du monde et devenir des messagers et des instruments de compassion. Et c\u2019est un appel qu\u2019il adresse \u00e0 tous, m\u00eame si ce n\u2019est pas de la m\u00eame mani\u00e8re. Rappelons-nous qu\u2019il y a des p\u00e9riph\u00e9ries qui sont proches de nous, au centre d\u2019une ville, ou dans sa propre famille. Il y a aussi un aspect d\u2019ouverture universelle de l\u2019amour qui n\u2019est pas g\u00e9ographique mais existentiel. Toujours, mais sp\u00e9cialement en ces temps de pand\u00e9mie, il est important de d\u00e9velopper la capacit\u00e9 quotidienne d\u2019\u00e9largir notre cercle, d\u2019atteindre ceux qui spontan\u00e9ment nous ne sentirions pas comme faisant partie de \u00ab\u00a0nos centre d\u2019int\u00e9r\u00eats\u00a0\u00bb, m\u00eame s\u2019ils sont proches de nous. (cf. Lettre enc.\u00a0<em><a href=\"http:\/\/www.vatican.va\/content\/francesco\/fr\/encyclicals\/documents\/papa-francesco_20201003_enciclica-fratelli-tutti.html#97\">Fratelli tutti<\/a><\/em>, n. 97). Vivre la mission, c\u2019est s\u2019aventurer \u00e0 d\u00e9velopper les sentiments m\u00eames du Christ J\u00e9sus et croire avec lui que celui qui est \u00e0 mes c\u00f4t\u00e9s est aussi mon fr\u00e8re et ma s\u0153ur. Que son amour de compassion r\u00e9veille aussi notre c\u0153ur et nous rende tous disciples missionnaires.<\/p>\n<p>Que Marie, la premi\u00e8re disciple missionnaire, fasse cro\u00eetre chez tous les baptis\u00e9s le d\u00e9sir d\u2019\u00eatre sel et lumi\u00e8re sur nos terres (cf.\u00a0<em>Mt<\/em>\u00a05, 13-14).<\/p>\n<p class=\"has-text-align-right\"><em>Saint Jean de Latran, 6 janvier 2021,<\/em><br \/>\n<em>Solennit\u00e9 de l\u2019\u00c9piphanie du Seigneur.<\/em><br \/>\n<strong><em>Pape Fran\u00e7ois<\/em><\/strong><\/p>\n<p>&nbsp;<\/p>\n<p><strong><span style=\"font-size: 16px;\">Pour en savoir plus sur la Semaine Missionnaire Mondiale <a href=\"https:\/\/eglise.catholique.fr\/approfondir-sa-foi\/vivre-sa-foi-a-tous-les-ages\/vivre-en-chretien\/371730-une-semaine-missionnaire-mondiale\/\">cliquez ICI<\/a><\/span><\/strong><\/p>\n","protected":false},"excerpt":{"rendered":"<p>Du 17 au 24 octobre 2021, pri\u00e8re, partage pour soutenir la vie et la mission des \u00c9glises<\/p>\n","protected":false},"author":990003,"featured_media":4901,"comment_status":"closed","ping_status":"closed","sticky":false,"template":"","format":"standard","meta":{"give_campaign_id":0,"footnotes":""},"categories":[1],"tags":[],"class_list":["post-4899","post","type-post","status-publish","format-standard","has-post-thumbnail","hentry","category-uncategorized"],"_links":{"self":[{"href":"https:\/\/demos.uptitude.fr\/savviry1\/wp-json\/wp\/v2\/posts\/4899","targetHints":{"allow":["GET"]}}],"collection":[{"href":"https:\/\/demos.uptitude.fr\/savviry1\/wp-json\/wp\/v2\/posts"}],"about":[{"href":"https:\/\/demos.uptitude.fr\/savviry1\/wp-json\/wp\/v2\/types\/post"}],"author":[{"embeddable":true,"href":"https:\/\/demos.uptitude.fr\/savviry1\/wp-json\/wp\/v2\/users\/990003"}],"replies":[{"embeddable":true,"href":"https:\/\/demos.uptitude.fr\/savviry1\/wp-json\/wp\/v2\/comments?post=4899"}],"version-history":[{"count":0,"href":"https:\/\/demos.uptitude.fr\/savviry1\/wp-json\/wp\/v2\/posts\/4899\/revisions"}],"wp:featuredmedia":[{"embeddable":true,"href":"https:\/\/demos.uptitude.fr\/savviry1\/wp-json\/"}],"wp:attachment":[{"href":"https:\/\/demos.uptitude.fr\/savviry1\/wp-json\/wp\/v2\/media?parent=4899"}],"wp:term":[{"taxonomy":"category","embeddable":true,"href":"https:\/\/demos.uptitude.fr\/savviry1\/wp-json\/wp\/v2\/categories?post=4899"},{"taxonomy":"post_tag","embeddable":true,"href":"https:\/\/demos.uptitude.fr\/savviry1\/wp-json\/wp\/v2\/tags?post=4899"}],"curies":[{"name":"wp","href":"https:\/\/api.w.org\/{rel}","templated":true}]}}