{"id":4921,"date":"2021-10-18T06:00:13","date_gmt":"2021-10-18T06:00:13","guid":{"rendered":"https:\/\/www.savigny-viry-catholique.fr\/?p=4921"},"modified":"2021-10-18T06:00:13","modified_gmt":"2021-10-18T06:00:13","slug":"toussaint-2021","status":"publish","type":"post","link":"https:\/\/demos.uptitude.fr\/savviry1\/toussaint-2021\/","title":{"rendered":"TOUSSAINT 2021"},"content":{"rendered":"<p><strong><span style=\"font-size: 16px;\">VISITER NOS SAINTS PATRONS A LA TOUSSAINT<\/span><\/strong><br \/>\n<!--more--><\/p>\n<p><span style=\"font-size: 16px;\"><img fetchpriority=\"high\" decoding=\"async\" class=\"wp-image-4926 alignleft\" src=\"https:\/\/www.savigny-viry-catholique.fr\/wp-content\/uploads\/2021\/10\/Toussaint21-300x150.gif\" alt=\"\" width=\"390\" height=\"195\" \/>A la Toussaint, nous f\u00eatons \u00e9videmment tous les saints. F\u00eate qui nous rappelle que nous sommes tous appel\u00e9s \u00e0 la saintet\u00e9 \u00e0 l\u2019instar de ces personnes ordinaires et extraordinaires qui sont devenues par leur fid\u00e9lit\u00e9 \u00e0 l\u2019\u00e9vangile, des Bienheureux. Ils sont entr\u00e9s dans la Joie de Dieu. A chacun, le Seigneur dit : \u00ab serviteur bon et fid\u00e8le, entre dans la joie de ton ma\u00eetre \u00bb.<\/span><\/p>\n<p><span style=\"font-size: 16px;\">La Toussaint devrait aussi nous amener\u00a0:<\/span><\/p>\n<ul>\n<li><span style=\"font-size: 16px;\">Personnellement, \u00e0 scruter le saint patron dont nous portons le nom. A quelle date est-il f\u00eat\u00e9 dans l\u2019ann\u00e9e ? Quelle est son histoire ? Pourquoi a-t-il \u00e9t\u00e9 canonis\u00e9 ? bref, chercher \u00e0 scruter son itin\u00e9raire humain et spirituel, ou si vous le connaissez, l\u2019occasion est donn\u00e9e pour le revisiter.<\/span><\/li>\n<li><span style=\"font-size: 16px;\">Collectivement, \u00e0 revisiter et \u00e0 scruter les saints patrons de nos paroisses : l\u2019histoire de chacun, la date pour laquelle il (ou elle) est c\u00e9l\u00e9br\u00e9(e) dans l\u2019ann\u00e9e, \u2026 Je suis s\u00fbr que nous sortirons enrichis spirituellement et humainement d\u2019un tel p\u00e8lerinage au royaume des saints proches de nous. Sainte Th\u00e9r\u00e8se par exemple, Saint Martin \u2026<\/span><\/li>\n<\/ul>\n<p><span style=\"font-size: 16px;\">Alors, \u00e0 vos marques, pr\u00eats, partons \u00e0 l\u2019aventure au royaume des saints et particuli\u00e8rement de nos saints patrons.<\/span><\/p>\n<p><span style=\"font-size: 16px;\">Bonne f\u00eate de tous les saints\u00a0!<\/span><\/p>\n<p><span style=\"font-size: 16px;\">P\u00e8re Emmanuel BIDZOGO<\/span><\/p>\n<p><img decoding=\"async\" class=\"wp-image-4934 aligncenter\" src=\"https:\/\/www.savigny-viry-catholique.fr\/wp-content\/uploads\/2021\/10\/Saints-secteur-copie-300x100.jpg\" alt=\"\" width=\"592\" height=\"199\" \/><\/p>\n<p>&nbsp;<\/p>\n<p><img decoding=\"async\" class=\"size-medium wp-image-4927 alignleft\" src=\"https:\/\/www.savigny-viry-catholique.fr\/wp-content\/uploads\/2021\/10\/Beatitudes-Frere-Yves-PQV-204x300.jpg\" alt=\"\" width=\"204\" height=\"300\" \/><\/p>\n<p><strong>Chaque 1er novembre<\/strong>, cette joyeuse f\u00eate de famille donne envie \u00e0 l\u2019\u00c9glise\u00a0d\u2019invoquer le soutien familier de tous les saints pour <strong>mieux vivre les\u00a0B\u00e9atitudes<\/strong>.<\/p>\n<p><strong><span style=\"font-size: 16px;\">Pour connaitre l&rsquo;histoire de <\/span><a style=\"font-size: 16px;\" href=\"https:\/\/cybercure.fr\/les-fetes-de-l-eglise\/toussaint\/article\/histoire-de-la-fete-de-la-toussaint\">La Toussaint cliquez ICI<\/a><\/strong><\/p>\n<p>&nbsp;<\/p>\n<p>&nbsp;<\/p>\n<p><strong><span style=\"font-size: 16px;\">Les horaires des messes du\u00a0 lundi 1er novembre 2021 (F\u00eate de tous les saints) :<\/span><\/strong><\/p>\n<p><strong><span style=\"color: #0000ff;\">A Savigny\u00a0 : Saint Martin \u00e0 9h30\u00a0 ; Sainte Th\u00e9r\u00e8se \u00e0 11h00<\/span><\/strong><\/p>\n<p><span style=\"color: #ff6600;\"><strong>A Viry-Ch\u00e2tillon :\u00a0 Ste Bernadette 9h30\u00a0 ; St Esprit \u00e0 11h00<\/strong><\/span><\/p>\n<p>&nbsp;<\/p>\n<p><span style=\"font-size: 16px;\"><strong>Mardi 2 novembre comm\u00e9moration des fid\u00e8les d\u00e9funts anim\u00e9e par l\u2019\u00e9quipe Esp\u00e9rance- A Savigny : Saint Martin \u00e0 10h00 ; Sainte Th\u00e9r\u00e8se \u00e0 20h00<\/strong><\/span><\/p>\n<p><span style=\"font-size: 16px;\"><strong>\u00a0 \u00a0 \u00a0 \u00a0 \u00a0 \u00a0 \u00a0 \u00a0 \u00a0 \u00a0 \u00a0 \u00a0 \u00a0 \u00a0 \u00a0 \u00a0 \u00a0 \u00a0 \u00a0 \u00a0 \u00a0 \u00a0 \u00a0 \u00a0 \u00a0 \u00a0 \u00a0 \u00a0 \u00a0 \u00a0 \u00a0 \u00a0 \u00a0 \u00a0 \u00a0 \u00a0 \u00a0 \u00a0 \u00a0 \u00a0 \u00a0 \u00a0 \u00a0 \u00a0 \u00a0 \u00a0 \u00a0 \u00a0 \u00a0 \u00a0 \u00a0 \u00a0 \u00a0 \u00a0 \u00a0 \u00a0 \u00a0 \u00a0 \u00a0 \u00a0 \u00a0 \u00a0 \u00a0 \u00a0 \u00a0<span style=\"color: #ff6600;\"> A Viry-Ch\u00e2tillon : Ste Bernadette \u00e0 10h30\u00a0 ; \u00e9glise du St-Esprit \u00e0 19h30<\/span><\/strong><\/span><\/p>\n<p>&nbsp;<\/p>\n<p>&nbsp;<\/p>\n<p>&nbsp;<\/p>\n<p>&nbsp;<\/p>\n<p>&nbsp;<\/p>\n<p><strong>Le concert d\u2019Holywins<\/strong><\/p>\n<p>En r\u00e9action contre la f\u00eate pa\u00efenne d\u2019Halloween, des jeunes catholiques ont pris l\u2019initiative le 31 octobre, de t\u00e9moigner de leur esp\u00e9rance chr\u00e9tienne face \u00e0 la mort et de leur foi en la r\u00e9surrection, en faisant une f\u00eate. Ils ont appel\u00e9 \u00ab\u00a0Holywins\u00a0\u00bb que l\u2019on peut traduire \u00ab\u00a0la saintet\u00e9 gagne\u00a0\u00bb ou \u00ab\u00a0Victoire de la saintet\u00e9\u00a0\u00bb. On l\u2019appelle quelque fois Holy Wins. Ils ont commenc\u00e9 en 2002 \u00e0 Paris, sur le parvis de l\u2019\u00e9glise Saint-Sulpice, par un concert d\u2019Holywins ou ont particip\u00e9 plus de 8000 personnes. Il s\u2019agit d\u2019un grand concert de rock, pop, reggae chr\u00e9tiens pour f\u00eater tous les saints, associ\u00e9 \u00e0 un lieu de pri\u00e8re et de recueillement<\/p>\n","protected":false},"excerpt":{"rendered":"<p>VISITER NOS SAINTS PATRONS A LA TOUSSAINT<\/p>\n","protected":false},"author":990003,"featured_media":4926,"comment_status":"closed","ping_status":"closed","sticky":false,"template":"","format":"standard","meta":{"give_campaign_id":0,"footnotes":""},"categories":[1],"tags":[],"class_list":["post-4921","post","type-post","status-publish","format-standard","has-post-thumbnail","hentry","category-uncategorized"],"_links":{"self":[{"href":"https:\/\/demos.uptitude.fr\/savviry1\/wp-json\/wp\/v2\/posts\/4921","targetHints":{"allow":["GET"]}}],"collection":[{"href":"https:\/\/demos.uptitude.fr\/savviry1\/wp-json\/wp\/v2\/posts"}],"about":[{"href":"https:\/\/demos.uptitude.fr\/savviry1\/wp-json\/wp\/v2\/types\/post"}],"author":[{"embeddable":true,"href":"https:\/\/demos.uptitude.fr\/savviry1\/wp-json\/wp\/v2\/users\/990003"}],"replies":[{"embeddable":true,"href":"https:\/\/demos.uptitude.fr\/savviry1\/wp-json\/wp\/v2\/comments?post=4921"}],"version-history":[{"count":0,"href":"https:\/\/demos.uptitude.fr\/savviry1\/wp-json\/wp\/v2\/posts\/4921\/revisions"}],"wp:featuredmedia":[{"embeddable":true,"href":"https:\/\/demos.uptitude.fr\/savviry1\/wp-json\/"}],"wp:attachment":[{"href":"https:\/\/demos.uptitude.fr\/savviry1\/wp-json\/wp\/v2\/media?parent=4921"}],"wp:term":[{"taxonomy":"category","embeddable":true,"href":"https:\/\/demos.uptitude.fr\/savviry1\/wp-json\/wp\/v2\/categories?post=4921"},{"taxonomy":"post_tag","embeddable":true,"href":"https:\/\/demos.uptitude.fr\/savviry1\/wp-json\/wp\/v2\/tags?post=4921"}],"curies":[{"name":"wp","href":"https:\/\/api.w.org\/{rel}","templated":true}]}}