{"id":4938,"date":"2021-10-28T06:00:45","date_gmt":"2021-10-28T06:00:45","guid":{"rendered":"https:\/\/www.savigny-viry-catholique.fr\/?p=4938"},"modified":"2021-10-28T06:00:45","modified_gmt":"2021-10-28T06:00:45","slug":"marcel-callo-le-saint-patron-du-secteur-savigny-viry","status":"publish","type":"post","link":"https:\/\/demos.uptitude.fr\/savviry1\/marcel-callo-le-saint-patron-du-secteur-savigny-viry\/","title":{"rendered":"MARCEL CALLO le saint patron du secteur Savigny-Viry"},"content":{"rendered":"<p><span style=\"font-size: 16px;\">Qui est Marcel Callo le saint patron du secteur pastoral?<\/span><!--more--><\/p>\n<p>&nbsp;<\/p>\n<p><span style=\"font-size: 20px;\"><b style=\"font-size: 20px;\">A l&rsquo;occasion de la f\u00eate de tous les saints , <\/b><span style=\"font-size: 20px;\"><b>rappelons nous du bienheureux\u00a0 Marcel Callo dont le centenaire de la naissance sera c\u00e9l\u00e9br\u00e9 le 5 d\u00e9cembre prochain dans le dioc\u00e8se de Rennes &#8211;<a href=\"https:\/\/rennes.catholique.fr\/actualite\/articles\/373944-n334-novembre-2021-marcel-callo-lexposition-du-centenaire\/\"> Informations sur le centenaire ICI<\/a><\/b><\/span><\/span><\/p>\n<p>&nbsp;<\/p>\n<p><span style=\"font-size: 20px;\"><b style=\"font-size: 20px;\"> Histoire du Saint Patron du secteur de Savigny-Viry.<\/b><\/span><\/p>\n<p><span style=\"font-size: 16px; color: #0000ff;\"><strong>Cliquez sur la photo pour la connaitre<\/strong><\/span><\/p>\n<p><a href=\"https:\/\/www.savigny-viry-catholique.fr\/histoire-saint-patron\/\"><img fetchpriority=\"high\" decoding=\"async\" class=\"size-medium wp-image-674 alignleft\" src=\"https:\/\/www.savigny-viry-catholique.fr\/wp-content\/uploads\/2017\/05\/MarcelCallo_-197x300.jpg\" alt=\"MarcelCallo\" width=\"197\" height=\"300\" \/><\/a><\/p>\n","protected":false},"excerpt":{"rendered":"<p>Qui est Marcel Callo le saint patron du secteur pastoral?<\/p>\n","protected":false},"author":990003,"featured_media":4942,"comment_status":"closed","ping_status":"closed","sticky":false,"template":"","format":"standard","meta":{"give_campaign_id":0,"footnotes":""},"categories":[1],"tags":[],"class_list":["post-4938","post","type-post","status-publish","format-standard","has-post-thumbnail","hentry","category-uncategorized"],"_links":{"self":[{"href":"https:\/\/demos.uptitude.fr\/savviry1\/wp-json\/wp\/v2\/posts\/4938","targetHints":{"allow":["GET"]}}],"collection":[{"href":"https:\/\/demos.uptitude.fr\/savviry1\/wp-json\/wp\/v2\/posts"}],"about":[{"href":"https:\/\/demos.uptitude.fr\/savviry1\/wp-json\/wp\/v2\/types\/post"}],"author":[{"embeddable":true,"href":"https:\/\/demos.uptitude.fr\/savviry1\/wp-json\/wp\/v2\/users\/990003"}],"replies":[{"embeddable":true,"href":"https:\/\/demos.uptitude.fr\/savviry1\/wp-json\/wp\/v2\/comments?post=4938"}],"version-history":[{"count":0,"href":"https:\/\/demos.uptitude.fr\/savviry1\/wp-json\/wp\/v2\/posts\/4938\/revisions"}],"wp:featuredmedia":[{"embeddable":true,"href":"https:\/\/demos.uptitude.fr\/savviry1\/wp-json\/"}],"wp:attachment":[{"href":"https:\/\/demos.uptitude.fr\/savviry1\/wp-json\/wp\/v2\/media?parent=4938"}],"wp:term":[{"taxonomy":"category","embeddable":true,"href":"https:\/\/demos.uptitude.fr\/savviry1\/wp-json\/wp\/v2\/categories?post=4938"},{"taxonomy":"post_tag","embeddable":true,"href":"https:\/\/demos.uptitude.fr\/savviry1\/wp-json\/wp\/v2\/tags?post=4938"}],"curies":[{"name":"wp","href":"https:\/\/api.w.org\/{rel}","templated":true}]}}