{"id":4968,"date":"2021-11-17T14:56:07","date_gmt":"2021-11-17T14:56:07","guid":{"rendered":"https:\/\/www.savigny-viry-catholique.fr\/?p=4968"},"modified":"2021-11-17T14:56:07","modified_gmt":"2021-11-17T14:56:07","slug":"journee-mondiale-des-pauvres","status":"publish","type":"post","link":"https:\/\/demos.uptitude.fr\/savviry1\/journee-mondiale-des-pauvres\/","title":{"rendered":"Journ\u00e9e nationale du Secours Catholique"},"content":{"rendered":"<p>Apr\u00e8s la 5\u00e8me journ\u00e9e mondiale des pauvres qui a eu lieu le 14 novembre 2021, le\u00a0<strong>21 novembre<\/strong>\u00a0aura lieu la journ\u00e9e nationale du Secours Catholique Caritas France<br \/>\n<!--more--><\/p>\n<p><a href=\"https:\/\/www.secours-catholique.org\/\"><img decoding=\"async\" class=\"size-full wp-image-782 alignleft\" src=\"https:\/\/www.savigny-viry-catholique.fr\/wp-content\/uploads\/2017\/03\/Caritas.png\" alt=\"Secours catholique caritas\" width=\"140\" height=\"144\" \/><\/a><span style=\"font-size: 20px;\">Le mot du p\u00e8re Herv\u00e9 Perrot, aum\u00f4nier g\u00e9n\u00e9ral du Secours catholique<\/span><\/p>\n<p><span style=\"font-size: 24px; color: #0000ff;\"><strong>Invitons les plus fragiles \u00e0 la table du partage<\/strong><\/span><\/p>\n<p>&nbsp;<\/p>\n<p><strong><em>\u00ab La rencontre avec les pauvres nous a fait retrouver la v\u00e9rit\u00e9 fondamentale de l\u2019\u00c9vangile par laquelle la parole de Dieu nous pousse <\/em><\/strong><\/p>\n<p><strong><em>incessamment \u00e0 la conversion \u00bb, \u00e9crit saint \u00d3scar Romero.<\/em><\/strong><\/p>\n<p style=\"text-align: justify;\"><span style=\"font-size: 16px;\">Chers amis du Secours catholique, je fais le r\u00eave avec vous que, dans nos soixantedouze d\u00e9l\u00e9gations, nous osions cr\u00e9er des groupes de parole autour de l\u2019\u00c9vangile, en invitant autour de la table du partage, avec un bon caf\u00e9, les personnes en gal\u00e8re. Toutes celles et tous ceux qui le vivent vous le diront: \u00ab Prendre ces temps gratuits, \u00e7a redonne la confiance en soi. Notre foi en la vie et en Dieu grandit les uns par les autres. \u00bb Alors osons, osons! Vous verrez : \u00e7a vaut le coup! Ce livret vous donne quelques pistes p\u00e9dagogiques pour vivre ces temps. La Journ\u00e9e nationale du Secours catholique &#8211; Caritas France nous invite aussi \u00e0 renouveler les lieux de pr\u00e9sence au c\u0153ur de nos paroisses, \u00e0 \u00eatre facilitateurs pour que les plus en gal\u00e8re prennent leur place dans nos communaut\u00e9s. Ce n\u2019est pas facile, mais c\u2019est notre mission, \u00e0 l\u2019exemple de notre saint patron, Laurent. C\u2019est le tr\u00e9sor, la note que nous devons offrir mais aussi recevoir au c\u0153ur de nos d\u00e9l\u00e9gations, de nos dioc\u00e8ses. Dans les r\u00e9flexions sur la \u00ab synodalit\u00e9 \u00bb de notre \u00c9glise, nous sommes appel\u00e9s \u00e0 la joie de t\u00e9moigner que partir des plus pr\u00e9caires, c\u2019est n\u2019oublier personne sur le bord du chemin. Notre r\u00e9volution fraternelle nous y oblige, Dieu nous y pr\u00e9c\u00e8de comme une bonne nouvelle \u00e0 vivre et \u00e0 recevoir. Anim\u00e9s d\u2019un amour fraternel, osons vivre la joie de la rencontre. \u00c0 l\u2019exemple de Marie, h\u00e2tons-nous pour visiter, l\u00e0 o\u00f9 ils demeurent, ceux que nous ne rejoignons pas encore. Anim\u00e9s d\u2019un amour fraternel, osons aller les rencontrer. Se laisser rencontrer\u2026 Vivre la joie de la rencontre. Faisons n\u00f4tre cet appel de saint \u00d3scar Romero comme mission: \u00ab Les changements n\u00e9cessaires au sein de l\u2019\u00c9glise, dans sa pastorale, l\u2019\u00e9ducation, la vie sacerdotale et religieuse, dans les mouvements la\u00efcs, que nous n\u2019avions pas pu r\u00e9aliser tant que notre regard \u00e9tait fix\u00e9 uniquement sur l\u2019\u00c9glise, nous les r\u00e9alisons maintenant que nous nous tournons vers les pauvres. Cette rencontre avec les pauvres nous a fait retrouver la v\u00e9rit\u00e9 fondamentale de l\u2019\u00c9vangile par laquelle la parole de Dieu nous pousse incessamment \u00e0 la conversion. Le monde des pauvres nous enseigne que la lib\u00e9ration arrivera non seulement lorsque les pauvres seront destinataires des bienfaits du gouvernement ou de l\u2019\u00c9glise elle-m\u00eame, mais lorsqu\u2019ils seront eux-m\u00eames les acteurs et les protagonistes de leurs luttes et de leur lib\u00e9ration, et qu\u2019ils d\u00e9masqueront ainsi la racine ultime des faux paternalismes, y compris dans l\u2019\u00c9glise. \u00bb<img fetchpriority=\"high\" decoding=\"async\" class=\"size-medium wp-image-4992 alignright\" src=\"https:\/\/www.savigny-viry-catholique.fr\/wp-content\/uploads\/2021\/11\/Secours-Catho-01-300x200.jpg\" alt=\"\" width=\"300\" height=\"200\" \/><\/span><\/p>\n<p>&nbsp;<\/p>\n<p><span style=\"font-size: 16px; color: #0000ff;\"><strong>Service de l\u2019Eglise catholique, membre de la conf\u00e9d\u00e9ration Caritas Internationalis et association de loi 1901 \u00e0 but non lucratif, le Secours Catholique lutte contre toutes les formes de pauvret\u00e9 et d\u2019exclusion et cherche \u00e0 promouvoir la justice sociale. Accueillir pour r\u00e9pondre aux premiers besoins, accompagner pour restaurer les liens sociaux, d\u00e9velopper pour renforcer les solidarit\u00e9s.<\/strong><\/span><\/p>\n<p><span style=\"font-size: 16px; color: #0000ff;\"><strong>\u00c9quipe locale de Viry<\/strong><\/span><br \/>\n<span style=\"font-size: 16px; color: #0000ff;\"><strong>26, rue Maurice-Sabatier<\/strong><\/span><br \/>\n<span style=\"font-size: 16px; color: #0000ff;\"><strong>Accueil sur RDV : sc91.virychatillon@gmail.com<\/strong><\/span><br \/>\n<span style=\"font-size: 16px; color: #0000ff;\"><strong>T\u00e9l. : 01 77 05 24 23 <\/strong><\/span><\/p>\n<p><span style=\"font-size: 16px; color: #0000ff;\"><strong>Accueil alphab\u00e9tisation : mardi et jeudi 9h30-12h<\/strong><strong><a style=\"color: #0000ff;\" href=\"http:\/\/www.secours-catholique.org\/\"><img decoding=\"async\" class=\"size-full wp-image-782 alignright\" src=\"https:\/\/www.savigny-viry-catholique.fr\/wp-content\/uploads\/2017\/03\/Caritas.png\" alt=\"Secours catholique caritas\" width=\"140\" height=\"144\" \/><\/a><\/strong><\/span><span style=\"font-size: 16px; color: #0000ff;\"><strong>Groupes de paroles : mardi 14h-16h<\/strong><\/span><br \/>\n<span style=\"font-size: 16px; color: #0000ff;\"><strong>Accueil alimentaire et accompagnement : le jeudi 13h30-16h30<\/strong><\/span><br \/>\n<span style=\"font-size: 16px; color: #0000ff;\"><strong>Responsable : Patrice Cl\u00e9menceau 06 20 12 57 67<\/strong><\/span><br \/>\n<span style=\"font-size: 16px; color: #0000ff;\"><strong>Tr\u00e9sori\u00e8re : Jacqueline Cl\u00e9menceau<\/strong><\/span><\/p>\n<p><span style=\"font-size: 16px; color: #0000ff;\"><strong>\u00c9quipe locale de Savigny<\/strong><\/span><br \/>\n<span style=\"font-size: 16px; color: #0000ff;\"><strong>22 bis et ter rue Charles Rossignol T\u00e9l. : 01 69 00 62 98<\/strong><\/span><br \/>\n<span style=\"font-size: 16px; color: #0000ff;\"><strong>E-mail : sc91.savignysurorge@gmail.com<\/strong><\/span><br \/>\n<span style=\"font-size: 16px; color: #0000ff;\"><strong>Horaires boutique : mercredi et vendredi 10h -12h ; jeudi 15h-17h ; le 1er samedi du mois 10h-12h<\/strong><\/span><br \/>\n<span style=\"font-size: 16px; color: #0000ff;\"><strong>Horaires accueil : mercredi et vendredi 10h-12h<\/strong><\/span><\/p>\n<p><span style=\"font-size: 16px; color: #0000ff;\"><strong>D\u00e9l\u00e9gation d\u00e9partementale : Evry 0164981830\u00a0\u2013 56 bd des Coquibus BP192 91006 Evry<\/strong><\/span><\/p>\n<p>&nbsp;<\/p>\n<p><span style=\"font-size: 16px;\"><strong>Plus d&rsquo;information sur le site du Secours Catholique &#8212;&gt;<a href=\"https:\/\/www.secours-catholique.org\/\"><span style=\"font-size: 20px;\"> ICI<\/span><\/a><\/strong><\/span><\/p>\n<p>&nbsp;<\/p>\n<p><span style=\"font-size: 16px;\"><img loading=\"lazy\" decoding=\"async\" class=\"size-medium wp-image-4970 alignleft\" src=\"https:\/\/www.savigny-viry-catholique.fr\/wp-content\/uploads\/2021\/11\/Journee-pauvres-300x177.jpg\" alt=\"\" width=\"300\" height=\"177\" \/><\/span><\/p>\n<p><span style=\"font-size: 16px;\">Institu\u00e9e par le pape Fran\u00e7ois et fix\u00e9e au 33 -\u00e8me dimanche du temps ordinaire,<\/span> <span style=\"font-size: 16px;\">cette cinqui\u00e8me \u00e9dition\u00a0 invite les catholiques \u00e0 recevoir \u00ab les pauvres comme sacrement du Christ\u00bb et d\u2019avoir une<\/span><br \/>\n<span style=\"font-size: 16px;\">intention particuli\u00e8re pour eux. Cette ann\u00e9e elle sera c\u00e9l\u00e9br\u00e9e le dimanche 14 novembre.<\/span><\/p>\n<p><span style=\"font-size: 16px;\">Le dimanche suivant, 21 novembre 2021 aura lieu la journ\u00e9e nationale du Secours Catholique Caritas France et sa collecte. Ces deux rendez-vous peuvent sensibiliser \u00e0 mettre les personnes ayant une vie difficile, <\/span><span style=\"font-size: 16px;\">pr\u00e9caire, au c\u0153ur du cheminement de nos communaut\u00e9s. Dans notre dioc\u00e8se, au sein de nos paroisses ,mouvements et services, notre \u00c9glise doit \u00eatre particuli\u00e8rement attentive \u00e0 \u00eatre pr\u00e9sente aux plus pauvres.<\/span><br \/>\n<span style=\"font-size: 16px;\">Ces journ\u00e9es sont un appel pour qu\u2019au quotidien nous ayons ce souci d\u2019atteindre les personnes vivant la pr\u00e9carit\u00e9 autour de nous et de les accueillir dans nos communaut\u00e9s. Aujourd\u2019hui, comment l\u2019\u00c9glise va-t-elle <\/span><span style=\"font-size: 16px;\">\u00eatre pr\u00e9sente aupr\u00e8s des personnes aux ressources amoindries par la pand\u00e9mie et la situation \u00e9conomique d\u00e9licate ?<\/span><br \/>\n<span style=\"font-size: 16px;\">Chacun de nous le peut en t\u00e9moignant de la fraternit\u00e9 exp\u00e9riment\u00e9e avec les personnes vivant des pr\u00e9carit\u00e9s, en changeant pour un regard bienveillant et fraternel sur nos fr\u00e8res et s\u0153urs en difficult\u00e9, en accueillant nous-<\/span><span style=\"font-size: 16px;\">m\u00eames en v\u00e9rit\u00e9 nos propres fragilit\u00e9s.<\/span><\/p>\n<p><span style=\"font-size: 16px;\"><strong>Lire le message du Pape Fran\u00e7ois sur le <a href=\"https:\/\/evry.catholique.fr\/5e-journee-mondiale-des-pauvres\/\">site du dioc\u00e8se :\u00a0 ici\u00a0<\/a><\/strong><\/span><\/p>\n<p>&nbsp;<\/p>\n<p><span style=\"font-size: 16px;\"><em>A signaler deux films de Claus Drexel qui pr\u00e9sentent une attention aux pauvres : \u00ab\u00a0Au bord du monde \u00a0\u00bb documentaire de 2013\u00a0 et un film de fiction : \u00ab\u00a0Sous les \u00e9toile de Paris\u00a0\u00bb\u00a0 sorti en 2020.<\/em><\/span><\/p>\n","protected":false},"excerpt":{"rendered":"<p>Apr\u00e8s la 5\u00e8me journ\u00e9e mondiale des pauvres qui a eu lieu le 14 novembre 2021, le\u00a021 novembre\u00a0aura lieu la journ\u00e9e nationale du Secours Catholique Caritas France<\/p>\n","protected":false},"author":990003,"featured_media":4992,"comment_status":"closed","ping_status":"closed","sticky":false,"template":"","format":"standard","meta":{"give_campaign_id":0,"footnotes":""},"categories":[1],"tags":[],"class_list":["post-4968","post","type-post","status-publish","format-standard","has-post-thumbnail","hentry","category-uncategorized"],"_links":{"self":[{"href":"https:\/\/demos.uptitude.fr\/savviry1\/wp-json\/wp\/v2\/posts\/4968","targetHints":{"allow":["GET"]}}],"collection":[{"href":"https:\/\/demos.uptitude.fr\/savviry1\/wp-json\/wp\/v2\/posts"}],"about":[{"href":"https:\/\/demos.uptitude.fr\/savviry1\/wp-json\/wp\/v2\/types\/post"}],"author":[{"embeddable":true,"href":"https:\/\/demos.uptitude.fr\/savviry1\/wp-json\/wp\/v2\/users\/990003"}],"replies":[{"embeddable":true,"href":"https:\/\/demos.uptitude.fr\/savviry1\/wp-json\/wp\/v2\/comments?post=4968"}],"version-history":[{"count":0,"href":"https:\/\/demos.uptitude.fr\/savviry1\/wp-json\/wp\/v2\/posts\/4968\/revisions"}],"wp:featuredmedia":[{"embeddable":true,"href":"https:\/\/demos.uptitude.fr\/savviry1\/wp-json\/"}],"wp:attachment":[{"href":"https:\/\/demos.uptitude.fr\/savviry1\/wp-json\/wp\/v2\/media?parent=4968"}],"wp:term":[{"taxonomy":"category","embeddable":true,"href":"https:\/\/demos.uptitude.fr\/savviry1\/wp-json\/wp\/v2\/categories?post=4968"},{"taxonomy":"post_tag","embeddable":true,"href":"https:\/\/demos.uptitude.fr\/savviry1\/wp-json\/wp\/v2\/tags?post=4968"}],"curies":[{"name":"wp","href":"https:\/\/api.w.org\/{rel}","templated":true}]}}