{"id":4996,"date":"2021-11-16T18:29:06","date_gmt":"2021-11-16T18:29:06","guid":{"rendered":"https:\/\/www.savigny-viry-catholique.fr\/?p=4996"},"modified":"2021-11-16T18:29:06","modified_gmt":"2021-11-16T18:29:06","slug":"assemblee-synodale-du-secteur-savigny-viry-bienheureux-marcel-callo","status":"publish","type":"post","link":"https:\/\/demos.uptitude.fr\/savviry1\/assemblee-synodale-du-secteur-savigny-viry-bienheureux-marcel-callo\/","title":{"rendered":"Assembl\u00e9e synodale du Secteur Savigny-Viry, Bienheureux Marcel Callo"},"content":{"rendered":"<p><span style=\"font-size: 16px;\">Elle aura lieu le vendredi 3 d\u00e9cembre 2021<\/span><\/p>\n<p><!--more--><\/p>\n<p><span style=\"font-size: 20px;\"><img decoding=\"async\" class=\"size-full wp-image-4998 alignleft\" src=\"https:\/\/www.savigny-viry-catholique.fr\/wp-content\/uploads\/2021\/11\/AssembleeSynodale21.png\" alt=\"\" width=\"235\" height=\"185\" \/>Nous vous rappelons l&rsquo;assembl\u00e9e synodale du secteur de Savigny-Viry Bienheureux Marcel Callo, le vendredi 3 d\u00e9cembre 2021 \u00e0 20h15 \u00e0<\/span><br \/>\n<span style=\"font-size: 20px;\">l&rsquo;Espace P\u00e8re Coindreau, 23 avenue des \u00e9coles \u00e0 Savigny sur Orge, pour tous ceux qui ont particip\u00e9 \u00e0 une \u00e9quipe synodale, ou bien qui <\/span><span style=\"font-size: 20px;\">ont suivi d\u2019une mani\u00e8re ou d\u2019une autre la d\u00e9marche synodale.<\/span><\/p>\n<p>&nbsp;<\/p>\n<p><span style=\"font-size: 20px;\">Le choix des membres de l\u2019assembl\u00e9e synodale dioc\u00e9saine est pr\u00e9cis\u00e9 dans le r\u00e8glement du synode : membres de droit, \u00e9lus, nomm\u00e9s ou invit\u00e9s.\u00a0<\/span><br \/>\n<span style=\"font-size: 20px;\">Parmi les membres \u00e9lus, certains le seront dans notre secteur. D\u2019o\u00f9 l\u2019invitation \u00e0 cette assembl\u00e9e de secteur <strong>afin de d\u00e9signer 7 d\u00e9l\u00e9gu\u00e9s et 2 suppl\u00e9ants pour les <\/strong><\/span><span style=\"font-size: 20px;\"><strong>assembl\u00e9es dioc\u00e9saines de mars et juin 202.<\/strong><\/span><\/p>\n<p>&nbsp;<\/p>\n<p style=\"text-align: center;\"><a href=\"https:\/\/www.savigny-viry-catholique.fr\/portfolio\/synode-2020-2022\/\"><span style=\"font-size: 20px; color: #0000ff;\"><strong>Rappel des \u00e9tapes du Synode<\/strong><\/span><\/a><\/p>\n<p><img fetchpriority=\"high\" decoding=\"async\" class=\"size-medium wp-image-5002 alignleft\" src=\"https:\/\/demos.uptitude.fr\/savviry1\/wp-content\/uploads\/2021\/11\/chemin-synode-vers-etape2-300x187.jpg\" alt=\"\" width=\"300\" height=\"187\" srcset=\"https:\/\/demos.uptitude.fr\/savviry1\/wp-content\/uploads\/2021\/11\/chemin-synode-vers-etape2-300x187.jpg 300w, https:\/\/demos.uptitude.fr\/savviry1\/wp-content\/uploads\/2021\/11\/chemin-synode-vers-etape2-768x478.jpg 768w, https:\/\/demos.uptitude.fr\/savviry1\/wp-content\/uploads\/2021\/11\/chemin-synode-vers-etape2-370x230.jpg 370w, https:\/\/demos.uptitude.fr\/savviry1\/wp-content\/uploads\/2021\/11\/chemin-synode-vers-etape2-760x473.jpg 760w, https:\/\/demos.uptitude.fr\/savviry1\/wp-content\/uploads\/2021\/11\/chemin-synode-vers-etape2-407x253.jpg 407w, https:\/\/demos.uptitude.fr\/savviry1\/wp-content\/uploads\/2021\/11\/chemin-synode-vers-etape2.jpg 912w\" sizes=\"(max-width: 300px) 100vw, 300px\" \/><\/p>\n<p>&nbsp;<\/p>\n<p>&nbsp;<\/p>\n<p><strong><span style=\"color: #008000; font-size: 20px;\">En savoir un peu plus en <a href=\"https:\/\/evry.catholique.fr\/synode-diocesain-en-marche-vers-lassemblee-synodale\/\">cliquant ICI<\/a>\u00a0<\/span><\/strong><\/p>\n","protected":false},"excerpt":{"rendered":"<p>Elle aura lieu le vendredi 3 d\u00e9cembre 2021<\/p>\n","protected":false},"author":990003,"featured_media":5002,"comment_status":"closed","ping_status":"closed","sticky":false,"template":"","format":"standard","meta":{"give_campaign_id":0,"footnotes":""},"categories":[1],"tags":[],"class_list":["post-4996","post","type-post","status-publish","format-standard","has-post-thumbnail","hentry","category-uncategorized"],"_links":{"self":[{"href":"https:\/\/demos.uptitude.fr\/savviry1\/wp-json\/wp\/v2\/posts\/4996","targetHints":{"allow":["GET"]}}],"collection":[{"href":"https:\/\/demos.uptitude.fr\/savviry1\/wp-json\/wp\/v2\/posts"}],"about":[{"href":"https:\/\/demos.uptitude.fr\/savviry1\/wp-json\/wp\/v2\/types\/post"}],"author":[{"embeddable":true,"href":"https:\/\/demos.uptitude.fr\/savviry1\/wp-json\/wp\/v2\/users\/990003"}],"replies":[{"embeddable":true,"href":"https:\/\/demos.uptitude.fr\/savviry1\/wp-json\/wp\/v2\/comments?post=4996"}],"version-history":[{"count":0,"href":"https:\/\/demos.uptitude.fr\/savviry1\/wp-json\/wp\/v2\/posts\/4996\/revisions"}],"wp:featuredmedia":[{"embeddable":true,"href":"https:\/\/demos.uptitude.fr\/savviry1\/wp-json\/wp\/v2\/media\/5002"}],"wp:attachment":[{"href":"https:\/\/demos.uptitude.fr\/savviry1\/wp-json\/wp\/v2\/media?parent=4996"}],"wp:term":[{"taxonomy":"category","embeddable":true,"href":"https:\/\/demos.uptitude.fr\/savviry1\/wp-json\/wp\/v2\/categories?post=4996"},{"taxonomy":"post_tag","embeddable":true,"href":"https:\/\/demos.uptitude.fr\/savviry1\/wp-json\/wp\/v2\/tags?post=4996"}],"curies":[{"name":"wp","href":"https:\/\/api.w.org\/{rel}","templated":true}]}}