{"id":5039,"date":"2021-11-15T12:05:29","date_gmt":"2021-11-15T12:05:29","guid":{"rendered":"https:\/\/www.savigny-viry-catholique.fr\/?p=5039"},"modified":"2021-11-15T12:05:29","modified_gmt":"2021-11-15T12:05:29","slug":"les-jeunes-chantent-noel","status":"publish","type":"post","link":"https:\/\/demos.uptitude.fr\/savviry1\/les-jeunes-chantent-noel\/","title":{"rendered":"Les jeunes chantent No\u00ebl"},"content":{"rendered":"<p>&nbsp;<\/p>\n<p style=\"text-align: left;\"><span style=\"font-size: 20px;\">Les\u00a0 jeunes du secteur de Savigny-Viry et la Chorale C\u0153ur d&rsquo;Enfants<\/span><\/p>\n<p style=\"text-align: left;\"><span style=\"font-size: 20px;\">vous invitent au concert de No\u00ebl qu&rsquo;ils donnent le 12 d\u00e9cembre au profit de la Soci\u00e9t\u00e9 St Vincent de Paul. &#8230;<\/span><!--more--><\/p>\n<p>&nbsp;<\/p>\n<p style=\"text-align: center;\"><strong><span style=\"font-size: 20px; color: #0000ff;\"><img fetchpriority=\"high\" decoding=\"async\" class=\"alignleft wp-image-5040 size-full\" src=\"https:\/\/www.savigny-viry-catholique.fr\/wp-content\/uploads\/2021\/11\/FLYER-FINAL-copie.jpg\" alt=\"\" width=\"595\" height=\"842\" \/>Dimanche 12 d\u00e9cembre 2021 <\/span><\/strong><\/p>\n<p style=\"text-align: center;\"><strong><span style=\"font-size: 20px; color: #0000ff;\">\u00e0 15h00<\/span><\/strong><\/p>\n<p style=\"text-align: center;\"><strong><span style=\"font-size: 20px; color: #0000ff;\">\u00a0\u00e0 l&rsquo;\u00e9glise\u00a0 Notre Dame d&rsquo;Esp\u00e9rance \u00e0 Savigny\/Orge<\/span><\/strong><\/p>\n<p>&nbsp;<\/p>\n<p>&nbsp;<\/p>\n<p style=\"text-align: center;\"><span style=\"font-size: 20px;\">vous invitent au concert de No\u00ebl qu&rsquo;ils donnent\u00a0 <\/span><span style=\"font-size: 20px;\">au profit de la Soci\u00e9t\u00e9 St Vincent de Paul.<\/span><\/p>\n<p style=\"text-align: center;\"><span style=\"font-size: 20px;\">L&rsquo;histoire de No\u00ebl racont\u00e9e et chant\u00e9es avec des chants traditionnels.<\/span><\/p>\n<p style=\"text-align: center;\"><strong><span style=\"font-size: 16px;\">Participation aux frais 2\u20ac par personne &#8211; gratuit pour les enfants<\/span><\/strong><\/p>\n<p>&nbsp;<\/p>\n<p><strong><em><span style=\"color: #ff0000;\">Selon les normes sanitaires en vigueur\u00a0 le pass sanitaire sera demand\u00e9 \u00e0 l&rsquo;entr\u00e9e et le port du masque est obligatoire pour les plus de 11 ans<\/span><\/em><\/strong><\/p>\n","protected":false},"excerpt":{"rendered":"<p>&nbsp; Les\u00a0 jeunes du secteur de Savigny-Viry et la Chorale C\u0153ur d&rsquo;Enfants vous invitent au concert de No\u00ebl qu&rsquo;ils donnent le 12 d\u00e9cembre au profit de la Soci\u00e9t\u00e9 St Vincent de Paul. &#8230;<\/p>\n","protected":false},"author":990003,"featured_media":5043,"comment_status":"closed","ping_status":"closed","sticky":false,"template":"","format":"standard","meta":{"give_campaign_id":0,"footnotes":""},"categories":[1],"tags":[],"class_list":["post-5039","post","type-post","status-publish","format-standard","has-post-thumbnail","hentry","category-uncategorized"],"_links":{"self":[{"href":"https:\/\/demos.uptitude.fr\/savviry1\/wp-json\/wp\/v2\/posts\/5039","targetHints":{"allow":["GET"]}}],"collection":[{"href":"https:\/\/demos.uptitude.fr\/savviry1\/wp-json\/wp\/v2\/posts"}],"about":[{"href":"https:\/\/demos.uptitude.fr\/savviry1\/wp-json\/wp\/v2\/types\/post"}],"author":[{"embeddable":true,"href":"https:\/\/demos.uptitude.fr\/savviry1\/wp-json\/wp\/v2\/users\/990003"}],"replies":[{"embeddable":true,"href":"https:\/\/demos.uptitude.fr\/savviry1\/wp-json\/wp\/v2\/comments?post=5039"}],"version-history":[{"count":0,"href":"https:\/\/demos.uptitude.fr\/savviry1\/wp-json\/wp\/v2\/posts\/5039\/revisions"}],"wp:featuredmedia":[{"embeddable":true,"href":"https:\/\/demos.uptitude.fr\/savviry1\/wp-json\/"}],"wp:attachment":[{"href":"https:\/\/demos.uptitude.fr\/savviry1\/wp-json\/wp\/v2\/media?parent=5039"}],"wp:term":[{"taxonomy":"category","embeddable":true,"href":"https:\/\/demos.uptitude.fr\/savviry1\/wp-json\/wp\/v2\/categories?post=5039"},{"taxonomy":"post_tag","embeddable":true,"href":"https:\/\/demos.uptitude.fr\/savviry1\/wp-json\/wp\/v2\/tags?post=5039"}],"curies":[{"name":"wp","href":"https:\/\/api.w.org\/{rel}","templated":true}]}}