{"id":5055,"date":"2021-12-09T17:23:06","date_gmt":"2021-12-09T17:23:06","guid":{"rendered":"https:\/\/www.savigny-viry-catholique.fr\/?p=5055"},"modified":"2021-12-09T17:23:06","modified_gmt":"2021-12-09T17:23:06","slug":"3-eme-dimanche-de-lavent","status":"publish","type":"post","link":"https:\/\/demos.uptitude.fr\/savviry1\/3-eme-dimanche-de-lavent\/","title":{"rendered":"3 \u00e8me Dimanche de l&rsquo;Avent"},"content":{"rendered":"<p>Le mot \u00ab\u00a0Avent\u00a0\u00bb vient du latin \u00ab\u00a0adventus\u00a0\u00bb qui veut dire arriv\u00e9e, venue. Un temps pendant lequel les chr\u00e9tiens attendent la naissance de J\u00e9sus qui est f\u00eat\u00e9e \u00e0 No\u00ebl.\u00a0 3\u00e8me femme \u00e0 connaitre : Ruth &#8230;\/,,,<!--more--><\/p>\n<p>&nbsp;<\/p>\n<p><span style=\"font-size: 20px;\"><strong>Pendant ce temps de l&rsquo;Avent, nous sommes invit\u00e9s \u00e0 (re)d\u00e9couvrir 5 femmes dans la g\u00e9n\u00e9alogie de J\u00e9sus ; 5 femmes, hors-normes.<\/strong><\/span><\/p>\n<p>&nbsp;<\/p>\n<p style=\"text-align: center;\"><strong><span style=\"color: #0000ff; font-size: 24px;\">Une autre vision de la destin\u00e9e humaine<\/span><\/strong><\/p>\n<p><span style=\"font-size: 20px;\">Dans la g\u00e9n\u00e9alogie de J\u00e9sus, une g\u00e9n\u00e9alogie masculine, on trouve toutefois les noms de 5 femmes : Tamar (Gn 38)\u2026 Rahab (Jos. 2, 1-21)\u2026 Ruth (Rt. chap. 1 \u00e0 4)\u2026 La femme d\u2019Urie (2S, chap. 11 et 12)\u2026et Marie, qui fait la jonction entre l\u2019Ancien Testament et le Nouveau. <\/span><\/p>\n<p><span style=\"font-size: 20px;\">Cinq femmes hors-normes !&#8230;<\/span><br \/>\n<span style=\"font-size: 20px;\">Parmi ces femmes, quatre sont \u00e9trang\u00e8res au peuple de Dieu et trois connaissent des situations d\u2019inceste, de souillure et d\u2019adult\u00e8re. Chacune a \u00e9t\u00e9 pourtant choisie par Dieu pour \u00eatre un maillon essentiel dans la cha\u00eene des g\u00e9n\u00e9rations et nous d\u00e9voile une autre vision de la r\u00e9ussite et de la destin\u00e9e humaine&#8230;\/&#8230;<\/span><\/p>\n<p><span style=\"font-size: 20px;\">Le Dieu de l\u2019Histoire travaille encore aujourd\u2019hui, accomplit ses promesses et nous rappelle le salut qui nous a \u00e9t\u00e9 offert en Christ. Dieu choisit celle qui est faible, pauvre, \u00e9trang\u00e8re, souill\u00e9e, pour accomplir ses projets \u00e9lev\u00e9s. Il tire du bien d\u2019une situation d\u00e9sesp\u00e9r\u00e9e. Ces femmes \u00e9trang\u00e8res pr\u00e9figurent l&rsquo;accueil des pa\u00efens dans l&rsquo;\u00e9glise et montrent que personne n&rsquo;est au-del\u00e0 de la port\u00e9e du Royaume. Le message de l\u2019\u00e9vangile est pour ceux qui se sentent coupables, indignes : J\u00e9sus est venu pour sauver des p\u00e9cheurs. Le Fils de Dieu a daign\u00e9 na\u00eetre avec de telles anc\u00eatres\u2026 <\/span><\/p>\n<p><span style=\"font-size: 20px;\">Toi qui as honte de toi-m\u00eame, ou de ton pass\u00e9, J\u00e9sus est venu aussi pour toi.<\/span><\/p>\n<p>&nbsp;<\/p>\n<p style=\"text-align: center;\"><img fetchpriority=\"high\" decoding=\"async\" class=\"alignnone size-medium wp-image-5057\" src=\"https:\/\/www.savigny-viry-catholique.fr\/wp-content\/uploads\/2021\/12\/3eme-Dim-Avent-300x225.jpg\" alt=\"\" width=\"300\" height=\"225\" \/><\/p>\n<p>&nbsp;<\/p>\n<p style=\"text-align: center;\"><span style=\"font-size: 20px; color: #0000ff;\"><strong>12 d\u00e9cembre : 3 \u00e8me dimanche de l&rsquo;Avent : Ruth<\/strong><\/span><\/p>\n<p>&nbsp;<\/p>\n<p><span style=\"font-size: 20px;\"><img decoding=\"async\" class=\"alignleft wp-image-5060\" src=\"https:\/\/www.savigny-viry-catholique.fr\/wp-content\/uploads\/2021\/12\/Ruth.jpg\" alt=\"\" width=\"300\" height=\"375\" \/><\/span><\/p>\n<p>&nbsp;<\/p>\n<p>&nbsp;<\/p>\n<p><span style=\"font-size: 20px;\">Ruth s\u2019attache \u00e0 sa belle-m\u00e8re Naomi : elle renonce \u00e0 sa famille, <\/span><span style=\"font-size: 20px;\">\u00e0 son <\/span><span style=\"font-size: 20px;\">identit\u00e9 nationale et \u00e0 ses dieux pour rester avec elle.\u00a0 \u00a0 \u00a0 \u00a0 \u00a0 \u00a0 \u00a0 \u00a0 \u00a0 \u00a0 \u00a0 \u00a0 \u00a0 \u00a0 \u00a0 \u00a0 \u00a0 \u00a0 \u00a0 \u00a0 \u00a0 \u00a0 \u00a0 \u00a0 \u00a0 \u00a0 \u00a0 \u00a0 \u00a0 \u00a0 \u00a0 \u00a0 \u00a0 \u00a0 \u00a0 \u00a0 \u00a0 \u00a0 \u00a0 \u00a0 \u00a0 \u00a0 \u00a0 \u00a0 \u00a0 <\/span><\/p>\n<p><span style=\"font-size: 20px;\">Jeune veuve, <\/span><span style=\"font-size: 20px;\">\u00e9trang\u00e8re immigr\u00e9e sans protection, elle va de l\u2019avant sans conna\u00eetre ce <\/span><span style=\"font-size: 20px;\">qui l\u2019attend.<\/span><\/p>\n<p>&nbsp;<\/p>\n<p><span style=\"font-size: 20px;\">Une r\u00e9fugi\u00e9e qui mange le pain des habitants. Booz va lui redonner sa dignit\u00e9.<\/span><\/p>\n<p>&nbsp;<\/p>\n<p>&nbsp;<\/p>\n<p><span style=\"font-size: 20px;\"><strong>T\u00e9l\u00e9charger <a href=\"http:\/\/www.savigny-viry-catholique.fr\/Download\/doc\/2021-12-12RUTH_extract_2.pdf\">ici le texte sur Ruth<\/a><\/strong><\/span><\/p>\n<p>&nbsp;<\/p>\n<p>&nbsp;<\/p>\n<p>&nbsp;<\/p>\n<figure id=\"attachment_5059\" aria-describedby=\"caption-attachment-5059\" style=\"width: 500px\" class=\"wp-caption alignnone\"><img decoding=\"async\" class=\"wp-image-5059\" title=\"Ruth et Booz - Alexandre Cabanel vers 1868\" src=\"https:\/\/www.savigny-viry-catholique.fr\/wp-content\/uploads\/2021\/12\/Ruth-et-Booz-300x163.jpg\" alt=\"\" width=\"500\" height=\"271\" \/><figcaption id=\"caption-attachment-5059\" class=\"wp-caption-text\">Ruth et Booz &#8211; Alexandre Cabanel vers 1868<\/figcaption><\/figure>\n<p>&nbsp;<\/p>\n<p><span style=\"color: #0000ff; font-size: 20px;\"><strong>L&rsquo;histoire de Ruth en vid\u00e9o &#8211; n&rsquo;h\u00e9sitez pas \u00e0 cr\u00e9er un compte Vodeus , c&rsquo;est gratuit !<\/strong><\/span><\/p>\n<p><span style=\"font-size: 20px;\"><strong>cliquez sur les images\u00a0<\/strong><\/span><\/p>\n<p><a href=\"https:\/\/vodeus.tv\/video\/ruth-laudace-dune-femme-combattante-1231\"><img loading=\"lazy\" decoding=\"async\" class=\"size-medium wp-image-5063 alignleft\" src=\"https:\/\/www.savigny-viry-catholique.fr\/wp-content\/uploads\/2021\/12\/vodeus-Ruth-300x198.png\" alt=\"\" width=\"300\" height=\"198\" \/><\/a> <a href=\"https:\/\/vodeus.tv\/video\/ruth-ou-les-moissons-enchantees-2395\"><img loading=\"lazy\" decoding=\"async\" class=\"size-medium wp-image-5062 alignright\" src=\"https:\/\/www.savigny-viry-catholique.fr\/wp-content\/uploads\/2021\/12\/vodeus-ruth01-300x198.png\" alt=\"\" width=\"300\" height=\"198\" \/><\/a><\/p>\n<p><span style=\"font-size: 16px;\"><em><strong>Ruth l&rsquo;audace d&rsquo;une femme\u00a0<\/strong><\/em><\/span><\/p>\n<p style=\"text-align: right;\"><span style=\"font-size: 16px;\"><strong>Ruth ou les moissons enchant\u00e9es<\/strong><\/span><\/p>\n<p>&nbsp;<\/p>\n<p>&nbsp;<\/p>\n<p>&nbsp;<\/p>\n<p>&nbsp;<\/p>\n<p>&nbsp;<\/p>\n<p>&nbsp;<\/p>\n<p>&nbsp;<\/p>\n<p>&nbsp;<\/p>\n<p>&nbsp;<\/p>\n<p>&nbsp;<\/p>\n<p>&nbsp;<\/p>\n<p style=\"text-align: center;\"><strong><span style=\"color: #0000ff; font-size: 20px;\">5 d\u00e9cembre : 2\u00e8me dimanche de l&rsquo;Avent : Rahab<\/span><\/strong><\/p>\n<p><img loading=\"lazy\" decoding=\"async\" class=\"wp-image-5050 alignleft\" src=\"https:\/\/www.savigny-viry-catholique.fr\/wp-content\/uploads\/2021\/12\/Rahab-02-805x1024.jpg\" alt=\"\" width=\"450\" height=\"573\" \/><\/p>\n<p>&nbsp;<\/p>\n<p>&nbsp;<\/p>\n<p><span style=\"font-size: 20px;\">Une prostitu\u00e9e, dont l\u2019auberge est construite sur les murailles de J\u00e9richo.<\/span><br \/>\n<span style=\"font-size: 20px;\">Comme tous les habitants de la ville, elle a entendu les miracles que Dieu<\/span><br \/>\n<span style=\"font-size: 20px;\">a op\u00e9r\u00e9s pour les Isra\u00e9lites et redoute leur arriv\u00e9e : ce peuple campe \u00e0 l\u2019est<\/span><br \/>\n<span style=\"font-size: 20px;\">de la Jordanie et va bient\u00f4t entrer dans le pays, d\u00e9truire J\u00e9richo.<\/span><\/p>\n<p>&nbsp;<\/p>\n<p><span style=\"font-size: 20px;\">Une femme intelligente et sage. Pour sauver la vie des deux hommes, elle<\/span><br \/>\n<span style=\"font-size: 20px;\">est pr\u00eate \u00e0 mettre la sienne en danger. Elle a de fortes convictions : elle<\/span><br \/>\n<span style=\"font-size: 20px;\">reconna\u00eet la supr\u00e9matie de Dieu, recherche sa faveur et sa protection, et<\/span><br \/>\n<span style=\"font-size: 20px;\">inclut sa famille dans sa demande&#8230;. \/&#8230;..<\/span><\/p>\n<p>&nbsp;<\/p>\n<p><span style=\"font-size: 20px;\"><strong>T\u00e9l\u00e9charger<a href=\"http:\/\/www.savigny-viry-catholique.fr\/Download\/doc\/2021-12-05RAHAB_extract_1.pdf\"> ici le texte sur Rahab<\/a><\/strong><\/span><\/p>\n<p>&nbsp;<\/p>\n<p>&nbsp;<\/p>\n<p><strong><span style=\"font-size: 20px; color: #0000ff;\">L&rsquo;histoire de Rahab : vid\u00e9o du Jour du Seigneur &#8211; Vodeus &#8211;<\/span><\/strong><\/p>\n<p><strong><span style=\"color: #ff6600; font-size: 16px;\"> Ne pas h\u00e9siter \u00e0 cr\u00e9er un compte, les vid\u00e9os sont gratuites !<\/span><\/strong><\/p>\n<p><span style=\"font-size: 16px;\"><strong>Cliquez sur l&rsquo;image ci-dessous<\/strong><\/span><\/p>\n<p><a href=\"https:\/\/vodeus.tv\/video\/rahab-la-prostituee-de-jericho-1306\"><img loading=\"lazy\" decoding=\"async\" class=\"alignnone size-full wp-image-5049\" src=\"https:\/\/www.savigny-viry-catholique.fr\/wp-content\/uploads\/2021\/12\/Rahab-video.jpg\" alt=\"\" width=\"187\" height=\"112\" \/><\/a><\/p>\n<p>&nbsp;<\/p>\n<p>&nbsp;<\/p>\n<p>&nbsp;<\/p>\n<p>&nbsp;<\/p>\n<p>&nbsp;<\/p>\n<p style=\"text-align: center;\"><span style=\"color: #0000ff; font-size: 20px;\"><strong>28 novembre : 1er dimanche de l\u2019Avent : <span style=\"font-size: 24px;\">Tamar<\/span><\/strong><\/span><\/p>\n<p style=\"text-align: left;\"><a href=\"http:\/\/www.savigny-viry-catholique.fr\/Download\/doc\/2021-11-28TAMAR_extract.pdf\"><span style=\"font-size: 20px; font-family: arial, helvetica, sans-serif;\"><img loading=\"lazy\" decoding=\"async\" class=\" wp-image-5021 alignleft\" src=\"https:\/\/www.savigny-viry-catholique.fr\/wp-content\/uploads\/2021\/11\/JudaTamar-ecoledeRembrandtcopyrigthWikimedia-01-300x235.jpg\" alt=\"\" width=\"364\" height=\"278\" \/><\/span><\/a><\/p>\n<p>&nbsp;<\/p>\n<p>&nbsp;<\/p>\n<p style=\"text-align: left;\"><span style=\"font-size: 20px; font-family: arial, helvetica, sans-serif;\">D\u00e9guis\u00e9e en prostitu\u00e9e, cette femme canan\u00e9enne issue d&rsquo;une famille pa\u00efenne <\/span><span style=\"font-size: 20px; font-family: arial, helvetica, sans-serif;\">devient enceinte de son beau-p\u00e8re Juda. Elle donne naissance \u00e0 des jumeaux dont l\u2019un, <strong>P\u00e9rets<\/strong>, sera <strong>l\u2019anc\u00eatre du roi David<\/strong>. Sa pr\u00e9sence dans cette g\u00e9n\u00e9alogie nous rappelle, au travers d&rsquo;une vie tr\u00e8s compliqu\u00e9e, ses valeurs, sa justice<\/span><\/p>\n<p>&nbsp;<\/p>\n<p><span style=\"font-size: 20px;\"><strong>T\u00e9l\u00e9charger <a href=\"http:\/\/www.savigny-viry-catholique.fr\/Download\/doc\/2021-11-28TAMAR_extract.pdf\">ICI le texte sur TAMAR<\/a>\u00a0<\/strong><\/span><\/p>\n<p>&nbsp;<\/p>\n<p>&nbsp;<\/p>\n<p>&nbsp;<\/p>\n<p>eme fe<\/p>\n<p>&nbsp;<\/p>\n<p style=\"text-align: center;\"><span style=\"font-size: 20px;\"><strong><span style=\"color: #0000ff;\"><a href=\"https:\/\/www.youtube.com\/watch?v=OL7BFkLHKeQ\">Voir la vid\u00e9o <\/a>propos\u00e9e par l&rsquo;abbaye b\u00e9n\u00e9dictine Sainte Marie de la R\u00e9surrection Abu Gosh<\/span><\/strong><\/span><\/p>\n<p><a href=\"https:\/\/www.youtube.com\/watch?v=OL7BFkLHKeQ\"><img loading=\"lazy\" decoding=\"async\" class=\"wp-image-5025 aligncenter\" src=\"https:\/\/www.savigny-viry-catholique.fr\/wp-content\/uploads\/2021\/11\/Abu-Gosh-Tamar-copie-300x87.jpg\" alt=\"\" width=\"442\" height=\"160\" \/><\/a><\/p>\n<p>&nbsp;<\/p>\n","protected":false},"excerpt":{"rendered":"<p>Le mot \u00ab\u00a0Avent\u00a0\u00bb vient du latin \u00ab\u00a0adventus\u00a0\u00bb qui veut dire arriv\u00e9e, venue. Un temps pendant lequel les chr\u00e9tiens attendent la naissance de J\u00e9sus qui est f\u00eat\u00e9e \u00e0 No\u00ebl.\u00a0 3\u00e8me femme \u00e0 connaitre : Ruth &#8230;\/,,,<\/p>\n","protected":false},"author":990003,"featured_media":5058,"comment_status":"closed","ping_status":"closed","sticky":false,"template":"","format":"standard","meta":{"give_campaign_id":0,"footnotes":""},"categories":[1],"tags":[],"class_list":["post-5055","post","type-post","status-publish","format-standard","has-post-thumbnail","hentry","category-uncategorized"],"_links":{"self":[{"href":"https:\/\/demos.uptitude.fr\/savviry1\/wp-json\/wp\/v2\/posts\/5055","targetHints":{"allow":["GET"]}}],"collection":[{"href":"https:\/\/demos.uptitude.fr\/savviry1\/wp-json\/wp\/v2\/posts"}],"about":[{"href":"https:\/\/demos.uptitude.fr\/savviry1\/wp-json\/wp\/v2\/types\/post"}],"author":[{"embeddable":true,"href":"https:\/\/demos.uptitude.fr\/savviry1\/wp-json\/wp\/v2\/users\/990003"}],"replies":[{"embeddable":true,"href":"https:\/\/demos.uptitude.fr\/savviry1\/wp-json\/wp\/v2\/comments?post=5055"}],"version-history":[{"count":0,"href":"https:\/\/demos.uptitude.fr\/savviry1\/wp-json\/wp\/v2\/posts\/5055\/revisions"}],"wp:featuredmedia":[{"embeddable":true,"href":"https:\/\/demos.uptitude.fr\/savviry1\/wp-json\/"}],"wp:attachment":[{"href":"https:\/\/demos.uptitude.fr\/savviry1\/wp-json\/wp\/v2\/media?parent=5055"}],"wp:term":[{"taxonomy":"category","embeddable":true,"href":"https:\/\/demos.uptitude.fr\/savviry1\/wp-json\/wp\/v2\/categories?post=5055"},{"taxonomy":"post_tag","embeddable":true,"href":"https:\/\/demos.uptitude.fr\/savviry1\/wp-json\/wp\/v2\/tags?post=5055"}],"curies":[{"name":"wp","href":"https:\/\/api.w.org\/{rel}","templated":true}]}}