{"id":5077,"date":"2021-12-30T17:00:22","date_gmt":"2021-12-30T17:00:22","guid":{"rendered":"https:\/\/www.savigny-viry-catholique.fr\/?p=5077"},"modified":"2021-12-30T17:00:22","modified_gmt":"2021-12-30T17:00:22","slug":"4-eme-dimanche-de-lavent","status":"publish","type":"post","link":"https:\/\/demos.uptitude.fr\/savviry1\/4-eme-dimanche-de-lavent\/","title":{"rendered":"Une autre vision de la destin\u00e9e humaine"},"content":{"rendered":"<p><span style=\"font-size: 20px;\"><strong>\u00a0 5 femmes \u00e0 (re)d\u00e9couvrir dans la g\u00e9n\u00e9alogie de J\u00e9sus ; 5 femmes, hors-normes&#8230;\/&#8230;<\/strong><\/span><\/p>\n<p><!--more--><\/p>\n<p><span style=\"font-size: 20px;\"><strong>Pendant l&rsquo;Avent 2021, nous avons \u00e9t\u00e9 invit\u00e9s \u00e0 (re)d\u00e9couvrir 5 femmes dans la g\u00e9n\u00e9alogie de J\u00e9sus ; 5 femmes, hors-normes.<\/strong><\/span><\/p>\n<p>&nbsp;<\/p>\n<p style=\"text-align: center;\"><strong><span style=\"color: #0000ff; font-size: 24px;\">Une autre vision de la destin\u00e9e humaine<\/span><\/strong><\/p>\n<p><span style=\"font-size: 20px;\">Dans la g\u00e9n\u00e9alogie de J\u00e9sus, une g\u00e9n\u00e9alogie masculine, on trouve toutefois les noms de 5 femmes : Tamar (Gn 38)\u2026 Rahab (Jos. 2, 1-21)\u2026 Ruth (Rt. chap. 1 \u00e0 4)\u2026 La femme d\u2019Urie (2S, chap. 11 et 12)\u2026et Marie, qui fait la jonction entre l\u2019Ancien Testament et le Nouveau. <\/span><\/p>\n<p><span style=\"font-size: 20px;\">Cinq femmes hors-normes !&#8230;<\/span><br \/>\n<span style=\"font-size: 20px;\">Parmi ces femmes, quatre sont \u00e9trang\u00e8res au peuple de Dieu et trois connaissent des situations d\u2019inceste, de souillure et d\u2019adult\u00e8re. Chacune a \u00e9t\u00e9 pourtant choisie par Dieu pour \u00eatre un maillon essentiel dans la cha\u00eene des g\u00e9n\u00e9rations et nous d\u00e9voile une autre vision de la r\u00e9ussite et de la destin\u00e9e humaine&#8230;\/&#8230;<\/span><\/p>\n<p><span style=\"font-size: 20px;\">Le Dieu de l\u2019Histoire travaille encore aujourd\u2019hui, accomplit ses promesses et nous rappelle le salut qui nous a \u00e9t\u00e9 offert en Christ. Dieu choisit celle qui est faible, pauvre, \u00e9trang\u00e8re, souill\u00e9e, pour accomplir ses projets \u00e9lev\u00e9s. Il tire du bien d\u2019une situation d\u00e9sesp\u00e9r\u00e9e. Ces femmes \u00e9trang\u00e8res pr\u00e9figurent l&rsquo;accueil des pa\u00efens dans l&rsquo;\u00e9glise et montrent que personne n&rsquo;est au-del\u00e0 de la port\u00e9e du Royaume. Le message de l\u2019\u00e9vangile est pour ceux qui se sentent coupables, indignes : J\u00e9sus est venu pour sauver des p\u00e9cheurs. Le Fils de Dieu a daign\u00e9 na\u00eetre avec de telles anc\u00eatres\u2026 <\/span><\/p>\n<p><span style=\"font-size: 20px;\">Toi qui as honte de toi-m\u00eame, ou de ton pass\u00e9, J\u00e9sus est venu aussi pour toi.<\/span><\/p>\n<p>&nbsp;<\/p>\n<p style=\"text-align: center;\"><span style=\"font-size: 20px;\"><strong>NO\u00cbL : Un enfant nous est n\u00e9, un fils nous est donn\u00e9<\/strong><\/span><\/p>\n<p style=\"text-align: center;\"><span style=\"color: #0000ff; font-size: 24px;\"><strong>Marie, la m\u00e8re de J\u00e9sus<\/strong><\/span><\/p>\n<p style=\"text-align: center;\"><span style=\"color: #0000ff;\"><strong><span style=\"font-size: 20px;\">Humble et confiante en Dieu<\/span><\/strong><\/span><\/p>\n<p>&nbsp;<\/p>\n<figure id=\"attachment_5100\" aria-describedby=\"caption-attachment-5100\" style=\"width: 300px\" class=\"wp-caption alignleft\"><img fetchpriority=\"high\" decoding=\"async\" class=\"wp-image-5100 size-medium\" src=\"https:\/\/www.savigny-viry-catholique.fr\/wp-content\/uploads\/2021\/12\/Nativite-Toffoli-300x300.jpg\" alt=\"\" width=\"300\" height=\"300\" \/><figcaption id=\"caption-attachment-5100\" class=\"wp-caption-text\">Louis Toffoli : maternit\u00e9 &#8211; Tapisserie<\/figcaption><\/figure>\n<p><span style=\"font-size: 20px;\">Elle habite \u00e0 Nazareth, en Galil\u00e9e, est fianc\u00e9e \u00e0 Joseph, de la famille de David&#8230;\/&#8230;<\/span><\/p>\n<p><span style=\"font-size: 20px;\"><strong><span style=\"color: #0000ff;\">Elle va devenir la m\u00e8re du Messie !<\/span><\/strong><\/span><\/p>\n<p><span style=\"font-size: 20px;\">Une jeune fille qui se trouvait enceinte en dehors du mariage, ou de la promesse du mariage, d\u00e9truisait la r\u00e9putation de la famille. Marie est la jeune fille choisie par Dieu pour donner naissance au Sauveur du monde. Avec Joseph elle offre le sacrifice des pauvres&#8230;\/&#8230;<\/span><\/p>\n<p>&nbsp;<\/p>\n<p><span style=\"font-size: 20px;\">Elle est simple, se d\u00e9crit comme une servante sans importance, se reconna\u00eet p\u00e9cheresse et appelle Dieu \u00ab son Sauveur \u00bb.<\/span><\/p>\n<p>&nbsp;<\/p>\n<p><span style=\"font-size: 20px;\"><strong>T\u00e9l\u00e9chargez\u00a0<a href=\"http:\/\/www.savigny-viry-catholique.fr\/Download\/doc\/2021-12-25MARIE_extract_4.pdf\"> ICI le texte consacr\u00e9 \u00e0 Marie<\/a><\/strong><\/span><\/p>\n<p>&nbsp;<\/p>\n<p>&nbsp;<\/p>\n<p>&nbsp;<\/p>\n<p><a href=\"https:\/\/vodeus.tv\/video\/marie-fille-de-galilee-2588\"><img decoding=\"async\" class=\"size-medium wp-image-5103 alignleft\" src=\"https:\/\/www.savigny-viry-catholique.fr\/wp-content\/uploads\/2021\/12\/Marie-fille-gallilee-300x215.jpg\" alt=\"\" width=\"300\" height=\"215\" \/><\/a><\/p>\n<p>&nbsp;<\/p>\n<p>&nbsp;<\/p>\n<p><span style=\"font-size: 20px;\"><strong><span style=\"color: #0000ff;\">Voir la vid\u00e9o sur Marie\u00a0 en cliquant sur l&rsquo;image\u00a0<\/span><\/strong><\/span><\/p>\n<p><span style=\"font-size: 16px;\"><strong>N&rsquo;h\u00e9s<\/strong><\/span><span style=\"font-size: 16px;\"><strong>itez pas \u00e0 cr\u00e9er un compte c&rsquo;est gratuit !<\/strong><\/span> (Vodeus-\u00a0 CFRT- Le jour du Seigneur)<\/p>\n<p>&nbsp;<\/p>\n<p>&nbsp;<\/p>\n<p>&nbsp;<\/p>\n<p>&nbsp;<\/p>\n<p>&nbsp;<\/p>\n<p><a href=\"https:\/\/image-et-pastorale.ec-ressources.fr\/swf\/snativite.php\"><img decoding=\"async\" class=\"alignright wp-image-5102\" src=\"https:\/\/www.savigny-viry-catholique.fr\/wp-content\/uploads\/2021\/12\/Nativite-Lans-le-villard-02-1024x924.jpg\" alt=\"\" width=\"400\" height=\"361\" \/><\/a><\/p>\n<p>&nbsp;<\/p>\n<p>&nbsp;<\/p>\n<p>&nbsp;<\/p>\n<p>&nbsp;<\/p>\n<p>&nbsp;<\/p>\n<p><span style=\"font-size: 16px; color: #0000ff;\"><b>Une lecture d&rsquo;image \u00e0 partir de la Nativit\u00e9 &#8211; fresque du XV \u00e8me si\u00e8cle Chapelle Saint <\/b><\/span><span style=\"color: #0000ff;\"><span style=\"font-size: 16px;\"><b>S\u00e9bastien<\/b><\/span><\/span><span style=\"font-size: 16px; color: #0000ff;\"><b> &#8211; Lans le Villard (Savoie)<\/b><\/span><\/p>\n<p><strong><span style=\"font-size: 16px;\">Une animation propos\u00e9e par \u00ab\u00a0Image et Pastorale\u00a0\u00bb<\/span><\/strong><\/p>\n<p><span style=\"font-size: 20px; color: #000080;\"><strong>\u00a0Cliquez sur l&rsquo;image , puis r\u00e9pondez aux questions en suivant le guide ! &#8212;&#8212;&#8212;&gt;<\/strong><\/span><\/p>\n<p>&nbsp;<\/p>\n<p>&nbsp;<\/p>\n<p>&nbsp;<\/p>\n<p>&nbsp;<\/p>\n<p>&nbsp;<\/p>\n<p>&nbsp;<\/p>\n<p style=\"text-align: left;\"><span style=\"color: #0000ff; font-size: 24px;\"><strong>19 d\u00e9cembre : 4 \u00e8me dimanche de l&rsquo;Avent : Bath Ch\u00e9ba ( Bethsab\u00e9e )<\/strong><\/span><\/p>\n<p>&nbsp;<\/p>\n<p>&nbsp;<\/p>\n<p style=\"text-align: left;\"><img loading=\"lazy\" decoding=\"async\" class=\"wp-image-5073 alignleft\" src=\"https:\/\/www.savigny-viry-catholique.fr\/wp-content\/uploads\/2021\/12\/DavidBethsabee-\u00a9BNF-1.jpg\" alt=\"\" width=\"350\" height=\"536\" \/><\/p>\n<p>&nbsp;<\/p>\n<p>&nbsp;<\/p>\n<p>&nbsp;<\/p>\n<p>&nbsp;<\/p>\n<p><span style=\"font-size: 20px;\">Une r\u00e9putation de s\u00e9ductrice ?\u00a0 mais elle n&rsquo;est pour rien dans cette affaire, <\/span><\/p>\n<p><span style=\"font-size: 20px;\">sa beaut\u00e9 l\u2019assujettit au d\u00e9sir d\u2019un roi.<\/span><\/p>\n<p><span style=\"font-size: 20px;\">Une femme abus\u00e9e, muette et triste de perdre son b\u00e9b\u00e9 mais qui a trouv\u00e9 <\/span><\/p>\n<p><span style=\"font-size: 20px;\">le courage de surmonter la trag\u00e9die.<\/span><\/p>\n<p>&nbsp;<\/p>\n<p><span style=\"font-size: 20px;\">Souvent nomm\u00e9e \u00ab\u00a0la femme d&rsquo;Urie\u00a0\u00bb et non par son pr\u00e9nom, <\/span><span style=\"font-size: 20px;\">son histoire retrace <\/span><\/p>\n<p><span style=\"font-size: 20px;\">le cheminement d\u2019une femme touch\u00e9e par la gr\u00e2ce illimit\u00e9e de Dieu<\/span><\/p>\n<p>&nbsp;<\/p>\n<p>&nbsp;<\/p>\n<p><strong><span style=\"color: #0000ff; font-size: 20px;\">T\u00e9l\u00e9chargez <a href=\"http:\/\/www.savigny-viry-catholique.fr\/Download\/doc\/2021-12-19BETHSABEE_extract_3.pdf\">ICI le texte sur Bethsab\u00e9e<\/a><\/span><\/strong><\/p>\n<p>&nbsp;<\/p>\n<p>&nbsp;<\/p>\n<figure id=\"attachment_5072\" aria-describedby=\"caption-attachment-5072\" style=\"width: 242px\" class=\"wp-caption aligncenter\"><a href=\"https:\/\/vodeus.tv\/video\/david-et-bethsabee-ou-crime-chatiment-et-remission-2402\"><img loading=\"lazy\" decoding=\"async\" class=\"size-medium wp-image-5072\" src=\"https:\/\/www.savigny-viry-catholique.fr\/wp-content\/uploads\/2021\/12\/marc-chagall-roi-david-et-bethsabee-au-clair-de-lune-242x300.jpg\" alt=\"\" width=\"242\" height=\"300\" \/><\/a><figcaption id=\"caption-attachment-5072\" class=\"wp-caption-text\">marc-chagall- Le roi-David-et-Bethsab\u00e9e-au-clair-de-lune<\/figcaption><\/figure>\n<p><span style=\"color: #0000ff; font-size: 20px;\"><strong>L&rsquo;histoire de Bethsab\u00e9e\u00a0 en vid\u00e9o &#8211; n&rsquo;h\u00e9sitez pas \u00e0 cr\u00e9er un compte Vodeus , c&rsquo;est gratuit !<\/strong><\/span><\/p>\n<p><span style=\"font-size: 20px;\"><strong>\u00a0 \u00a0 \u00a0 \u00a0 \u00a0 \u00a0 \u00a0 \u00a0 \u00a0 \u00a0 \u00a0 \u00a0 \u00a0 \u00a0 \u00a0 \u00a0 \u00a0 \u00a0 \u00a0 \u00a0 \u00a0 \u00a0 \u00a0 \u00a0 \u00a0 <\/strong><\/span><a href=\"https:\/\/vodeus.tv\/video\/david-et-bethsabee-ou-crime-chatiment-et-remission-2402\"><span style=\"font-size: 20px;\"><strong><img loading=\"lazy\" decoding=\"async\" class=\"size-medium wp-image-5076 alignleft\" src=\"https:\/\/www.savigny-viry-catholique.fr\/wp-content\/uploads\/2021\/12\/Betsabee-Vodeus-300x209.jpg\" alt=\"\" width=\"300\" height=\"209\" \/><\/strong><\/span><\/a><\/p>\n<p><span style=\"font-size: 20px;\"><strong>cliquez sur l&rsquo;image<\/strong><\/span><\/p>\n<p>&nbsp;<\/p>\n<p>&nbsp;<\/p>\n<p>&nbsp;<\/p>\n<p>&nbsp;<\/p>\n<p>&nbsp;<\/p>\n<p>&nbsp;<\/p>\n<p>&nbsp;<\/p>\n<p>&nbsp;<\/p>\n<p style=\"text-align: center;\"><span style=\"font-size: 24px; color: #0000ff;\"><strong>12 d\u00e9cembre : 3 \u00e8me dimanche de l&rsquo;Avent : Ruth<\/strong><\/span><\/p>\n<p>&nbsp;<\/p>\n<p><span style=\"font-size: 20px;\"><img loading=\"lazy\" decoding=\"async\" class=\"alignleft wp-image-5060\" src=\"https:\/\/www.savigny-viry-catholique.fr\/wp-content\/uploads\/2021\/12\/Ruth.jpg\" alt=\"\" width=\"300\" height=\"375\" \/><\/span><\/p>\n<p>&nbsp;<\/p>\n<p>&nbsp;<\/p>\n<p><span style=\"font-size: 20px;\">Ruth s\u2019attache \u00e0 sa belle-m\u00e8re Naomi : elle renonce \u00e0 sa famille, <\/span><span style=\"font-size: 20px;\">\u00e0 son <\/span><span style=\"font-size: 20px;\">identit\u00e9 nationale et \u00e0 ses dieux pour rester avec elle.\u00a0 \u00a0 \u00a0 \u00a0 \u00a0 \u00a0 \u00a0 \u00a0 \u00a0 \u00a0 \u00a0 \u00a0 \u00a0 \u00a0 \u00a0 \u00a0 \u00a0 \u00a0 \u00a0 \u00a0 \u00a0 \u00a0 \u00a0 \u00a0 \u00a0 \u00a0 \u00a0 \u00a0 \u00a0 \u00a0 \u00a0 \u00a0 \u00a0 \u00a0 \u00a0 \u00a0 \u00a0 \u00a0 \u00a0 \u00a0 \u00a0 \u00a0 \u00a0 \u00a0 \u00a0 <\/span><\/p>\n<p><span style=\"font-size: 20px;\">Jeune veuve, <\/span><span style=\"font-size: 20px;\">\u00e9trang\u00e8re immigr\u00e9e sans protection, elle va de l\u2019avant sans conna\u00eetre ce <\/span><span style=\"font-size: 20px;\">qui l\u2019attend.<\/span><\/p>\n<p>&nbsp;<\/p>\n<p><span style=\"font-size: 20px;\">Une r\u00e9fugi\u00e9e qui mange le pain des habitants. Booz va lui redonner sa dignit\u00e9.<\/span><\/p>\n<p>&nbsp;<\/p>\n<p>&nbsp;<\/p>\n<p><span style=\"font-size: 20px;\"><strong>T\u00e9l\u00e9charger <a href=\"http:\/\/www.savigny-viry-catholique.fr\/Download\/doc\/2021-12-12RUTH_extract_2.pdf\">ici le texte sur Ruth<\/a><\/strong><\/span><\/p>\n<p>&nbsp;<\/p>\n<p>&nbsp;<\/p>\n<p>&nbsp;<\/p>\n<figure id=\"attachment_5059\" aria-describedby=\"caption-attachment-5059\" style=\"width: 500px\" class=\"wp-caption alignnone\"><img loading=\"lazy\" decoding=\"async\" class=\"wp-image-5059\" title=\"Ruth et Booz - Alexandre Cabanel vers 1868\" src=\"https:\/\/www.savigny-viry-catholique.fr\/wp-content\/uploads\/2021\/12\/Ruth-et-Booz-300x163.jpg\" alt=\"\" width=\"500\" height=\"271\" \/><figcaption id=\"caption-attachment-5059\" class=\"wp-caption-text\">Ruth et Booz &#8211; Alexandre Cabanel vers 1868<\/figcaption><\/figure>\n<p>&nbsp;<\/p>\n<p><span style=\"color: #0000ff; font-size: 20px;\"><strong>L&rsquo;histoire de Ruth en vid\u00e9o &#8211; n&rsquo;h\u00e9sitez pas \u00e0 cr\u00e9er un compte Vodeus , c&rsquo;est gratuit !<\/strong><\/span><\/p>\n<p><span style=\"font-size: 20px;\"><strong>cliquez sur les images\u00a0<\/strong><\/span><\/p>\n<p><a href=\"https:\/\/vodeus.tv\/video\/ruth-laudace-dune-femme-combattante-1231\"><img loading=\"lazy\" decoding=\"async\" class=\"size-medium wp-image-5063 alignleft\" src=\"https:\/\/www.savigny-viry-catholique.fr\/wp-content\/uploads\/2021\/12\/vodeus-Ruth-300x198.png\" alt=\"\" width=\"300\" height=\"198\" \/><\/a> <a href=\"https:\/\/vodeus.tv\/video\/ruth-ou-les-moissons-enchantees-2395\"><img loading=\"lazy\" decoding=\"async\" class=\"size-medium wp-image-5062 alignright\" src=\"https:\/\/www.savigny-viry-catholique.fr\/wp-content\/uploads\/2021\/12\/vodeus-ruth01-300x198.png\" alt=\"\" width=\"300\" height=\"198\" \/><\/a><\/p>\n<p><span style=\"font-size: 16px;\"><em><strong>Ruth l&rsquo;audace d&rsquo;une femme\u00a0<\/strong><\/em><\/span><\/p>\n<p style=\"text-align: right;\"><span style=\"font-size: 16px;\"><strong>Ruth ou les moissons enchant\u00e9es<\/strong><\/span><\/p>\n<p>&nbsp;<\/p>\n<p>&nbsp;<\/p>\n<p>&nbsp;<\/p>\n<p>&nbsp;<\/p>\n<p>&nbsp;<\/p>\n<p>&nbsp;<\/p>\n<p>&nbsp;<\/p>\n<p style=\"text-align: center;\"><span style=\"font-size: 24px;\"><strong><span style=\"color: #0000ff;\">5 d\u00e9cembre : 2\u00e8me dimanche de l&rsquo;Avent : Rahab<\/span><\/strong><\/span><\/p>\n<p><img loading=\"lazy\" decoding=\"async\" class=\"wp-image-5050 alignleft\" src=\"https:\/\/www.savigny-viry-catholique.fr\/wp-content\/uploads\/2021\/12\/Rahab-02-805x1024.jpg\" alt=\"\" width=\"450\" height=\"573\" \/><\/p>\n<p>&nbsp;<\/p>\n<p>&nbsp;<\/p>\n<p><span style=\"font-size: 20px;\">Une prostitu\u00e9e, dont l\u2019auberge est construite sur les murailles de J\u00e9richo.<\/span><br \/>\n<span style=\"font-size: 20px;\">Comme tous les habitants de la ville, elle a entendu les miracles que Dieu<\/span><br \/>\n<span style=\"font-size: 20px;\">a op\u00e9r\u00e9s pour les Isra\u00e9lites et redoute leur arriv\u00e9e : ce peuple campe \u00e0 l\u2019est<\/span><br \/>\n<span style=\"font-size: 20px;\">de la Jordanie et va bient\u00f4t entrer dans le pays, d\u00e9truire J\u00e9richo.<\/span><\/p>\n<p>&nbsp;<\/p>\n<p><span style=\"font-size: 20px;\">Une femme intelligente et sage. Pour sauver la vie des deux hommes, elle<\/span><br \/>\n<span style=\"font-size: 20px;\">est pr\u00eate \u00e0 mettre la sienne en danger. Elle a de fortes convictions : elle<\/span><br \/>\n<span style=\"font-size: 20px;\">reconna\u00eet la supr\u00e9matie de Dieu, recherche sa faveur et sa protection, et<\/span><br \/>\n<span style=\"font-size: 20px;\">inclut sa famille dans sa demande&#8230;. \/&#8230;..<\/span><\/p>\n<p>&nbsp;<\/p>\n<p><span style=\"font-size: 20px;\"><strong>T\u00e9l\u00e9charger<a href=\"http:\/\/www.savigny-viry-catholique.fr\/Download\/doc\/2021-12-05RAHAB_extract_1.pdf\"> ici le texte sur Rahab<\/a><\/strong><\/span><\/p>\n<p>&nbsp;<\/p>\n<p>&nbsp;<\/p>\n<p><strong><span style=\"font-size: 20px; color: #0000ff;\">L&rsquo;histoire de Rahab : vid\u00e9o du Jour du Seigneur &#8211; Vodeus &#8211;<\/span><\/strong><\/p>\n<p><strong><span style=\"color: #ff6600; font-size: 16px;\"> Ne pas h\u00e9siter \u00e0 cr\u00e9er un compte, les vid\u00e9os sont gratuites !<\/span><\/strong><\/p>\n<p><span style=\"font-size: 16px;\"><strong>Cliquez sur l&rsquo;image ci-dessous<\/strong><\/span><\/p>\n<p><a href=\"https:\/\/vodeus.tv\/video\/rahab-la-prostituee-de-jericho-1306\"><img loading=\"lazy\" decoding=\"async\" class=\"alignnone size-full wp-image-5049\" src=\"https:\/\/www.savigny-viry-catholique.fr\/wp-content\/uploads\/2021\/12\/Rahab-video.jpg\" alt=\"\" width=\"187\" height=\"112\" \/><\/a><\/p>\n<p>&nbsp;<\/p>\n<p>&nbsp;<\/p>\n<p style=\"text-align: center;\"><span style=\"color: #0000ff; font-size: 24px;\"><strong>28 novembre : 1er dimanche de l\u2019Avent : Tamar<\/strong><\/span><\/p>\n<p style=\"text-align: left;\"><a href=\"http:\/\/www.savigny-viry-catholique.fr\/Download\/doc\/2021-11-28TAMAR_extract.pdf\"><span style=\"font-size: 20px; font-family: arial, helvetica, sans-serif;\"><img loading=\"lazy\" decoding=\"async\" class=\" wp-image-5021 alignleft\" src=\"https:\/\/www.savigny-viry-catholique.fr\/wp-content\/uploads\/2021\/11\/JudaTamar-ecoledeRembrandtcopyrigthWikimedia-01-300x235.jpg\" alt=\"\" width=\"364\" height=\"278\" \/><\/span><\/a><\/p>\n<p>&nbsp;<\/p>\n<p>&nbsp;<\/p>\n<p style=\"text-align: left;\"><span style=\"font-size: 20px; font-family: arial, helvetica, sans-serif;\">D\u00e9guis\u00e9e en prostitu\u00e9e, cette femme canan\u00e9enne issue d&rsquo;une famille pa\u00efenne <\/span><span style=\"font-size: 20px; font-family: arial, helvetica, sans-serif;\">devient enceinte de son beau-p\u00e8re Juda. Elle donne naissance \u00e0 des jumeaux dont l\u2019un, <strong>P\u00e9rets<\/strong>, sera <strong>l\u2019anc\u00eatre du roi David<\/strong>. Sa pr\u00e9sence dans cette g\u00e9n\u00e9alogie nous rappelle, au travers d&rsquo;une vie tr\u00e8s compliqu\u00e9e, ses valeurs, sa justice<\/span><\/p>\n<p>&nbsp;<\/p>\n<p><span style=\"font-size: 20px;\"><strong>T\u00e9l\u00e9charger <a href=\"http:\/\/www.savigny-viry-catholique.fr\/Download\/doc\/2021-11-28TAMAR_extract.pdf\">ICI le texte sur TAMAR<\/a>\u00a0<\/strong><\/span><\/p>\n<p>&nbsp;<\/p>\n<p>&nbsp;<\/p>\n<p>&nbsp;<\/p>\n<p>eme fe<\/p>\n<p>&nbsp;<\/p>\n<p style=\"text-align: center;\"><span style=\"font-size: 20px;\"><strong><span style=\"color: #0000ff;\"><a href=\"https:\/\/www.youtube.com\/watch?v=OL7BFkLHKeQ\">Voir la vid\u00e9o <\/a>propos\u00e9e par l&rsquo;abbaye b\u00e9n\u00e9dictine Sainte Marie de la R\u00e9surrection Abu Gosh<\/span><\/strong><\/span><\/p>\n<p><a href=\"https:\/\/www.youtube.com\/watch?v=OL7BFkLHKeQ\"><img loading=\"lazy\" decoding=\"async\" class=\"wp-image-5025 aligncenter\" src=\"https:\/\/www.savigny-viry-catholique.fr\/wp-content\/uploads\/2021\/11\/Abu-Gosh-Tamar-copie-300x87.jpg\" alt=\"\" width=\"442\" height=\"160\" \/><\/a><\/p>\n","protected":false},"excerpt":{"rendered":"<p>\u00a0 5 femmes \u00e0 (re)d\u00e9couvrir dans la g\u00e9n\u00e9alogie de J\u00e9sus ; 5 femmes, hors-normes&#8230;\/&#8230;<\/p>\n","protected":false},"author":990003,"featured_media":5103,"comment_status":"closed","ping_status":"closed","sticky":false,"template":"","format":"standard","meta":{"give_campaign_id":0,"footnotes":""},"categories":[1],"tags":[],"class_list":["post-5077","post","type-post","status-publish","format-standard","has-post-thumbnail","hentry","category-uncategorized"],"_links":{"self":[{"href":"https:\/\/demos.uptitude.fr\/savviry1\/wp-json\/wp\/v2\/posts\/5077","targetHints":{"allow":["GET"]}}],"collection":[{"href":"https:\/\/demos.uptitude.fr\/savviry1\/wp-json\/wp\/v2\/posts"}],"about":[{"href":"https:\/\/demos.uptitude.fr\/savviry1\/wp-json\/wp\/v2\/types\/post"}],"author":[{"embeddable":true,"href":"https:\/\/demos.uptitude.fr\/savviry1\/wp-json\/wp\/v2\/users\/990003"}],"replies":[{"embeddable":true,"href":"https:\/\/demos.uptitude.fr\/savviry1\/wp-json\/wp\/v2\/comments?post=5077"}],"version-history":[{"count":0,"href":"https:\/\/demos.uptitude.fr\/savviry1\/wp-json\/wp\/v2\/posts\/5077\/revisions"}],"wp:featuredmedia":[{"embeddable":true,"href":"https:\/\/demos.uptitude.fr\/savviry1\/wp-json\/"}],"wp:attachment":[{"href":"https:\/\/demos.uptitude.fr\/savviry1\/wp-json\/wp\/v2\/media?parent=5077"}],"wp:term":[{"taxonomy":"category","embeddable":true,"href":"https:\/\/demos.uptitude.fr\/savviry1\/wp-json\/wp\/v2\/categories?post=5077"},{"taxonomy":"post_tag","embeddable":true,"href":"https:\/\/demos.uptitude.fr\/savviry1\/wp-json\/wp\/v2\/tags?post=5077"}],"curies":[{"name":"wp","href":"https:\/\/api.w.org\/{rel}","templated":true}]}}