{"id":5123,"date":"2021-12-24T06:00:05","date_gmt":"2021-12-24T06:00:05","guid":{"rendered":"https:\/\/www.savigny-viry-catholique.fr\/?p=5123"},"modified":"2021-12-24T06:00:05","modified_gmt":"2021-12-24T06:00:05","slug":"bon-noel-a-vous","status":"publish","type":"post","link":"https:\/\/demos.uptitude.fr\/savviry1\/bon-noel-a-vous\/","title":{"rendered":"BON NO\u00cbL \u00e0 VOUS !"},"content":{"rendered":"<p><span style=\"font-size: 16px;\"><strong>Accueillir et communiquer la joie de No\u00ebl : <\/strong>les \u00e9quipes animatrices du Secteur Pastoral de Savigny-Viry,\u00a0 et \u00a0le P\u00e8re Emmanuel Bidzogo, vous souhaitent un <strong><span style=\"color: #0000ff;\">tr\u00e8s bon No\u00ebl &#8230;\/&#8230;<\/span><\/strong><\/span><\/p>\n<p><!--more--><\/p>\n<p>&nbsp;<\/p>\n<p style=\"text-align: center;\"><span style=\"font-size: 28px;\"><strong style=\"color: #0000ff;\">Accueillir et communiquer la joie de No\u00ebl<\/strong><\/span><\/p>\n<p>&nbsp;<\/p>\n<p style=\"text-align: justify;\"><em><span style=\"font-size: 20px; font-family: georgia, palatino, serif;\"><img fetchpriority=\"high\" decoding=\"async\" class=\"alignleft wp-image-5122\" src=\"https:\/\/www.savigny-viry-catholique.fr\/wp-content\/uploads\/2021\/12\/Nativite-BAugst-copie-225x300.jpg\" alt=\"\" width=\"450\" height=\"600\" \/>No\u00ebl est un don \u00e0 recevoir\u00a0; la r\u00e9alisation de la promesse de Dieu. Cette promesse, le proph\u00e8te Isa\u00efe l\u2019annon\u00e7ait en ces termes\u00a0: \u00ab\u00a0 un rameau sortira de la souche de Jess\u00e9 p\u00e8re de David, un rejeton jaillira de ses racines. Sur lui reposera l\u2019Esprit du Seigneur\u00a0\u00bb (Isa\u00efe, chapitre 11, versets 1-2). La foi chr\u00e9tienne y voit une des annonces Messianique<u>s<\/u>, comme au chapitre 7 du m\u00eame livre\u00a0: \u00ab\u00a0Le Seigneur lui-m\u00eame vous donnera un signe\u00a0: voici que la vierge est enceinte, elle enfantera un fils, qu\u2019elle appellera Emmanuel (c\u2019est-\u00e0-dire\u00a0: Dieu-avec-nous)\u00a0\u00bb (Isa\u00efe chapitre 7, verset 14).<\/span><\/em><\/p>\n<p style=\"text-align: justify;\"><em><span style=\"font-size: 20px; font-family: georgia, palatino, serif;\">A No\u00ebl, nous f\u00eatons l\u2019\u00e9closion en terme de jaillissement dans notre histoire humaine, le salut divin. Oui un enfant nous est n\u00e9, un fils est donn\u00e9 \u00e0 notre humanit\u00e9. Saint Jean dans son \u00e9vangile au premier chapitre proclame pour cela avec vigueur que \u00ab\u00a0le Verbe s\u2019est fait chair et il a habit\u00e9 parmi nous\u00a0\u00bb.<\/span><\/em><\/p>\n<p style=\"text-align: justify;\"><em><span style=\"font-size: 20px; font-family: georgia, palatino, serif;\">Parmi les images de No\u00ebl \u00e0 retenir, celle de la croissance retient particuli\u00e8rement mon attention. Un enfant dans sa fragilit\u00e9 est appel\u00e9 \u00e0 grandir et \u00e0 ouvrir des chemins d\u2019avenir. Un avenir avec Dieu o\u00f9 la fraternit\u00e9 est de mise.<\/span><\/em><\/p>\n<p style=\"text-align: justify;\"><em><span style=\"font-size: 20px; font-family: georgia, palatino, serif;\">Malgr\u00e9 tous les variants possibles de la crise sanitaire qui n\u2019en finit pas<strong><u>, c<\/u><\/strong>omment ne pas renouveler \u00e0 cette occasion nos retrouvailles en famille et entre amis\u00a0? No\u00ebl invite \u00e0 cela. Sans doute que ces retrouvailles seront mesur\u00e9es car il est urgent de prendre soin les uns des autres. En comit\u00e9 restreint, f\u00eatons la naissance de J\u00e9sus. Une naissance porte en elle un signe d\u2019esp\u00e9rance. Le th\u00e8me du temps de l\u2019Avent qui a retenu notre attention en secteur pastoral a \u00e9t\u00e9 justement cette ann\u00e9e le d\u00e9sir de \u00ab\u00a0grandir dans la dignit\u00e9 et l\u2019esp\u00e9rance\u00a0\u00bb. Une expression qui traduit tout un projet humain et spirituel appel\u00e9 \u00e0 ouvrir des chemins d\u2019avenir.<\/span><\/em><\/p>\n<p style=\"text-align: justify;\"><em><span style=\"font-size: 20px; font-family: georgia, palatino, serif;\">No\u00ebl est une joie \u00e0 partager. En plus des retrouvailles et des souhaits de bonheur pour les proches, No\u00ebl invite \u00e0 \u00e9largir notre c\u0153ur au-del\u00e0 du cercle familial et des amis. A ce niveau, la f\u00eate de No\u00ebl prend sa signification profonde\u00a0<u>: <\/u>celle de c\u00e9l\u00e9brer la paix ouverte \u00e0 tous. Pour atteindre ce but, l\u2019enfant de la cr\u00e8che nous invite \u00e0 nous engager avec lui. Alors si vous cherchez un message de No\u00ebl \u00e0 communiquer, vous avez ici un \u00ab\u00a0tout fait\u00a0\u00bb auquel il ne faut pas se d\u00e9rober\u00a0!<\/span><\/em><\/p>\n<p style=\"text-align: justify;\"><em><span style=\"font-size: 20px; font-family: georgia, palatino, serif;\">Bonne f\u00eate de No\u00ebl ! Puis une semaine apr\u00e8s, bonne ann\u00e9e 2022 !<\/span><\/em><\/p>\n<p>&nbsp;<\/p>\n<p style=\"text-align: center;\"><strong><span style=\"font-size: 20px;\">\u00a0 \u00a0 \u00a0 \u00a0 \u00a0 \u00a0 \u00a0 \u00a0 \u00a0 \u00a0 \u00a0 \u00a0 \u00a0 \u00a0 \u00a0 \u00a0 \u00a0 \u00a0 \u00a0 \u00a0 \u00a0 \u00a0 \u00a0 \u00a0 \u00a0 \u00a0 \u00a0 \u00a0 \u00a0 \u00a0 \u00a0 \u00a0 \u00a0 \u00a0P\u00e8re Emmanuel BIDZOGO<\/span><\/strong><\/p>\n<p>&nbsp;<\/p>\n<p>&nbsp;<\/p>\n<p>&nbsp;<\/p>\n<p><span style=\"font-size: 16px;\"><strong>Le message de Michel Pansard \u00e9v\u00eaque du dioc\u00e8se d&rsquo;Evry-Corbeil-Essonnes\u00a0 <a href=\"https:\/\/evry.catholique.fr\/eveque\/edito-de-noel\/\">ici <img decoding=\"async\" class=\"alignnone size-full wp-image-5131\" src=\"https:\/\/www.savigny-viry-catholique.fr\/wp-content\/uploads\/2021\/12\/diocese-logo-photo-300x134-1.jpg\" alt=\"\" width=\"117\" height=\"134\" \/><\/a><\/strong><\/span><\/p>\n","protected":false},"excerpt":{"rendered":"<p>Accueillir et communiquer la joie de No\u00ebl : les \u00e9quipes animatrices du Secteur Pastoral de Savigny-Viry,\u00a0 et \u00a0le P\u00e8re Emmanuel Bidzogo, vous souhaitent un tr\u00e8s bon No\u00ebl &#8230;\/&#8230;<\/p>\n","protected":false},"author":990003,"featured_media":5134,"comment_status":"closed","ping_status":"closed","sticky":false,"template":"","format":"standard","meta":{"give_campaign_id":0,"footnotes":""},"categories":[1],"tags":[],"class_list":["post-5123","post","type-post","status-publish","format-standard","has-post-thumbnail","hentry","category-uncategorized"],"_links":{"self":[{"href":"https:\/\/demos.uptitude.fr\/savviry1\/wp-json\/wp\/v2\/posts\/5123","targetHints":{"allow":["GET"]}}],"collection":[{"href":"https:\/\/demos.uptitude.fr\/savviry1\/wp-json\/wp\/v2\/posts"}],"about":[{"href":"https:\/\/demos.uptitude.fr\/savviry1\/wp-json\/wp\/v2\/types\/post"}],"author":[{"embeddable":true,"href":"https:\/\/demos.uptitude.fr\/savviry1\/wp-json\/wp\/v2\/users\/990003"}],"replies":[{"embeddable":true,"href":"https:\/\/demos.uptitude.fr\/savviry1\/wp-json\/wp\/v2\/comments?post=5123"}],"version-history":[{"count":0,"href":"https:\/\/demos.uptitude.fr\/savviry1\/wp-json\/wp\/v2\/posts\/5123\/revisions"}],"wp:featuredmedia":[{"embeddable":true,"href":"https:\/\/demos.uptitude.fr\/savviry1\/wp-json\/"}],"wp:attachment":[{"href":"https:\/\/demos.uptitude.fr\/savviry1\/wp-json\/wp\/v2\/media?parent=5123"}],"wp:term":[{"taxonomy":"category","embeddable":true,"href":"https:\/\/demos.uptitude.fr\/savviry1\/wp-json\/wp\/v2\/categories?post=5123"},{"taxonomy":"post_tag","embeddable":true,"href":"https:\/\/demos.uptitude.fr\/savviry1\/wp-json\/wp\/v2\/tags?post=5123"}],"curies":[{"name":"wp","href":"https:\/\/api.w.org\/{rel}","templated":true}]}}