{"id":5139,"date":"2021-12-31T06:00:44","date_gmt":"2021-12-31T06:00:44","guid":{"rendered":"https:\/\/www.savigny-viry-catholique.fr\/?p=5139"},"modified":"2021-12-31T06:00:44","modified_gmt":"2021-12-31T06:00:44","slug":"__trashed","status":"publish","type":"post","link":"https:\/\/demos.uptitude.fr\/savviry1\/__trashed\/","title":{"rendered":"NOUVELLE ANNEE"},"content":{"rendered":"<p><img fetchpriority=\"high\" decoding=\"async\" class=\"alignleft wp-image-3813\" src=\"https:\/\/www.savigny-viry-catholique.fr\/wp-content\/uploads\/2021\/01\/Epiphanie21.jpg\" alt=\"\" width=\"450\" height=\"320\" \/><\/p>\n<p><span style=\"font-size: 24px;\"><strong><span style=\"font-family: georgia, palatino, serif; color: #000080;\"><em>Bonne et heureuse ann\u00e9e 2022\u00a0!<\/em><\/span><\/strong><\/span><\/p>\n<p><span style=\"font-family: georgia, palatino, serif; color: #000080;\"><em><span style=\"font-size: 20px;\">Nous ne savons pas comment sera cette ann\u00e9e commen\u00e7ante, mais nous pouvons la souhaiter bonne et heureuse. Nous pouvons aussi ensemble, la rendre bonne et heureuse \u00e0 notre niveau. Telle est notre force.<\/span><\/em><\/span><\/p>\n<p><span style=\"font-family: georgia, palatino, serif; color: #000080;\"><em><span style=\"font-size: 20px;\">Plusieurs leviers sont \u00e0 notre port\u00e9e pour la rendre belle autour de nous et au-del\u00e0\u00a0: la solidarit\u00e9, la fraternit\u00e9, l\u2019entraide, le sourire, la g\u00e9n\u00e9rosit\u00e9, l\u2019honn\u00eatet\u00e9 \u2026 Si certains de nos contemporains pensent que ces vertus sont d\u2019un autre si\u00e8cle, parce que soutiennent-ils, la seule r\u00e9ussite serait l\u2019\u00e2pret\u00e9 au gain, l\u2019\u00e9go\u00efsme, l\u2019exclusion et autres attitudes du m\u00eame genre, nous pouvons au nom de notre humanit\u00e9 et surtout de notre foi en J\u00e9sus-Christ opter pour une autre voie. L\u2019enfant de la cr\u00e8che, J\u00e9sus, a su, lui, faire vivre ces vertus partout o\u00f9 il passait. Soyons donc en 2022 ses t\u00e9moins en tant que disciples missionnaires.<\/span><\/em><\/span><\/p>\n<p><span style=\"font-family: georgia, palatino, serif; color: #000080;\"><em><span style=\"font-size: 20px;\">L\u2019ann\u00e9e qui vient de s\u2019achever a vu plusieurs initiatives prises au sein de nos communaut\u00e9s chr\u00e9tiennes pour faire vivre notre foi\u00a0: la retransmission des c\u00e9l\u00e9brations, les rencontres des mouvements et services couronn\u00e9es par le Forum du mois d\u2019octobre dernier, les rencontres de jeunes 16-25 ans et le concert de No\u00ebl qu\u2019ils ont donn\u00e9 pour soutenir des actions de solidarit\u00e9 de la Conf\u00e9rence Saint-Vincent de Paul, l\u2019engagement de nouvelles personnes dans les \u00e9quipes animatrices et autres, l\u2019exp\u00e9rience des \u00e9quipes synodales avec l\u2019\u00e9lection de 7 d\u00e9l\u00e9gu\u00e9s et deux suppl\u00e9ants aux assembl\u00e9es synodales dioc\u00e9saines, \u2026 et bien d\u2019autres initiatives que nous ne saurons toutes cit\u00e9es ici. Il reste des \u00e9quipes \u00e0 renforcer\u00a0: \u00e9quipe Esp\u00e9rance, accueils et bien d\u2019autres\u00a0! Ce qui montre que le chantier de la mission continue.<\/span><\/em><\/span><\/p>\n<p><span style=\"font-family: georgia, palatino, serif; color: #000080;\"><em><span style=\"font-size: 20px;\">Que l\u2019ann\u00e9e nouvelle nous am\u00e8ne \u00e0 d\u2019autres aventures, malgr\u00e9 la crise sanitaire. Qu\u2019elle nous am\u00e8ne \u00e0 donner ensemble de la vitalit\u00e9 \u00e0 nos communaut\u00e9s chr\u00e9tiennes. Le renouvellement du projet pastoral\u00a0 de secteur, enrichi par les apports du forum des mouvements et services, donne d\u00e9j\u00e0 le ton. Le contenu de ce projet sera pr\u00e9sent\u00e9 dans les semaines qui viennent sous diff\u00e9rentes formes.<\/span><\/em><\/span><\/p>\n<p><span style=\"font-family: georgia, palatino, serif; color: #000080;\"><em><span style=\"font-size: 20px;\">Chers amis, comme vous le voyez, l\u2019ann\u00e9e 2022 sera belle, bonne et heureuse dans la mesure o\u00f9 notre engagement personnel et communautaire consonne avec des vertus humaines simples comme\u00a0: la solidarit\u00e9, la fraternit\u00e9, l\u2019entraide, le sourire, la g\u00e9n\u00e9rosit\u00e9, l\u2019honn\u00eatet\u00e9 \u2026. Ce qui n\u2019exclut point une bonne dose ajust\u00e9e de vigilance et de maturit\u00e9 dans le discernement.<\/span><\/em><\/span><\/p>\n<p><span style=\"font-family: georgia, palatino, serif; color: #000080;\"><em><span style=\"font-size: 20px;\">Bonne et heureuse ann\u00e9e 2022\u00a0!<\/span><\/em><\/span><\/p>\n<p><span style=\"font-family: georgia, palatino, serif; color: #000080;\"><em><span style=\"font-size: 20px;\">P\u00e8re Emmanuel BIDZOGO<\/span><\/em><\/span><\/p>\n<p>&nbsp;<\/p>\n<p>&nbsp;<\/p>\n<p><strong><span style=\"font-size: 20px; color: #0000ff;\">M\u00eame si c&rsquo;est traditionnellement le 6 janvier, en cette ann\u00e9e 2022, nous f\u00eatons l&rsquo;Epiphanie le dimanche 2 janvier.<\/span><\/strong><\/p>\n<p><a href=\"https:\/\/vimeo.com\/496495375\"><img decoding=\"async\" class=\"size-medium wp-image-3807 alignleft\" src=\"https:\/\/www.savigny-viry-catholique.fr\/wp-content\/uploads\/2021\/01\/Adoration-mages-Autun-300x200.jpg\" alt=\"\" width=\"300\" height=\"200\" \/><\/a><\/p>\n<p>&nbsp;<\/p>\n<p><span style=\"font-size: 20px;\"><strong>Un vid\u00e9o sur l&rsquo;adoration des mages : <\/strong><\/span><\/p>\n<p><span style=\"font-size: 20px;\"><strong>un chapiteau de la cath\u00e9drale d&rsquo;Autun.<\/strong><\/span><\/p>\n<p>&nbsp;<\/p>\n<p><strong><span style=\"font-size: 20px; color: #ff6600;\">Cliquez sur l&rsquo;image<\/span><\/strong><\/p>\n<p>&nbsp;<\/p>\n<p>&nbsp;<\/p>\n<p>&nbsp;<\/p>\n<p><span style=\"font-size: 20px;\"><strong><span style=\"color: #993300; font-family: arial, helvetica, sans-serif;\">MESSAGE DU PAPE FRAN\u00c7OIS POUR LA C\u00c9L\u00c9BRATION DE LA 55e JOURN\u00c9E MONDIALE DE LA PAIX<\/span><\/strong><\/span><br \/>\n<span style=\"font-size: 20px;\"><strong><span style=\"color: #993300; font-family: arial, helvetica, sans-serif;\">1er JANVIER 2022<a href=\"http:\/\/www.savigny-viry-catholique.fr\/Download\/doc\/2021-12-30message-Pape-pour-1er-janvier2022.pdf\"> \u00e0 T\u00e9l\u00e9charger\u00a0 ici<\/a><\/span><\/strong><\/span><\/p>\n","protected":false},"excerpt":{"rendered":"<p>Bonne et heureuse ann\u00e9e 2022\u00a0! Nous ne savons pas comment sera cette ann\u00e9e commen\u00e7ante, mais nous pouvons la souhaiter bonne et heureuse. Nous pouvons aussi ensemble, la rendre bonne et heureuse \u00e0 notre niveau. Telle est notre force. Plusieurs&hellip;<\/p>\n","protected":false},"author":990003,"featured_media":3813,"comment_status":"closed","ping_status":"closed","sticky":false,"template":"","format":"standard","meta":{"give_campaign_id":0,"footnotes":""},"categories":[1],"tags":[],"class_list":["post-5139","post","type-post","status-publish","format-standard","has-post-thumbnail","hentry","category-uncategorized"],"_links":{"self":[{"href":"https:\/\/demos.uptitude.fr\/savviry1\/wp-json\/wp\/v2\/posts\/5139","targetHints":{"allow":["GET"]}}],"collection":[{"href":"https:\/\/demos.uptitude.fr\/savviry1\/wp-json\/wp\/v2\/posts"}],"about":[{"href":"https:\/\/demos.uptitude.fr\/savviry1\/wp-json\/wp\/v2\/types\/post"}],"author":[{"embeddable":true,"href":"https:\/\/demos.uptitude.fr\/savviry1\/wp-json\/wp\/v2\/users\/990003"}],"replies":[{"embeddable":true,"href":"https:\/\/demos.uptitude.fr\/savviry1\/wp-json\/wp\/v2\/comments?post=5139"}],"version-history":[{"count":0,"href":"https:\/\/demos.uptitude.fr\/savviry1\/wp-json\/wp\/v2\/posts\/5139\/revisions"}],"wp:featuredmedia":[{"embeddable":true,"href":"https:\/\/demos.uptitude.fr\/savviry1\/wp-json\/"}],"wp:attachment":[{"href":"https:\/\/demos.uptitude.fr\/savviry1\/wp-json\/wp\/v2\/media?parent=5139"}],"wp:term":[{"taxonomy":"category","embeddable":true,"href":"https:\/\/demos.uptitude.fr\/savviry1\/wp-json\/wp\/v2\/categories?post=5139"},{"taxonomy":"post_tag","embeddable":true,"href":"https:\/\/demos.uptitude.fr\/savviry1\/wp-json\/wp\/v2\/tags?post=5139"}],"curies":[{"name":"wp","href":"https:\/\/api.w.org\/{rel}","templated":true}]}}