{"id":5158,"date":"2022-01-01T11:32:28","date_gmt":"2022-01-01T11:32:28","guid":{"rendered":"https:\/\/www.savigny-viry-catholique.fr\/?p=5158"},"modified":"2022-01-01T11:32:28","modified_gmt":"2022-01-01T11:32:28","slug":"semaine-de-prieres-pour-lunite-des-chretiens","status":"publish","type":"post","link":"https:\/\/demos.uptitude.fr\/savviry1\/semaine-de-prieres-pour-lunite-des-chretiens\/","title":{"rendered":"Semaine de pri\u00e8res pour l&rsquo;unit\u00e9 des chr\u00e9tiens"},"content":{"rendered":"<p>Chaque ann\u00e9e, le principal temps fort \u0153cum\u00e9nique demeure la \u00ab Semaine de pri\u00e8re pour l\u2019unit\u00e9 chr\u00e9tienne \u00bb qui, depuis 1908,\u00a0rassemble des chr\u00e9tiens de toutes confessions du 18 au 25 janvier.<\/p>\n<p><!--more--><\/p>\n<p>&nbsp;<\/p>\n<p style=\"text-align: center;\"><img fetchpriority=\"high\" decoding=\"async\" class=\"wp-image-5161 size-full alignleft\" src=\"https:\/\/www.savigny-viry-catholique.fr\/wp-content\/uploads\/2022\/01\/semaine-unite-22-02.jpg\" alt=\"\" width=\"428\" height=\"606\" \/><\/p>\n<p style=\"text-align: center;\"><span style=\"font-size: 24px;\"><strong><span style=\"color: #0000ff;\">La Semaine de pri\u00e8re pour l&rsquo;unit\u00e9 des chr\u00e9tiens <\/span><\/strong><\/span><\/p>\n<p>&nbsp;<\/p>\n<p><span style=\"font-size: 16px;\">La semaine pour l\u2019unit\u00e9 des chr\u00e9tiens aura lieu, comme chaque ann\u00e9e\u00a0<strong>du 18 au 25 janvier 2022<\/strong>. Cette ann\u00e9e, ce sont les chr\u00e9tiens d\u2019Orient qui ont pr\u00e9par\u00e9 le th\u00e8me de la semaine, l\u2019occasion d\u2019\u00eatre \u00e0 l\u2019\u00e9coute de ce que ces communaut\u00e9s\u00a0 chr\u00e9tiennes \u00e9prouv\u00e9es portent en leur c\u0153ur.<\/span><\/p>\n<p>&nbsp;<\/p>\n<p><span style=\"color: #ff6600;\"><strong><span style=\"font-size: 16px;\">A NOTER\u00a0 QUE LE\u00a0<\/span><\/strong><\/span><\/p>\n<p><span style=\"color: #ff6600;\"><strong><span style=\"font-size: 16px;\">Vendredi 21 janvier \u00e0 20h30 \u00e0 Sainte Genevi\u00e8ve des Bois, \u00e0 l\u2019\u00e9glise Jean Marie Vianney, avenue<\/span><\/strong><\/span><br \/>\n<span style=\"color: #ff6600;\"><strong><span style=\"font-size: 16px;\">Georges Pitard, se d\u00e9roulera une c\u00e9l\u00e9bration \u0153cum\u00e9nique sur le th\u00e8me choisi par <\/span><\/strong><\/span><br \/>\n<span style=\"color: #ff6600;\"><strong><span style=\"font-size: 16px;\">les Eglise Chr\u00e9tiennes du Moyen Orient <\/span><\/strong><\/span><\/p>\n<p><span style=\"color: #808000;\"><em><span style=\"font-size: 20px;\"><strong>\u00ab\u00a0Nous avons vu son astre \u00e0 l\u2019Orient et nous sommes venus lui rendre hommage\u00a0\u00bb.<\/strong><\/span><\/em><\/span><\/p>\n<p><span style=\"font-size: 16px;\">Le Moyen Orient : la Parole de Dieu y a germ\u00e9 et s\u2019est enracin\u00e9e. De l\u00e0, les ap\u00f4tres se mirent en<\/span><br \/>\n<span style=\"font-size: 16px;\">route pour proclamer l\u2019Evangile jusqu\u2019aux extr\u00e9mit\u00e9s de la terre. (Ac 1,8). Et pourtant aujourd\u2019hui,<\/span><br \/>\n<span style=\"font-size: 16px;\">l\u2019existence m\u00eame de la petite communaut\u00e9 chr\u00e9tienne y est menac\u00e9e car beaucoup sont contraints<\/span><br \/>\n<span style=\"font-size: 16px;\">de chercher ailleurs une vie plus s\u00fbre et plus sereine. De nos jours plus que jamais, le Moyen<\/span><br \/>\n<span style=\"font-size: 16px;\">Orient a besoin qu\u2019une lumi\u00e8re c\u00e9leste accompagne son peuple. L\u2019\u00e9toile de Bethl\u00e9em est le signe<\/span><br \/>\n<span style=\"font-size: 16px;\">que Dieu marche avec son peuple, ressent sa douleur, entend son cri et lui montre sa compassion.<\/span><br \/>\n<span style=\"font-size: 16px;\">Ce verset est l\u2019expression de la pri\u00e8re des chr\u00e9tiens du Moyen Orient. En cette semaine de pri\u00e8re<\/span><br \/>\n<span style=\"font-size: 16px;\">pour l\u2019unit\u00e9 des chr\u00e9tiens, ils nous la partagent et nous invitent \u00e0 la faire n\u00f4tre : Notre monde est<\/span><br \/>\n<span style=\"font-size: 16px;\">complexe. Nous traversons mille et une difficult\u00e9s. Qu\u2019en se faisant \u00e9toile, l\u2019Eglise devienne signe<\/span><br \/>\n<span style=\"font-size: 16px;\">d\u2019espoir et soit signe de la pr\u00e9sence de Dieu.<\/span><\/p>\n<p><a href=\"https:\/\/unitedeschretiens.fr\/semaine-de-priere-pour-unite-chretiens\/\"><strong><span style=\"font-size: 16px;\">Informations compl\u00e9mentaires et documents \u00e0 t\u00e9l\u00e9charger\u00a0 ICI<\/span><\/strong><\/a><\/p>\n<p>&nbsp;<\/p>\n","protected":false},"excerpt":{"rendered":"<p>Chaque ann\u00e9e, le principal temps fort \u0153cum\u00e9nique demeure la \u00ab Semaine de pri\u00e8re pour l\u2019unit\u00e9 chr\u00e9tienne \u00bb qui, depuis 1908,\u00a0rassemble des chr\u00e9tiens de toutes confessions du 18 au 25 janvier.<\/p>\n","protected":false},"author":990003,"featured_media":5160,"comment_status":"closed","ping_status":"closed","sticky":false,"template":"","format":"standard","meta":{"give_campaign_id":0,"footnotes":""},"categories":[1],"tags":[],"class_list":["post-5158","post","type-post","status-publish","format-standard","has-post-thumbnail","hentry","category-uncategorized"],"_links":{"self":[{"href":"https:\/\/demos.uptitude.fr\/savviry1\/wp-json\/wp\/v2\/posts\/5158","targetHints":{"allow":["GET"]}}],"collection":[{"href":"https:\/\/demos.uptitude.fr\/savviry1\/wp-json\/wp\/v2\/posts"}],"about":[{"href":"https:\/\/demos.uptitude.fr\/savviry1\/wp-json\/wp\/v2\/types\/post"}],"author":[{"embeddable":true,"href":"https:\/\/demos.uptitude.fr\/savviry1\/wp-json\/wp\/v2\/users\/990003"}],"replies":[{"embeddable":true,"href":"https:\/\/demos.uptitude.fr\/savviry1\/wp-json\/wp\/v2\/comments?post=5158"}],"version-history":[{"count":0,"href":"https:\/\/demos.uptitude.fr\/savviry1\/wp-json\/wp\/v2\/posts\/5158\/revisions"}],"wp:featuredmedia":[{"embeddable":true,"href":"https:\/\/demos.uptitude.fr\/savviry1\/wp-json\/"}],"wp:attachment":[{"href":"https:\/\/demos.uptitude.fr\/savviry1\/wp-json\/wp\/v2\/media?parent=5158"}],"wp:term":[{"taxonomy":"category","embeddable":true,"href":"https:\/\/demos.uptitude.fr\/savviry1\/wp-json\/wp\/v2\/categories?post=5158"},{"taxonomy":"post_tag","embeddable":true,"href":"https:\/\/demos.uptitude.fr\/savviry1\/wp-json\/wp\/v2\/tags?post=5158"}],"curies":[{"name":"wp","href":"https:\/\/api.w.org\/{rel}","templated":true}]}}