{"id":5165,"date":"2022-04-19T14:55:19","date_gmt":"2022-04-19T14:55:19","guid":{"rendered":"https:\/\/www.savigny-viry-catholique.fr\/?p=5165"},"modified":"2022-04-19T14:55:19","modified_gmt":"2022-04-19T14:55:19","slug":"le-projet-pastoral","status":"publish","type":"post","link":"https:\/\/demos.uptitude.fr\/savviry1\/le-projet-pastoral\/","title":{"rendered":"Le projet Pastoral"},"content":{"rendered":"<p>&nbsp;<\/p>\n<p><span style=\"font-size: 20px;\">L\u2019\u00e9quipe pastorale et les \u00e9quipes animatrices du secteur ont retravaill\u00e9 le projet pastoral du secteur.<\/span><br \/>\n<span style=\"font-size: 20px;\">\u00ab\u00a0Pour accueillir, accompagner et cheminer\u00a0\u00bb&#8230;\/&#8230;<\/span><\/p>\n<p><!--more--><\/p>\n<p>&nbsp;<\/p>\n<p style=\"text-align: left;\"><span style=\"font-size: 28px;\"><strong style=\"color: #0000ff;\"><strong><strong><strong><strong><strong><strong><strong><strong><strong><strong><strong><strong><strong><strong><strong><strong><strong>LE PROJET PASTORAL\u00a0 RENOUVELE<\/strong><\/strong><\/strong><\/strong><\/strong><\/strong><\/strong><\/strong><\/strong><\/strong><\/strong><\/strong><\/strong><\/strong><\/strong><\/strong><\/strong><\/strong><\/span><\/p>\n<p>&nbsp;<\/p>\n<p><span style=\"font-size: 20px;\">L\u2019\u00e9quipe pastorale et les \u00e9quipes animatrices du secteur ont retravaill\u00e9 le projet pastoral du secteur<img fetchpriority=\"high\" decoding=\"async\" class=\"size-medium wp-image-5168 alignright\" src=\"https:\/\/www.savigny-viry-catholique.fr\/wp-content\/uploads\/2022\/01\/Proj-pastoral2022-213x300.jpg\" alt=\"\" width=\"213\" height=\"300\" \/><\/span><br \/>\n<span style=\"font-size: 20px;\">qui devait couvrir la p\u00e9riode 2018-2021. Mais, la crise sanitaire n\u2019a pas permis aux communaut\u00e9s<\/span><br \/>\n<span style=\"font-size: 20px;\">chr\u00e9tiennes de recevoir et de mettre en \u0153uvre ce projet tel que souhait\u00e9 : contacts<\/span><br \/>\n<span style=\"font-size: 20px;\">limit\u00e9s, rencontres presque impossibles par moment \u2026<\/span><span style=\"font-size: 20px;\">La m\u00e9thode de travail adopt\u00e9e tout au long de l\u2019ann\u00e9e \u00e9coul\u00e9e 2021, a permis d\u2019associer les <\/span><span style=\"font-size: 20px;\">mouvements et services des paroisses du secteur en deux \u00e9tapes : une rencontre des mouvements<\/span><br \/>\n<span style=\"font-size: 20px;\">et services dans chaque paroisse au mois de f\u00e9vrier, et un forum des mouvements et services en <\/span><span style=\"font-size: 20px;\">secteur pastoral au mois d\u2019octobre dernier.<\/span><\/p>\n<p><span style=\"font-size: 20px;\"><img decoding=\"async\" class=\"alignleft wp-image-1193\" src=\"https:\/\/www.savigny-viry-catholique.fr\/wp-content\/uploads\/2017\/10\/Proj-Pastoral-04-300x251.jpg\" alt=\"Projet pastoral\" width=\"350\" height=\"293\" \/><\/span><\/p>\n<p><span style=\"font-size: 28px;\"><strong><span style=\"color: #0000ff;\">Pour accueillir, accompagner et cheminer<\/span><\/strong><\/span><\/p>\n<p><span style=\"font-size: 20px;\">Nos communaut\u00e9s chr\u00e9tiennes du secteur ont mis en place un projet pastoral en lien avec les orientations dioc\u00e9saines. Elles participent aussi activement au synode en cours. Synode qui invite \u00e0 \u00e9vang\u00e9liser en prenant soin des uns et des autres, en prenant soin de la cr\u00e9ation que le Seigneur nous offre. La mise en \u0153uvre de ce projet r\u00e9nov\u00e9 et prolong\u00e9 jusqu\u2019en 2024, invite\u00a0:<\/span><\/p>\n<p><span style=\"font-size: 20px;\">&#8211; <strong>\u00e0 faire communaut\u00e9<\/strong> en agissant pour la coh\u00e9sion. En \u00e9tant attentif \u00e0 la fois \u00e0 la proximit\u00e9 et \u00e0 la mutualisation appropri\u00e9e des comp\u00e9tences au niveau du secteur.<\/span><\/p>\n<p><span style=\"font-size: 20px;\">&#8211; <strong>\u00e0 \u00eatre fraternel<\/strong> en soutenant des actions de solidarit\u00e9 interg\u00e9n\u00e9rationnelles, par des rencontres et des temps festifs, conviviaux . Prendre soin des personnes fragiles, en rupture et en souffrance en les orientant vers des structures adapt\u00e9es au sein ou en dehors de nos paroisses.<\/span><\/p>\n<p><span style=\"font-size: 20px;\">&#8211; <strong>\u00e0 \u00e9vang\u00e9liser<\/strong> en investissant particuli\u00e8rement nos \u00e9nergies sur <strong>six p\u00f4les missionnaires<\/strong> ou <strong>pastoraux<\/strong> o\u00f9 nous rencontrons des personnes moins habitu\u00e9es \u00e0 nos rassemblements\u00a0: la majorit\u00e9 des parents, enfants et jeunes de <strong>l\u2019enseignement catholique<\/strong>\u00a0; les parents, enfants et jeunes dans <strong>le mouvement scouts et guides<\/strong>\u00a0; les parents, enfants et jeunes qui suivent <strong>l\u2019aum\u00f4nerie et le cat\u00e9chisme<\/strong>\u00a0; <strong>les cat\u00e9chum\u00e8nes adultes<\/strong>\u00a0; les fianc\u00e9s en <strong>pr\u00e9paration au mariage<\/strong> et <strong>les familles en deuil accompagn\u00e9es par l\u2019\u00e9quipe Esp\u00e9rance<\/strong>. La m\u00e9thode serait de viser particuli\u00e8rement deux p\u00f4les missionnaires chaque ann\u00e9e et d\u2019\u00e9valuer en fin d\u2019ann\u00e9e ce qui a pu bouger.<\/span><\/p>\n<p><span style=\"font-size: 20px;\">&#8211; <strong>\u00e0 c\u00e9l\u00e9brer<\/strong> en soignant nos c\u00e9l\u00e9brations. Qu\u2019elles deviennent de vrais moments vivants de communion eccl\u00e9siale, de profondeur spirituelle et d\u2019ouverture d\u2019esprit \u00e0 l\u2019accueil de la diff\u00e9rence. Que l\u2019Esprit de Pentec\u00f4te habite nos c\u00e9l\u00e9brations\u00a0! Cet Esprit allie \u00e0 la fois ordre, tradition et inventivit\u00e9 dans l\u2019esprit du Concile Vatican II.<\/span><\/p>\n<p><span style=\"font-size: 20px;\">Que la mise en \u0153uvre de ce projet pastoral r\u00e9nov\u00e9 donne un nouveau souffle \u00e0 la vie de notre secteur pastoral. Nous sommes tous, chacune et chacun, invit\u00e9s \u00e0 le promouvoir.<\/span><\/p>\n<p><span style=\"font-size: 20px;\">P\u00e8re Emmanuel BIDZOGO<\/span><\/p>\n<p>&nbsp;<\/p>\n<p>&nbsp;<\/p>\n<p><a href=\"http:\/\/www.savigny-viry-catholique.fr\/Download\/doc\/2022-04PP2018-2024-v2022.pdf\"><img decoding=\"async\" class=\"wp-image-5168 size-full alignleft\" src=\"https:\/\/www.savigny-viry-catholique.fr\/wp-content\/uploads\/2022\/01\/Proj-pastoral2022.jpg\" alt=\"\" width=\"402\" height=\"565\" \/><\/a><\/p>\n<p>&nbsp;<\/p>\n<p><span style=\"color: #993366;\"><strong><span style=\"font-size: 24px;\">\u00a0Pour T\u00e9l\u00e9charger le Projet Pastoral, cliquez sur l&rsquo;image<\/span><\/strong><\/span><\/p>\n","protected":false},"excerpt":{"rendered":"<p>&nbsp; L\u2019\u00e9quipe pastorale et les \u00e9quipes animatrices du secteur ont retravaill\u00e9 le projet pastoral du secteur. \u00ab\u00a0Pour accueillir, accompagner et cheminer\u00a0\u00bb&#8230;\/&#8230;<\/p>\n","protected":false},"author":990003,"featured_media":1193,"comment_status":"closed","ping_status":"closed","sticky":false,"template":"","format":"standard","meta":{"give_campaign_id":0,"footnotes":""},"categories":[1],"tags":[],"class_list":["post-5165","post","type-post","status-publish","format-standard","has-post-thumbnail","hentry","category-uncategorized"],"_links":{"self":[{"href":"https:\/\/demos.uptitude.fr\/savviry1\/wp-json\/wp\/v2\/posts\/5165","targetHints":{"allow":["GET"]}}],"collection":[{"href":"https:\/\/demos.uptitude.fr\/savviry1\/wp-json\/wp\/v2\/posts"}],"about":[{"href":"https:\/\/demos.uptitude.fr\/savviry1\/wp-json\/wp\/v2\/types\/post"}],"author":[{"embeddable":true,"href":"https:\/\/demos.uptitude.fr\/savviry1\/wp-json\/wp\/v2\/users\/990003"}],"replies":[{"embeddable":true,"href":"https:\/\/demos.uptitude.fr\/savviry1\/wp-json\/wp\/v2\/comments?post=5165"}],"version-history":[{"count":0,"href":"https:\/\/demos.uptitude.fr\/savviry1\/wp-json\/wp\/v2\/posts\/5165\/revisions"}],"wp:featuredmedia":[{"embeddable":true,"href":"https:\/\/demos.uptitude.fr\/savviry1\/wp-json\/"}],"wp:attachment":[{"href":"https:\/\/demos.uptitude.fr\/savviry1\/wp-json\/wp\/v2\/media?parent=5165"}],"wp:term":[{"taxonomy":"category","embeddable":true,"href":"https:\/\/demos.uptitude.fr\/savviry1\/wp-json\/wp\/v2\/categories?post=5165"},{"taxonomy":"post_tag","embeddable":true,"href":"https:\/\/demos.uptitude.fr\/savviry1\/wp-json\/wp\/v2\/tags?post=5165"}],"curies":[{"name":"wp","href":"https:\/\/api.w.org\/{rel}","templated":true}]}}