{"id":5177,"date":"2022-01-10T19:20:54","date_gmt":"2022-01-10T19:20:54","guid":{"rendered":"https:\/\/www.savigny-viry-catholique.fr\/?p=5177"},"modified":"2022-01-10T19:20:54","modified_gmt":"2022-01-10T19:20:54","slug":"confirmation-2022","status":"publish","type":"post","link":"https:\/\/demos.uptitude.fr\/savviry1\/confirmation-2022\/","title":{"rendered":"Confirmation 2022"},"content":{"rendered":"<p>On ne peut \u00eatre confirm\u00e9 que si on le d\u00e9sire vraiment et qu\u2019on s\u2019y pr\u00e9pare. La confirmation est en effet une d\u00e9marche personnelle importante. ..\/&#8230;<\/p>\n<p><!--more--><\/p>\n<p><span style=\"font-size: 20px;\"><strong>La r\u00e9ception de l\u2019Esprit Saint demande une pr\u00e9paration.\u00a0<\/strong><\/span><\/p>\n<p>&nbsp;<\/p>\n<p><img fetchpriority=\"high\" decoding=\"async\" class=\"wp-image-3547 alignleft\" src=\"https:\/\/www.savigny-viry-catholique.fr\/wp-content\/uploads\/2020\/12\/confirmation.png\" alt=\"\" width=\"350\" height=\"364\" \/><\/p>\n<p>&nbsp;<\/p>\n<p>&nbsp;<\/p>\n<p>&nbsp;<\/p>\n<p style=\"text-align: center;\"><span style=\"color: #0000ff;\"><em><strong><span style=\"font-size: 20px; background-color: #ffffff;\">\u00ab\u00a0Celui qui nous rend solides pour le Christ dans nos relations avec vous, <\/span><\/strong><\/em><\/span><\/p>\n<p style=\"text-align: center;\"><span style=\"color: #0000ff;\"><em><strong><span style=\"font-size: 20px; background-color: #ffffff;\">celui qui nous a consacr\u00e9s, c\u2019est Dieu ; il nous a marqu\u00e9s de son sceau, <\/span><\/strong><\/em><\/span><\/p>\n<p style=\"text-align: center;\"><span style=\"color: #0000ff;\"><em><strong><span style=\"font-size: 20px; background-color: #ffffff;\">et il a mis dans nos c\u0153urs l\u2019Esprit, premi\u00e8re avance sur ses dons.\u00a0\u00bb (2 Co 1, 21-22)<\/span><\/strong><\/em><\/span><\/p>\n<h3><\/h3>\n<h3><\/h3>\n<h3><\/h3>\n<h3><\/h3>\n<h3>Parcours vers le sacrement de confirmation pour les jeunes \u00e0 partir de 15 ans (ou lyc\u00e9ens)<\/h3>\n<p><span style=\"font-size: 16px;\">P.S. : Pour les adultes, merci de s\u2019adresser au \u00ab Cat\u00e9chum\u00e9nat \u00bb<\/span><\/p>\n<p>&nbsp;<\/p>\n<p style=\"text-align: center;\"><strong><em><span style=\"font-size: 24px;\">L\u2019aventure continue sur les chemins de la foi.<\/span><\/em><\/strong><\/p>\n<p>&nbsp;<\/p>\n<p style=\"text-align: center;\"><strong><span style=\"font-size: 24px; color: #ff0000;\">D\u00e9couvrir le souffle de l\u2019Esprit Saint et donner du sens \u00e0 sa vie.<\/span><\/strong><\/p>\n<p>&nbsp;<\/p>\n<p><span style=\"font-size: 20px;\">Rencontre 1 : <\/span><span style=\"font-size: 20px;\">dimanche 13 f\u00e9vrier de 10h30 \u00e0 17h salle du Saint-Esprit \u00e0 Viry\u2013Ch\u00e2tillon avec un pique nique.<img decoding=\"async\" class=\"wp-image-1280 size-full alignnone\" src=\"https:\/\/www.savigny-viry-catholique.fr\/wp-content\/uploads\/2017\/12\/Confirmation-e1641842314266.jpg\" alt=\"\" width=\"256\" height=\"197\" \/> <\/span><\/p>\n<p><span style=\"font-size: 20px;\">Inscription d\u00e8s \u00e0 pr\u00e9sent.\u00a0<\/span><\/p>\n<p><span style=\"font-size: 20px;\">Contact <\/span><span style=\"font-size: 20px;\"> : <strong><span style=\"color: #ff6600;\">mbn@savigny-viry-catholique.fr<\/span><\/strong> ou <strong><span style=\"color: #993366;\">pere.achille@free.fr<\/span><\/strong><\/span><\/p>\n","protected":false},"excerpt":{"rendered":"<p>On ne peut \u00eatre confirm\u00e9 que si on le d\u00e9sire vraiment et qu\u2019on s\u2019y pr\u00e9pare. La confirmation est en effet une d\u00e9marche personnelle importante. ..\/&#8230;<\/p>\n","protected":false},"author":990003,"featured_media":3967,"comment_status":"closed","ping_status":"closed","sticky":false,"template":"","format":"standard","meta":{"give_campaign_id":0,"footnotes":""},"categories":[1],"tags":[],"class_list":["post-5177","post","type-post","status-publish","format-standard","has-post-thumbnail","hentry","category-uncategorized"],"_links":{"self":[{"href":"https:\/\/demos.uptitude.fr\/savviry1\/wp-json\/wp\/v2\/posts\/5177","targetHints":{"allow":["GET"]}}],"collection":[{"href":"https:\/\/demos.uptitude.fr\/savviry1\/wp-json\/wp\/v2\/posts"}],"about":[{"href":"https:\/\/demos.uptitude.fr\/savviry1\/wp-json\/wp\/v2\/types\/post"}],"author":[{"embeddable":true,"href":"https:\/\/demos.uptitude.fr\/savviry1\/wp-json\/wp\/v2\/users\/990003"}],"replies":[{"embeddable":true,"href":"https:\/\/demos.uptitude.fr\/savviry1\/wp-json\/wp\/v2\/comments?post=5177"}],"version-history":[{"count":0,"href":"https:\/\/demos.uptitude.fr\/savviry1\/wp-json\/wp\/v2\/posts\/5177\/revisions"}],"wp:featuredmedia":[{"embeddable":true,"href":"https:\/\/demos.uptitude.fr\/savviry1\/wp-json\/"}],"wp:attachment":[{"href":"https:\/\/demos.uptitude.fr\/savviry1\/wp-json\/wp\/v2\/media?parent=5177"}],"wp:term":[{"taxonomy":"category","embeddable":true,"href":"https:\/\/demos.uptitude.fr\/savviry1\/wp-json\/wp\/v2\/categories?post=5177"},{"taxonomy":"post_tag","embeddable":true,"href":"https:\/\/demos.uptitude.fr\/savviry1\/wp-json\/wp\/v2\/tags?post=5177"}],"curies":[{"name":"wp","href":"https:\/\/api.w.org\/{rel}","templated":true}]}}