{"id":5193,"date":"2022-01-10T19:36:12","date_gmt":"2022-01-10T19:36:12","guid":{"rendered":"https:\/\/www.savigny-viry-catholique.fr\/?p=5193"},"modified":"2022-01-10T19:36:12","modified_gmt":"2022-01-10T19:36:12","slug":"dimanche-de-la-sante-2022","status":"publish","type":"post","link":"https:\/\/demos.uptitude.fr\/savviry1\/dimanche-de-la-sante-2022\/","title":{"rendered":"Dimanche de la Sant\u00e9 2022"},"content":{"rendered":"<p>Depuis 1992, l\u2019\u00c9glise universelle c\u00e9l\u00e8bre tous les 11 f\u00e9vrier, f\u00eate de Notre-Dame de Lourdes, la Journ\u00e9e Mondiale du Malade. Son th\u00e8me cette ann\u00e9e, \u00ab\u00a0<em>Heureux\u2019\u2019 La Journ\u00e9e mondiale du malade se d\u00e9cline dans les dioc\u00e8ses fran\u00e7ais en un Dimanche de la Sant\u00e9,&#8230;\/&#8230;<\/em><\/p>\n<p><!--more--><\/p>\n<p>&nbsp;<\/p>\n<p><span style=\"font-size: 16px;\">La Journ\u00e9e mondiale du malade se d\u00e9cline dans les dioc\u00e8ses fran\u00e7ais en un Dimanche de la Sant\u00e9, pour rappeler que l\u2019accompagnement des personnes souffrantes et la pr\u00e9servation du don de sant\u00e9 sont des priorit\u00e9s \u00e9vang\u00e9liques.<\/span><\/p>\n<p><span style=\"font-size: 16px;\"><strong>Qu\u2019est-ce que le Dimanche de la Sant\u00e9\u00a0?<\/strong><\/span><\/p>\n<p><span style=\"font-size: 16px;\">En France, cet \u00e9v\u00e9nement se vit en paroisse \u00e0 l\u2019occasion du Dimanche de la Sant\u00e9, g\u00e9n\u00e9ralement le dimanche le plus proche du 11 f\u00e9vrier. L\u2019\u00c9glise est pr\u00e9sente sur le terrain de l\u2019accompagnement, au sein des aum\u00f4neries hospitali\u00e8res avec ses \u00e9quipes de b\u00e9n\u00e9voles qui \u0153uvrent aux c\u00f4t\u00e9s d\u2019associations la\u00efques o\u00f9 tant de personnes de bonne volont\u00e9 s\u2019engagent aussi.<\/span><br \/>\n<span style=\"font-size: 16px;\">Le Dimanche de la Sant\u00e9 aura lieu cette ann\u00e9e le\u00a0<strong>dimanche 13 f\u00e9vrier 2022<\/strong>.<\/span><\/p>\n<p>&nbsp;<\/p>\n<p><span style=\"font-size: 20px; color: #0000ff;\"><strong><img fetchpriority=\"high\" decoding=\"async\" class=\"alignleft wp-image-5192\" src=\"https:\/\/www.savigny-viry-catholique.fr\/wp-content\/uploads\/2022\/01\/Dimanche-sante22-heureux-copie.jpg\" alt=\"\" width=\"350\" height=\"468\" \/> <\/strong><\/span><\/p>\n<p><span style=\"font-size: 24px; color: #0000ff;\"><strong>Onction des malades :\u00a0<\/strong><strong>sacrement de la force et de la compassion divines<\/strong><\/span><\/p>\n<p><span style=\"font-size: 20px;\">Le 11 f\u00e9vrier, est c\u00e9l\u00e9br\u00e9e la Journ\u00e9e mondiale des malades institu\u00e9e par le saint pape Jean Paul II en 1992. Nous f\u00eatons aussi ce m\u00eame jour la Bienheureuse Marie de Lourdes.<\/span><\/p>\n<p><span style=\"font-size: 20px;\">Face \u00e0 la maladie, l\u2019homme est confront\u00e9 \u00e0 la souffrance et il doit lutter pour s\u2019en sortir. Sa fragilit\u00e9 se pr\u00e9sente sous diff\u00e9rentes formes\u00a0: physique, morale, psychique et aussi spirituelle.\u00a0 Il conna\u00eet le vieillissement qui n\u2019est pas une maladie mais une \u00e9tape dans sa vie. \u00c9tape qui peut l\u2019exposer \u00e0 une fragilit\u00e9 plus grande. Il est aussi \u00e0 remarquer que la personne humaine est d\u00e9j\u00e0 fragile \u00e0 la naissance\u00a0; elle a besoin que d\u2019autres prennent soin d\u2019elle pour grandir et soit en bonne sant\u00e9. Les progr\u00e8s de la m\u00e9decine ont permis de prolonger l\u2019esp\u00e9rance de vie, il n\u2019est plus rare de nos jours de rencontrer des centenaires en bonne sant\u00e9\u00a0!<\/span><\/p>\n<p><span style=\"font-size: 20px;\">Et le sacrement de l\u2019onction des malades dans tout \u00e7a\u00a0? me diriez-vous\u00a0?<\/span><\/p>\n<p><span style=\"font-size: 20px;\">Sacrement qui permet \u00e0 ceux qui le re\u00e7oivent d\u2019\u00eatre forts dans leur \u00e9preuve, pers\u00e9v\u00e9rants dans la pri\u00e8re et joyeux dans l\u2019esp\u00e9rance. L\u2019\u00e9preuve ici est la maladie.<\/span><\/p>\n<p><span style=\"font-size: 20px;\">Ce sacrement peut \u00eatre re\u00e7u plusieurs fois dans sa vie, ce n\u2019est donc pas un sacrement \u00e0 l\u2019article de la mort. Nous avons donc \u00e0 changer notre regard face \u00e0 ce merveilleux sacrement de la vie. Nous avons aussi \u00e0 changer de langage lorsque nous en parlons en laissant de c\u00f4t\u00e9 l\u2019appellation \u00ab\u00a0extr\u00eame onction\u00a0\u00bb qui peut induire \u00e0 n\u2019y voir que la fin en terme de mort. En r\u00e9alit\u00e9, ce sacrement est c\u00e9l\u00e9br\u00e9 pour la force dans l\u2019\u00e9preuve, la pers\u00e9v\u00e9rance dans la pri\u00e8re et la joie dans l\u2019esp\u00e9rance que le Seigneur est avec nous pour la vie.<\/span><\/p>\n<p><span style=\"font-size: 20px;\">Une personne baptis\u00e9e le re\u00e7oit d\u2019un pr\u00eatre en lien avec l\u2019Eglise qui prie dans une c\u00e9r\u00e9monie qui peut \u00eatre au cours d\u2019une messe, mais aussi en dehors de la messe. Trois moments importants\u00a0: La pri\u00e8re, l\u2019imposition des mains et l\u2019onction d\u2019huile par le pr\u00eatre. En compl\u00e9ment et pas le moindre, l\u2019\u00e9coute de la Parole de Dieu.<\/span><\/p>\n<p><span style=\"font-size: 20px;\">Par ce sacrement, le Seigneur nous aide \u00e0 vivre des moments d\u2019\u00e9preuve de la maladie en pers\u00e9v\u00e9rant dans la foi, l\u2019esp\u00e9rance et la charit\u00e9.\u00a0<\/span><\/p>\n<p><span style=\"font-size: 20px;\">P\u00e8re Emmanuel BIDZOGO<\/span><\/p>\n<p>&nbsp;<\/p>\n<p><span style=\"font-size: 20px; color: #0000ff;\"><strong><span style=\"font-size: 24px;\">Le dimanche de la Sant\u00e9 sera c\u00e9l\u00e9br\u00e9 sur le Secteur Savigny-Viry les 12 et 13 f\u00e9vrier 2022, avec pour th\u00e8me : \u00ab L\u2019amour mis\u00e9ricordieux du P\u00e8re \u00bb.<\/span><\/strong><\/span><\/p>\n<p><span style=\"font-size: 16px;\">Cette journ\u00e9e sera l\u2019occasion pour l\u2019\u00e9quipe de la pastorale de la sant\u00e9 de notre Secteur de rappeler que beaucoup de personnes ne peuvent se d\u00e9placer pour participer \u00e0 la messe et d\u2019inciter les chr\u00e9tiens \u00e0 rejoindre l&rsquo; \u00e9quipe de b\u00e9n\u00e9voles qui visite les malades et vont porter la communion. Le sacrement des malades est propos\u00e9 aux personnes malades et personnes tr\u00e8s \u00e2g\u00e9es au cours des messes :<\/span><\/p>\n<ul>\n<li><strong><span style=\"font-size: 16px;\">\u00e0 Notre Dame des Cit\u00e9s \u00e0 18h le samedi 12 f\u00e9vrier ;\u00a0 \u00e0 Ste Bernadette \u00e0 9h30.le Dimanche 13 f\u00e9vrier<\/span><\/strong><\/li>\n<li><\/li>\n<li><span style=\"font-size: 16px;\"><strong>\u00e0 Notre Dame d&rsquo;Esp\u00e9rance \u00e0 18h le samedi 12 f\u00e9vrier et le dimanche 13 f\u00e9vrier,\u00a0 \u00e0 St Martin \u00e0 9h30 et \u00e0 11h00 \u00e0 Ste Th\u00e9r\u00e8se<\/strong><\/span><\/li>\n<\/ul>\n<p style=\"text-align: center;\"><strong><span style=\"font-size: 20px; color: #ff0000;\">Il faut s&rsquo; inscrire aupr\u00e8s des membres des\u00a0 \u00e9quipes animatrices <\/span><\/strong><\/p>\n<p style=\"text-align: center;\"><strong><span style=\"font-size: 20px; color: #ff0000;\">ou en appelant <\/span><\/strong><strong><span style=\"font-size: 20px; color: #ff0000;\">le 06 11 45 42 52\u00a0 ou 07 83 14 57 05<\/span><\/strong><\/p>\n<p>&nbsp;<\/p>\n<p>&nbsp;<\/p>\n<p><span style=\"font-size: 20px;\"><a href=\"https:\/\/www.vatican.va\/content\/francesco\/fr\/messages\/sick\/documents\/20211210_30-giornata-malato.html?utm_campaign=DEI%20-%20Outil%20de%20com%20%7C%20Journ%C3%A9e%20Mondiale%20du%20Malade%20et%20Dimanche%20de%20la%20Sant%C3%A9%202022&amp;utm_medium=email&amp;utm_source=Mailjet\"><strong><em>MESSAGE DU PAPE FRAN\u00c7OIS<\/em><\/strong><strong><em><br \/>\nPOUR LA XXX<sup>\u00e8me<\/sup> JOURN\u00c9E MONDIALE DU MALADE\u00a0 \u00e0 lire ICI\u00a0\u00a0\u00a0<\/em><\/strong><\/a><\/span><\/p>\n<p><a href=\"https:\/\/www.vatican.va\/content\/francesco\/fr\/messages\/sick\/documents\/20211210_30-giornata-malato.html?utm_campaign=DEI%20-%20Outil%20de%20com%20%7C%20Journ%C3%A9e%20Mondiale%20du%20Malade%20et%20Dimanche%20de%20la%20Sant%C3%A9%202022&amp;utm_medium=email&amp;utm_source=Mailjet\"><img decoding=\"async\" class=\"alignnone size-medium wp-image-5196 aligncenter\" src=\"https:\/\/www.savigny-viry-catholique.fr\/wp-content\/uploads\/2022\/01\/pape-Francois-journeeMalade-300x169.jpg\" alt=\"\" width=\"300\" height=\"169\" \/><\/a><\/p>\n<p>&nbsp;<\/p>\n<p style=\"text-align: center;\"><span style=\"font-size: 24px; color: #ff6600;\"><strong>\u00ab\u00a0Nous devons \u00eatre t\u00e9moins aupr\u00e8s des malades de cet \u00c9vangile qui peut les aider \u00e0 se remettre debout.\u00a0\u00bb<\/strong><\/span><\/p>\n","protected":false},"excerpt":{"rendered":"<p>Depuis 1992, l\u2019\u00c9glise universelle c\u00e9l\u00e8bre tous les 11 f\u00e9vrier, f\u00eate de Notre-Dame de Lourdes, la Journ\u00e9e Mondiale du Malade. Son th\u00e8me cette ann\u00e9e, \u00ab\u00a0Heureux\u2019\u2019 La Journ\u00e9e mondiale du malade se d\u00e9cline dans les dioc\u00e8ses fran\u00e7ais en un Dimanche de&hellip;<\/p>\n","protected":false},"author":990003,"featured_media":5210,"comment_status":"closed","ping_status":"closed","sticky":false,"template":"","format":"standard","meta":{"give_campaign_id":0,"footnotes":""},"categories":[1],"tags":[],"class_list":["post-5193","post","type-post","status-publish","format-standard","has-post-thumbnail","hentry","category-uncategorized"],"_links":{"self":[{"href":"https:\/\/demos.uptitude.fr\/savviry1\/wp-json\/wp\/v2\/posts\/5193","targetHints":{"allow":["GET"]}}],"collection":[{"href":"https:\/\/demos.uptitude.fr\/savviry1\/wp-json\/wp\/v2\/posts"}],"about":[{"href":"https:\/\/demos.uptitude.fr\/savviry1\/wp-json\/wp\/v2\/types\/post"}],"author":[{"embeddable":true,"href":"https:\/\/demos.uptitude.fr\/savviry1\/wp-json\/wp\/v2\/users\/990003"}],"replies":[{"embeddable":true,"href":"https:\/\/demos.uptitude.fr\/savviry1\/wp-json\/wp\/v2\/comments?post=5193"}],"version-history":[{"count":0,"href":"https:\/\/demos.uptitude.fr\/savviry1\/wp-json\/wp\/v2\/posts\/5193\/revisions"}],"wp:featuredmedia":[{"embeddable":true,"href":"https:\/\/demos.uptitude.fr\/savviry1\/wp-json\/"}],"wp:attachment":[{"href":"https:\/\/demos.uptitude.fr\/savviry1\/wp-json\/wp\/v2\/media?parent=5193"}],"wp:term":[{"taxonomy":"category","embeddable":true,"href":"https:\/\/demos.uptitude.fr\/savviry1\/wp-json\/wp\/v2\/categories?post=5193"},{"taxonomy":"post_tag","embeddable":true,"href":"https:\/\/demos.uptitude.fr\/savviry1\/wp-json\/wp\/v2\/tags?post=5193"}],"curies":[{"name":"wp","href":"https:\/\/api.w.org\/{rel}","templated":true}]}}