{"id":5237,"date":"2022-02-12T11:54:48","date_gmt":"2022-02-12T11:54:48","guid":{"rendered":"https:\/\/www.savigny-viry-catholique.fr\/?p=5237"},"modified":"2022-02-12T11:54:48","modified_gmt":"2022-02-12T11:54:48","slug":"careme-2022","status":"publish","type":"post","link":"https:\/\/demos.uptitude.fr\/savviry1\/careme-2022\/","title":{"rendered":"Car\u00eame 2022"},"content":{"rendered":"<p><span style=\"font-size: 20px;\">Le car\u00eame est la p\u00e9riode de 40 jours qui pr\u00e9c\u00e8de le jour de P\u00e2ques, \u00e9v\u00e9nement central du christianisme.\u00a0<\/span><\/p>\n<p>&nbsp;<\/p>\n<p>&nbsp;<\/p>\n<p><img fetchpriority=\"high\" decoding=\"async\" class=\"alignleft wp-image-5239 size-full\" style=\"font-size: 20px;\" src=\"https:\/\/www.savigny-viry-catholique.fr\/wp-content\/uploads\/2022\/02\/Careme2022.jpg\" alt=\"\" width=\"450\" height=\"277\" \/><\/p>\n<p>&nbsp;<\/p>\n<p><span style=\"font-size: 20px;\">P\u00e9riode de 40 jo<\/span><span style=\"font-size: 20px;\">urs qui rappelle la dur\u00e9e que J\u00e9sus a pass\u00e9 au d\u00e9sert. <\/span><\/p>\n<p><span style=\"font-size: 20px;\">C&rsquo;est un temps de je\u00fbne et de conversion.<\/span><\/p>\n<p>&nbsp;<\/p>\n<p><span style=\"font-size: 20px;\">En 2022, le car\u00eame\u00a0 commence le mercredi 2 mars &#8211; mercredi des cendres &#8211;\u00a0 <\/span><\/p>\n<p><span style=\"font-size: 20px;\">et s\u2019ach\u00e8vera\u00a0 <\/span><span style=\"font-size: 20px;\">le jeudi 14 avril.<\/span><\/p>\n<p>&nbsp;<\/p>\n<p><span style=\"font-size: 20px;\">Message de Michel pansard \u00e9v\u00eaque du dioc\u00e8se d&rsquo;Evry-Corbeil-Essonnes : <a href=\"https:\/\/evry.catholique.fr\/eveque\/message-de-careme\/\">cliquez ICI<\/a><\/span><\/p>\n<p>&nbsp;<\/p>\n<p>&nbsp;<\/p>\n<p>&nbsp;<\/p>\n<p><span style=\"font-size: 20px; color: #ff6600;\"><strong style=\"font-size: 16px;\">l <\/strong><strong>Quatre rencontres de car\u00eame\u00a0 sont pr\u00e9vues \u00e0 20h30 :<\/strong><\/span><\/p>\n<p><span style=\"font-size: 20px; color: #ff6600;\"><strong><img decoding=\"async\" class=\"alignleft wp-image-5279 size-full\" src=\"https:\/\/www.savigny-viry-catholique.fr\/wp-content\/uploads\/2022\/02\/RencontresCareme2022-affichette-copie.jpg\" alt=\"\" width=\"595\" height=\"842\" \/><\/strong><\/span><\/p>\n<p>&nbsp;<\/p>\n<p><span style=\"font-size: 20px; color: #ff6600;\"><strong style=\"font-size: 16px;\">le Jeudi 10 mars au Saint Esprit, \u00e0 Viry\u00a0<\/strong><\/span><\/p>\n<p><span style=\"font-size: 16px; color: #ff6600;\"><strong>le jeudi 17 mars\u00a0 \u00e0 l&rsquo;espace P\u00e8re Coindreau \u00e0 savigny\/Orge, <\/strong><\/span><\/p>\n<p><span style=\"font-size: 16px; color: #ff6600;\"><strong>le jeudi 24\/ mars\u00a0 \u00e0 l&rsquo;\u00e9glise St Esprit,\u00e0 Viry<\/strong><\/span><\/p>\n<p><span style=\"font-size: 16px; color: #ff6600;\"><strong>le jeudi 31 mars\u00a0 \u00e0 l&rsquo;espace P\u00e8re Coindreau \u00e0 savigny\/Orge,<\/strong><\/span><\/p>\n<p>&nbsp;<\/p>\n<p>&nbsp;<\/p>\n<p>&nbsp;<\/p>\n<p>&nbsp;<\/p>\n<p>&nbsp;<\/p>\n<p>&nbsp;<\/p>\n<p>&nbsp;<\/p>\n<p>&nbsp;<\/p>\n<p>&nbsp;<\/p>\n<p>&nbsp;<\/p>\n<p>&nbsp;<\/p>\n<p>&nbsp;<\/p>\n<p>&nbsp;<\/p>\n<p>&nbsp;<\/p>\n<p><strong><span style=\"font-size: 16px;\"><span style=\"font-size: 20px;\">Vous pouvez t\u00e9l\u00e9charger le document concernant\u00a0 le car\u00eame 2022\u00a0 en cliquant sur l&rsquo;image ci-dessous <\/span><a href=\"http:\/\/www.savigny-viry-catholique.fr\/Download\/doc\/2022-Careme.pdf\"><img decoding=\"async\" class=\" wp-image-5274 aligncenter\" src=\"https:\/\/www.savigny-viry-catholique.fr\/wp-content\/uploads\/2022\/02\/2022-Careme1-copie-212x300.jpg\" alt=\"\" width=\"302\" height=\"362\" \/><\/a><\/span><\/strong><\/p>\n<p>&nbsp;<\/p>\n<p><span style=\"color: #800080; font-size: 16px;\"><em><strong>CAREME DANS LA VILLE : <a href=\"https:\/\/careme.retraitedanslaville.org\/article\/28\">UNE RETRAITE EN LIGNE AVEC LES DOMINICAINS<\/a><\/strong><\/em> <\/span>&#8211; <strong><span style=\"color: #800080;\">Plus d&rsquo;infos ici<\/span><\/strong><\/p>\n","protected":false},"excerpt":{"rendered":"<p>Le car\u00eame est la p\u00e9riode de 40 jours qui pr\u00e9c\u00e8de le jour de P\u00e2ques, \u00e9v\u00e9nement central du christianisme.\u00a0 &nbsp; &nbsp; &nbsp; P\u00e9riode de 40 jours qui rappelle la dur\u00e9e que J\u00e9sus a pass\u00e9 au d\u00e9sert. C&rsquo;est un temps de&hellip;<\/p>\n","protected":false},"author":990003,"featured_media":5342,"comment_status":"closed","ping_status":"closed","sticky":false,"template":"","format":"standard","meta":{"give_campaign_id":0,"footnotes":""},"categories":[1],"tags":[],"class_list":["post-5237","post","type-post","status-publish","format-standard","has-post-thumbnail","hentry","category-uncategorized"],"_links":{"self":[{"href":"https:\/\/demos.uptitude.fr\/savviry1\/wp-json\/wp\/v2\/posts\/5237","targetHints":{"allow":["GET"]}}],"collection":[{"href":"https:\/\/demos.uptitude.fr\/savviry1\/wp-json\/wp\/v2\/posts"}],"about":[{"href":"https:\/\/demos.uptitude.fr\/savviry1\/wp-json\/wp\/v2\/types\/post"}],"author":[{"embeddable":true,"href":"https:\/\/demos.uptitude.fr\/savviry1\/wp-json\/wp\/v2\/users\/990003"}],"replies":[{"embeddable":true,"href":"https:\/\/demos.uptitude.fr\/savviry1\/wp-json\/wp\/v2\/comments?post=5237"}],"version-history":[{"count":0,"href":"https:\/\/demos.uptitude.fr\/savviry1\/wp-json\/wp\/v2\/posts\/5237\/revisions"}],"wp:featuredmedia":[{"embeddable":true,"href":"https:\/\/demos.uptitude.fr\/savviry1\/wp-json\/"}],"wp:attachment":[{"href":"https:\/\/demos.uptitude.fr\/savviry1\/wp-json\/wp\/v2\/media?parent=5237"}],"wp:term":[{"taxonomy":"category","embeddable":true,"href":"https:\/\/demos.uptitude.fr\/savviry1\/wp-json\/wp\/v2\/categories?post=5237"},{"taxonomy":"post_tag","embeddable":true,"href":"https:\/\/demos.uptitude.fr\/savviry1\/wp-json\/wp\/v2\/tags?post=5237"}],"curies":[{"name":"wp","href":"https:\/\/api.w.org\/{rel}","templated":true}]}}