{"id":5324,"date":"2022-03-29T13:05:19","date_gmt":"2022-03-29T13:05:19","guid":{"rendered":"https:\/\/www.savigny-viry-catholique.fr\/?p=5324"},"modified":"2022-03-29T13:05:19","modified_gmt":"2022-03-29T13:05:19","slug":"semaine-sainte","status":"publish","type":"post","link":"https:\/\/demos.uptitude.fr\/savviry1\/semaine-sainte\/","title":{"rendered":"Semaine Sainte"},"content":{"rendered":"<p>Cette ann\u00e9e, 2022, la semaine sainte d\u00e9butera le dimanche 10 avril et se terminera le samedi 16 avril. La semaine sainte d\u00e9signe la semaine qui va &#8230;\/&#8230;<\/p>\n<p><!--more--><\/p>\n<p>du dimanche des Rameaux \u00e0 la veill\u00e9e pascale, le samedi de P\u00e2ques o\u00f9 l&rsquo;on fait m\u00e9moire de la r\u00e9surrection de J\u00e9sus..<\/p>\n<p><span style=\"font-size: 20px;\"><strong><span style=\"color: #ff6600;\">Vous pouvez t\u00e9l\u00e9charger l&rsquo;ensemble des horaires en cliquant sur l&rsquo;image\u00a0 <\/span><\/strong><\/span><\/p>\n<p>&nbsp;<\/p>\n<p><a href=\"http:\/\/www.savigny-viry-catholique.fr\/Download\/doc\/2022-Semaine-Sainte.pdf\"><span style=\"font-size: 20px;\"><strong><span style=\"color: #ff6600;\"><img decoding=\"async\" class=\"size-medium wp-image-5323 aligncenter\" src=\"https:\/\/www.savigny-viry-catholique.fr\/wp-content\/uploads\/2022\/03\/2022_semaine_sainte-copie-300x166.jpg\" alt=\"\" width=\"300\" height=\"166\" \/><\/span><\/strong><\/span><\/a><\/p>\n<p>&nbsp;<\/p>\n<p>&nbsp;<\/p>\n<p>&nbsp;<\/p>\n<p><span style=\"color: #ffffff; background-color: #993300;\"><strong><span style=\"font-size: 28px; background-color: #993300;\">La Sainte C\u00e8ne \u2013 Jeudi Saint 14 avril <\/span><\/strong><\/span><\/p>\n<p><span style=\"font-size: 20px; background-color: #993300; color: #ffffff;\"><img fetchpriority=\"high\" decoding=\"async\" class=\"size-full wp-image-5327 alignleft\" src=\"https:\/\/www.savigny-viry-catholique.fr\/wp-content\/uploads\/2022\/03\/credo.jpg\" alt=\"\" width=\"299\" height=\"168\" \/>Pas de messe de semaine ce jour-l\u00e0<\/span><\/p>\n<p><span style=\"font-size: 24px; color: #ffffff; background-color: #993300;\">19h00 Sainte Th\u00e9r\u00e8se<\/span><br \/>\n<span style=\"font-size: 24px; color: #ffffff; background-color: #993300;\">19h00 Saint Martin (rite extraordinaire)<\/span><br \/>\n<span style=\"font-size: 24px; color: #ffffff; background-color: #993300;\">20h30 Notre Dame des Cit\u00e9s<\/span><\/p>\n<p>&nbsp;<\/p>\n<p>&nbsp;<\/p>\n<p>&nbsp;<\/p>\n<p>&nbsp;<\/p>\n<p><span style=\"font-size: 28px; color: #ff0000;\"><strong>Chemin de Croix \u2013 Vendredi Saint 15 avril <\/strong><\/span><br \/>\n<a href=\"http:\/\/lechemindecroixdefrancis.blogspot.com\/p\/meditation.html\"><span style=\"font-size: 24px; color: #ff0000;\"><img decoding=\"async\" class=\"size-medium wp-image-5328 alignleft\" src=\"https:\/\/www.savigny-viry-catholique.fr\/wp-content\/uploads\/2022\/03\/Chemin-CroixFSch-BW-218x300.jpg\" alt=\"\" width=\"218\" height=\"300\" \/><\/span><\/a><\/p>\n<p><span style=\"font-size: 24px; color: #ff0000;\">15h00 Sainte Bernadette<\/span><br \/>\n<span style=\"font-size: 24px; color: #ff0000;\">15h00 Sainte Th\u00e9r\u00e8se<\/span><br \/>\n<span style=\"font-size: 24px; color: #ff0000;\">18h00 Notre Dame des Cit\u00e9s (rite extraordinaire)<\/span><br \/>\n<span style=\"font-size: 24px; color: #ff0000;\">18h30 Notre Dame d\u2019Esp\u00e9rance (avec les enfants du cat\u00e9chisme et de l&rsquo;aum\u00f4nerie)<\/span><\/p>\n<p>&nbsp;<\/p>\n<p>&nbsp;<\/p>\n<p>&nbsp;<\/p>\n<p><span style=\"font-size: 28px; color: #ff0000;\"><strong>C\u00e9l\u00e9bration de la Passion \u2013 Vendredi Saint 15 avril <\/strong><\/span><br \/>\n<span style=\"font-size: 24px; color: #ff0000;\">19h00 Sainte Th\u00e9r\u00e8se<\/span><br \/>\n<span style=\"font-size: 24px; color: #ff0000;\">20h00 Notre Dame des Cit\u00e9s (rite extraordinaire)<\/span><br \/>\n<span style=\"font-size: 24px; color: #ff0000;\">20h30 Saint Martin<\/span><br \/>\n<span style=\"font-size: 24px; color: #ff0000;\">20h30 Sainte Bernadette<\/span><\/p>\n<p>&nbsp;<\/p>\n<p>&nbsp;<\/p>\n<p>&nbsp;<\/p>\n<p>&nbsp;<\/p>\n<p><span style=\"font-size: 28px; background-color: #000080; color: #ffffff;\"><strong><img loading=\"lazy\" decoding=\"async\" class=\"alignleft wp-image-5329 size-medium\" src=\"https:\/\/www.savigny-viry-catholique.fr\/wp-content\/uploads\/2022\/03\/Resurrection-Giotto-Assise-1320-300x210.jpg\" alt=\"\" width=\"300\" height=\"210\" \/><\/strong><\/span><\/p>\n<p><span style=\"font-size: 28px; background-color: #000080; color: #ffffff;\"><strong>Vigile Pascale \u2013 Samedi Saint 16 avril <\/strong><\/span><br \/>\n<span style=\"font-size: 24px; background-color: #000080; color: #ffffff;\">20h30 Notre Dame d&rsquo;Esp\u00e9rance<\/span><br \/>\n<span style=\"font-size: 24px; background-color: #000080; color: #ffffff;\">21h00 Saint Esprit<\/span><br \/>\n<span style=\"font-size: 24px; background-color: #000080; color: #ffffff;\">21h00 Notre Dame des Cit\u00e9s (rite extraordinaire)<\/span><\/p>\n<p><span style=\"background-color: #000080; color: #ffffff;\"><strong><span style=\"font-size: 28px; background-color: #000080;\">Dimanche de P\u00e2ques \u2013 17 avril <\/span><\/strong><\/span><br \/>\n<span style=\"font-size: 24px; background-color: #000080; color: #ffffff;\">09h30 Saint Martin<\/span><br \/>\n<span style=\"font-size: 24px; background-color: #000080; color: #ffffff;\">09h30 Sainte Bernadette<\/span><br \/>\n<span style=\"font-size: 24px; background-color: #000080; color: #ffffff;\">10h00 Notre Dame des Cit\u00e9s (rite extraordinaire)<\/span><br \/>\n<span style=\"font-size: 24px; background-color: #000080; color: #ffffff;\">11h00 Saint Esprit<\/span><br \/>\n<span style=\"font-size: 24px; background-color: #000080; color: #ffffff;\">11h00 Sainte Th\u00e9r\u00e8se<\/span><\/p>\n<p>&nbsp;<\/p>\n<p>&nbsp;<\/p>\n<p>&nbsp;<\/p>\n<p>&nbsp;<\/p>\n<p><strong><span style=\"font-size: 28px;\">C\u00e9l\u00e9brations p\u00e9nitentielles communautaires <\/span><\/strong><br \/>\n<span style=\"font-size: 20px;\"><img loading=\"lazy\" decoding=\"async\" class=\"size-medium wp-image-5335 alignleft\" src=\"https:\/\/www.savigny-viry-catholique.fr\/wp-content\/uploads\/2022\/03\/Confession-spirituelle-200x300.jpg\" alt=\"\" width=\"200\" height=\"300\" \/>Permettre \u00e0 chacun de vivre la d\u00e9marche qui lui convient<\/span><br \/>\n<span style=\"font-size: 20px;\">parmi plusieurs propositions.<\/span><\/p>\n<p>&nbsp;<\/p>\n<p><span style=\"font-size: 20px;\">Le sacrement de p\u00e9nitence (de la r\u00e9conciliation) peut \u00eatre<\/span><br \/>\n<span style=\"font-size: 20px;\">re\u00e7u individuellement des pr\u00eatres pr\u00e9sents.<\/span><\/p>\n<p><span style=\"font-size: 24px;\">Jeudi 7 avril : 20h30 \u2013 Notre Dame des Cit\u00e9s<\/span><br \/>\n<span style=\"font-size: 24px;\">Lundi 11 avril : 20h30 \u2013 \u00e9glise sainte Th\u00e9r\u00e8se<\/span><\/p>\n<p>&nbsp;<\/p>\n<p>&nbsp;<\/p>\n<p>&nbsp;<\/p>\n<p>&nbsp;<\/p>\n<p>&nbsp;<\/p>\n<p><img loading=\"lazy\" decoding=\"async\" class=\"alignnone wp-image-5347 size-full\" src=\"https:\/\/www.savigny-viry-catholique.fr\/wp-content\/uploads\/2022\/04\/Confession-semaine-sainte2022-e1648833033644.jpg\" alt=\"\" width=\"784\" height=\"788\" \/><\/p>\n","protected":false},"excerpt":{"rendered":"<p>Cette ann\u00e9e, 2022, la semaine sainte d\u00e9butera le dimanche 10 avril et se terminera le samedi 16 avril. La semaine sainte d\u00e9signe la semaine qui va &#8230;\/&#8230;<\/p>\n","protected":false},"author":990003,"featured_media":5323,"comment_status":"closed","ping_status":"closed","sticky":false,"template":"","format":"standard","meta":{"give_campaign_id":0,"footnotes":""},"categories":[1],"tags":[],"class_list":["post-5324","post","type-post","status-publish","format-standard","has-post-thumbnail","hentry","category-uncategorized"],"_links":{"self":[{"href":"https:\/\/demos.uptitude.fr\/savviry1\/wp-json\/wp\/v2\/posts\/5324","targetHints":{"allow":["GET"]}}],"collection":[{"href":"https:\/\/demos.uptitude.fr\/savviry1\/wp-json\/wp\/v2\/posts"}],"about":[{"href":"https:\/\/demos.uptitude.fr\/savviry1\/wp-json\/wp\/v2\/types\/post"}],"author":[{"embeddable":true,"href":"https:\/\/demos.uptitude.fr\/savviry1\/wp-json\/wp\/v2\/users\/990003"}],"replies":[{"embeddable":true,"href":"https:\/\/demos.uptitude.fr\/savviry1\/wp-json\/wp\/v2\/comments?post=5324"}],"version-history":[{"count":0,"href":"https:\/\/demos.uptitude.fr\/savviry1\/wp-json\/wp\/v2\/posts\/5324\/revisions"}],"wp:featuredmedia":[{"embeddable":true,"href":"https:\/\/demos.uptitude.fr\/savviry1\/wp-json\/"}],"wp:attachment":[{"href":"https:\/\/demos.uptitude.fr\/savviry1\/wp-json\/wp\/v2\/media?parent=5324"}],"wp:term":[{"taxonomy":"category","embeddable":true,"href":"https:\/\/demos.uptitude.fr\/savviry1\/wp-json\/wp\/v2\/categories?post=5324"},{"taxonomy":"post_tag","embeddable":true,"href":"https:\/\/demos.uptitude.fr\/savviry1\/wp-json\/wp\/v2\/tags?post=5324"}],"curies":[{"name":"wp","href":"https:\/\/api.w.org\/{rel}","templated":true}]}}