{"id":5356,"date":"2022-04-11T16:14:17","date_gmt":"2022-04-11T16:14:17","guid":{"rendered":"https:\/\/www.savigny-viry-catholique.fr\/?p=5356"},"modified":"2022-04-11T16:14:17","modified_gmt":"2022-04-11T16:14:17","slug":"jeudi-saint-14-avril","status":"publish","type":"post","link":"https:\/\/demos.uptitude.fr\/savviry1\/jeudi-saint-14-avril\/","title":{"rendered":"Jeudi Saint  14 avril"},"content":{"rendered":"<p><span style=\"font-size: 16px;\">L\u2019histoire de la f\u00eate du Jeudi saint est complexe, car elle comporte diff\u00e9rents \u00e9l\u00e9ments. Elle est \u00e0 la fois le m\u00e9morial de la derni\u00e8re C\u00e8ne,&#8230;\/&#8230;<!--more--><\/span><\/p>\n<p><strong><span style=\"font-size: 16px;\">le d\u00e9but de la passion de J\u00e9sus, la f\u00eate de la r\u00e9conciliation des p\u00e9nitents et un jour privil\u00e9gi\u00e9 pour la c\u00e9r\u00e9monie du lavement des pieds.<\/span><\/strong><\/p>\n<p><strong><span style=\"font-size: 16px;\">Pour en savoir plus <a href=\"https:\/\/www.cybercure.fr\/les-fetes-de-l-eglise\/paques\/semaine-sainte\/article\/celebration-et-histoire-de-l-office-du-jeudi-saint\">cliquez ICI\u00a0<\/a><\/span><\/strong><\/p>\n<p>&nbsp;<\/p>\n<p><span style=\"font-size: 28px;\"><strong>La Sainte C\u00e8ne \u2013 Jeudi Saint 14 avril<\/strong><\/span><\/p>\n<p><img fetchpriority=\"high\" decoding=\"async\" class=\"size-full wp-image-5327 alignleft\" src=\"https:\/\/www.savigny-viry-catholique.fr\/wp-content\/uploads\/2022\/03\/credo.jpg\" alt=\"\" width=\"299\" height=\"168\" \/><span style=\"font-size: 20px;\">Pas de messe de semaine ce jour-l\u00e0<\/span><\/p>\n<p><span style=\"font-size: 20px;\">19h00 Sainte Th\u00e9r\u00e8se<\/span><br \/>\n<span style=\"font-size: 20px;\">19h00 Saint Martin (rite extraordinaire)<\/span><br \/>\n<span style=\"font-size: 20px;\">20h30 Notre Dame des Cit\u00e9s<\/span><\/p>\n<p>&nbsp;<\/p>\n<p>&nbsp;<\/p>\n<p>&nbsp;<\/p>\n<p>&nbsp;<\/p>\n<p><a href=\"https:\/\/vimeo.com\/manage\/videos\/405041667\"><img decoding=\"async\" class=\"size-medium wp-image-5360 alignleft\" src=\"https:\/\/www.savigny-viry-catholique.fr\/wp-content\/uploads\/2022\/04\/Lavement-des-pieds-300x219.jpg\" alt=\"\" width=\"300\" height=\"219\" \/><\/a><\/p>\n<p><span style=\"color: #000080; font-size: 20px;\"><strong>Le lavement des pieds :<\/strong><\/span><\/p>\n<p><span style=\"font-size: 20px;\"> <b><i>\u00ab\u00a0\u2026J\u00e9sus se l\u00e8ve de table, d\u00e9pose son v\u00eatement et prends un linge dont il se ceint. Il verse ensuite de l\u2019eau dans un bassin et commence \u00e0 laver les pieds des disciples et \u00e0 les essuyer avec le linge dont il \u00e9tait ceint\u2026\u00a0\u00bb <\/i><\/b><b><i>(<\/i><\/b><b><i>Jn<\/i><\/b><b><i> 13, 1-15)<\/i><\/b><\/span><\/p>\n<p><span style=\"font-size: 16px;\">Chapiteau de la cath\u00e9drale d&rsquo;Autun<\/span><\/p>\n<p>&nbsp;<\/p>\n","protected":false},"excerpt":{"rendered":"<p>L\u2019histoire de la f\u00eate du Jeudi saint est complexe, car elle comporte diff\u00e9rents \u00e9l\u00e9ments. Elle est \u00e0 la fois le m\u00e9morial de la derni\u00e8re C\u00e8ne,&#8230;\/&#8230;<\/p>\n","protected":false},"author":990003,"featured_media":5358,"comment_status":"closed","ping_status":"closed","sticky":false,"template":"","format":"standard","meta":{"give_campaign_id":0,"footnotes":""},"categories":[1],"tags":[],"class_list":["post-5356","post","type-post","status-publish","format-standard","has-post-thumbnail","hentry","category-uncategorized"],"_links":{"self":[{"href":"https:\/\/demos.uptitude.fr\/savviry1\/wp-json\/wp\/v2\/posts\/5356","targetHints":{"allow":["GET"]}}],"collection":[{"href":"https:\/\/demos.uptitude.fr\/savviry1\/wp-json\/wp\/v2\/posts"}],"about":[{"href":"https:\/\/demos.uptitude.fr\/savviry1\/wp-json\/wp\/v2\/types\/post"}],"author":[{"embeddable":true,"href":"https:\/\/demos.uptitude.fr\/savviry1\/wp-json\/wp\/v2\/users\/990003"}],"replies":[{"embeddable":true,"href":"https:\/\/demos.uptitude.fr\/savviry1\/wp-json\/wp\/v2\/comments?post=5356"}],"version-history":[{"count":0,"href":"https:\/\/demos.uptitude.fr\/savviry1\/wp-json\/wp\/v2\/posts\/5356\/revisions"}],"wp:featuredmedia":[{"embeddable":true,"href":"https:\/\/demos.uptitude.fr\/savviry1\/wp-json\/"}],"wp:attachment":[{"href":"https:\/\/demos.uptitude.fr\/savviry1\/wp-json\/wp\/v2\/media?parent=5356"}],"wp:term":[{"taxonomy":"category","embeddable":true,"href":"https:\/\/demos.uptitude.fr\/savviry1\/wp-json\/wp\/v2\/categories?post=5356"},{"taxonomy":"post_tag","embeddable":true,"href":"https:\/\/demos.uptitude.fr\/savviry1\/wp-json\/wp\/v2\/tags?post=5356"}],"curies":[{"name":"wp","href":"https:\/\/api.w.org\/{rel}","templated":true}]}}