{"id":5365,"date":"2024-03-29T14:10:25","date_gmt":"2024-03-29T14:10:25","guid":{"rendered":"https:\/\/www.savigny-viry-catholique.fr\/?p=5365"},"modified":"2024-03-29T14:10:25","modified_gmt":"2024-03-29T14:10:25","slug":"vendredi-saint-15-avril","status":"publish","type":"post","link":"https:\/\/demos.uptitude.fr\/savviry1\/vendredi-saint-15-avril\/","title":{"rendered":"Vendredi Saint  29 Mars"},"content":{"rendered":"<p>Chemin de Croix et c\u00e9l\u00e9bration de la Passion<\/p>\n<p><!--more--><\/p>\n<p><span style=\"font-size: 28px; color: #ff0000;\"><strong>Chemin de Croix \u2013 Vendredi Saint 29 Mars<\/strong><\/span><br \/>\n<a href=\"http:\/\/lechemindecroixdefrancis.blogspot.com\/p\/meditation.html\"><span style=\"font-size: 24px; color: #ff0000;\"><img fetchpriority=\"high\" decoding=\"async\" class=\"size-medium wp-image-5328 alignleft\" src=\"https:\/\/www.savigny-viry-catholique.fr\/wp-content\/uploads\/2022\/03\/Chemin-CroixFSch-BW-218x300.jpg\" alt=\"\" width=\"218\" height=\"300\" \/><\/span><\/a><\/p>\n<p>&nbsp;<\/p>\n<p><span style=\"font-size: 20px;\"><strong>Invitation \u00e0 m\u00e9diter \u00e0 partir de l&rsquo;\u0153uvre de Francis Schneider &#8211; cliquez sur l&rsquo;image.<\/strong><\/span><\/p>\n<p>&nbsp;<\/p>\n<p>&nbsp;<\/p>\n<p>&nbsp;<\/p>\n<p>&nbsp;<\/p>\n<p>&nbsp;<\/p>\n<p>&nbsp;<\/p>\n<h1 class=\"\"><span style=\"color: #ff6600;\"><strong><span style=\"font-size: 24px;\">Vendredi saint\u2009: origine de la f\u00eate et d\u00e9roulement des c\u00e9l\u00e9brations<a style=\"color: #ff6600;\" href=\"https:\/\/croire.la-croix.com\/Definitions\/Fetes-religieuses\/Vendredi-saint\/Vendredi-Saint\"> voir ici<\/a><\/span><\/strong><\/span><\/h1>\n<p><img decoding=\"async\" class=\"size-full wp-image-5369 alignnone\" src=\"https:\/\/www.savigny-viry-catholique.fr\/wp-content\/uploads\/2022\/04\/eccehomo-lecaravage.jpg\" alt=\"\" width=\"201\" height=\"250\" \/>\u00ab\u00a0Ecce homo\u00a0\u00bb\u00a0 (Voici l&rsquo;homme) Le Caravage -vers 1605<\/p>\n","protected":false},"excerpt":{"rendered":"<p>Chemin de Croix et c\u00e9l\u00e9bration de la Passion<\/p>\n","protected":false},"author":990003,"featured_media":7133,"comment_status":"closed","ping_status":"closed","sticky":false,"template":"","format":"standard","meta":{"give_campaign_id":0,"footnotes":""},"categories":[1],"tags":[],"class_list":["post-5365","post","type-post","status-publish","format-standard","has-post-thumbnail","hentry","category-uncategorized"],"_links":{"self":[{"href":"https:\/\/demos.uptitude.fr\/savviry1\/wp-json\/wp\/v2\/posts\/5365","targetHints":{"allow":["GET"]}}],"collection":[{"href":"https:\/\/demos.uptitude.fr\/savviry1\/wp-json\/wp\/v2\/posts"}],"about":[{"href":"https:\/\/demos.uptitude.fr\/savviry1\/wp-json\/wp\/v2\/types\/post"}],"author":[{"embeddable":true,"href":"https:\/\/demos.uptitude.fr\/savviry1\/wp-json\/wp\/v2\/users\/990003"}],"replies":[{"embeddable":true,"href":"https:\/\/demos.uptitude.fr\/savviry1\/wp-json\/wp\/v2\/comments?post=5365"}],"version-history":[{"count":0,"href":"https:\/\/demos.uptitude.fr\/savviry1\/wp-json\/wp\/v2\/posts\/5365\/revisions"}],"wp:featuredmedia":[{"embeddable":true,"href":"https:\/\/demos.uptitude.fr\/savviry1\/wp-json\/"}],"wp:attachment":[{"href":"https:\/\/demos.uptitude.fr\/savviry1\/wp-json\/wp\/v2\/media?parent=5365"}],"wp:term":[{"taxonomy":"category","embeddable":true,"href":"https:\/\/demos.uptitude.fr\/savviry1\/wp-json\/wp\/v2\/categories?post=5365"},{"taxonomy":"post_tag","embeddable":true,"href":"https:\/\/demos.uptitude.fr\/savviry1\/wp-json\/wp\/v2\/tags?post=5365"}],"curies":[{"name":"wp","href":"https:\/\/api.w.org\/{rel}","templated":true}]}}