{"id":5376,"date":"2022-04-14T06:00:42","date_gmt":"2022-04-14T06:00:42","guid":{"rendered":"https:\/\/www.savigny-viry-catholique.fr\/?p=5376"},"modified":"2022-04-14T06:00:42","modified_gmt":"2022-04-14T06:00:42","slug":"paques-la-veillee-pascale-et-le-dimanche-de-paques","status":"publish","type":"post","link":"https:\/\/demos.uptitude.fr\/savviry1\/paques-la-veillee-pascale-et-le-dimanche-de-paques\/","title":{"rendered":"P\u00e2ques : Annoncer la joie Pascale"},"content":{"rendered":"<p>&nbsp;<\/p>\n<p><span style=\"font-size: 20px;\">Un des piliers de la vie chr\u00e9tienne consiste \u00e0 annoncer la Bonne Nouvelle <\/span><span style=\"font-size: 20px;\">du Salut r\u00e9alis\u00e9 par J\u00e9sus le Christ. &#8230;\/&#8230;<\/span><\/p>\n<p><!--more--><\/p>\n<p style=\"text-align: justify;\"><span style=\"font-size: 20px;\">Ainsi se conjugue la mission d\u00e9volue \u00e0 <\/span><span style=\"font-size: 20px;\">tout baptis\u00e9. Dans sa premi\u00e8re lettre aux chr\u00e9tiens de la ville de Corinthe <\/span><span style=\"font-size: 20px;\">(1Co9, 16), Saint Paul va jusqu\u2019\u00e0 dire : <em>\u00ab malheur \u00e0 moi si je n\u2019annonce pas <\/em><\/span><span style=\"font-size: 20px;\"><em>l\u2019\u00e9vangile<\/em> \u00bb ! Il a fait la rencontre du ressuscit\u00e9 sur la route de Damas et ce <\/span><span style=\"font-size: 20px;\">fut une exp\u00e9rience bouleversante, exp\u00e9rience de la divine mis\u00e9ricorde. Le <\/span><span style=\"font-size: 20px;\">feu qui l\u2019anime alors devient lumi\u00e8re pour lui-m\u00eame et pour les nations qui <\/span><span style=\"font-size: 20px;\">ne connaissent pas J\u00e9sus le Christ, le ressuscit\u00e9. La fougue missionnaire qui <\/span><span style=\"font-size: 20px;\">l\u2019habite se d\u00e9ploie en audace de b\u00e2tisseur de communaut\u00e9s croyantes. Ses <\/span><span style=\"font-size: 20px;\">lettres adress\u00e9es \u00e0 ces communaut\u00e9s constituent des tr\u00e9sors de t\u00e9moignages de foi. Elles ne cessent de nourrir des g\u00e9n\u00e9rations de chr\u00e9tiens. On y <\/span><span style=\"font-size: 20px;\">trouve une grande r\u00e9silience dans son action missionnaire contre vents et <\/span><span style=\"font-size: 20px;\">mar\u00e9es, car tout n\u2019est pas facile, il va m\u00eame conna\u00eetre la prison \u00e0 cause de <\/span><span style=\"font-size: 20px;\">sa pr\u00e9dication, mais il demeure ferme dans la foi.<\/span><br \/>\n<span style=\"font-size: 20px;\">Dans notre secteur pastoral de Savigny-Viry, \u00e0 l\u2019approche de la f\u00eate de <\/span><span style=\"font-size: 20px;\">P\u00e2ques, colonne vert\u00e9brale de notre foi, chacun peut s\u2019interroger en ces<\/span><br \/>\n<span style=\"font-size: 20px;\">termes : quelle est ma part d\u2019annonce de l\u2019\u00e9vangile ? en paroles ? en actes ?<\/span><br \/>\n<span style=\"font-size: 20px;\">Dans quelle mesure cela suscite-t-il la joie en moi ? la joie de ceux qui m\u2019entourent ? Saint Jean nous avertit, \u00ab non pas uniquement par des discours,<\/span><br \/>\n<span style=\"font-size: 20px;\">mais par des actes et en v\u00e9rit\u00e9 \u00bb (1Jean3, 18-20).<\/span><\/p>\n<p style=\"text-align: justify;\"><span style=\"font-size: 20px;\">Cette ann\u00e9e, \u00e0 la nuit pascale, dans notre secteur pastoral, six cat\u00e9chum\u00e8nes adultes vont recevoir le bapt\u00eame et la confirmation. Plusieurs jeunes<\/span><br \/>\n<span style=\"font-size: 20px;\">adolescents recevront le bapt\u00eame les jours suivants, pendant le temps pascal. Souhaitons leurs une joie immense de devenir chr\u00e9tiens. Nous sommes<\/span><br \/>\n<span style=\"font-size: 20px;\">tous appel\u00e9s \u00e0 devenir chr\u00e9tiens disciples missionnaires chaque jour, c\u2019est-\u00e0<\/span><span style=\"font-size: 20px;\">-dire \u00e0 r\u00e9pondre oui \u00e0 notre bapt\u00eame.<\/span><br \/>\n<span style=\"font-size: 20px;\">Le synode dioc\u00e9sain dont le th\u00e8me est : \u00ab \u00c9glise de Dieu en Essonne, <\/span><span style=\"font-size: 20px;\">\u00e9vang\u00e9lise en prenant soin ! \u00bb invite \u00e0 participer \u00e0 l\u2019\u0153uvre d\u2019annonce du Salut en J\u00e9sus-Christ sous plusieurs formes. Salut qui n\u2019est autre chose que le <\/span><span style=\"font-size: 20px;\">bonheur, la joie \u00e9ternelle.<\/span><br \/>\n<span style=\"font-size: 20px;\">A la nuit pascale, le chant de \u00ab l\u2019Exultet \u00bb annonce la joie pascale. Il fait <\/span><span style=\"font-size: 20px;\">\u00e9cho, d\u00e8s le d\u00e9but de la c\u00e9l\u00e9bration, comme en r\u00e9ponse d\u2019entr\u00e9e de jeu \u00e0 la<\/span><br \/>\n<span style=\"font-size: 20px;\">question de l\u2019\u00e9vangile : \u00ab pourquoi cherchez vous le Vivant parmi les <\/span><span style=\"font-size: 20px;\">morts ? \u00bb. <\/span><\/p>\n<p style=\"text-align: justify;\"><span style=\"font-size: 20px;\">La joie pascale, c\u2019est que le Christ est vraiment ressuscit\u00e9, oui, il <\/span><span style=\"font-size: 20px;\">est vivant ! Il nous fait une folle promesse \u00e0 laquelle nous croyons mordicus : <\/span><span style=\"font-size: 20px;\">\u00ab <em>Celui qui croit en moi, je le ressusciterai au dernier jour<\/em> \u00bb. All\u00e9luia !<\/span><\/p>\n<p style=\"text-align: justify;\"><span style=\"font-size: 20px;\">Joyeuse f\u00eate de P\u00e2ques !<\/span><\/p>\n<p><span style=\"font-size: 20px;\">P\u00e8re Emmanuel BIDZOGO <\/span><\/p>\n<p>&nbsp;<\/p>\n<p>&nbsp;<\/p>\n<p><strong><span style=\"font-size: 20px; color: #0000ff;\">La c\u00e9l\u00e9bration de la veill\u00e9e ou vigile pascale\u00a0 <\/span><\/strong><span style=\"font-size: 20px;\">cl\u00f4t le Triduum pascal et ouvre \u00e0 la f\u00eate de P\u00e2ques. Elle prend le temps de faire m\u00e9moire des merveilles de Dieu au cours de l\u2019histoire. Elle se d\u00e9roule en quatre temps essentiels :<\/span><\/p>\n<h2><span style=\"font-size: 16px;\">1. LITURGIE DE LA LUMI\u00c8RE\u00a0 \u00a0 <\/span><\/h2>\n<h2><span style=\"font-size: 16px;\"><img fetchpriority=\"high\" decoding=\"async\" class=\"wp-image-5383 alignleft\" src=\"https:\/\/www.savigny-viry-catholique.fr\/wp-content\/uploads\/2022\/04\/Paq-NDE2011-300x204.jpg\" alt=\"\" width=\"600\" height=\"409\" \/><\/span><\/h2>\n<h2><span style=\"font-size: 16px;\">2. LITURGIE DE LA PAROLE<\/span><\/h2>\n<h2><span style=\"font-size: 16px;\">3. LITURGIE BAPTISMALE<\/span><\/h2>\n<h2><span style=\"font-size: 16px;\">4. LITURGIE EUCHARISTIQUE<\/span><\/h2>\n<p><a href=\"https:\/\/croire.la-croix.com\/Definitions\/Fetes-religieuses\/Samedi-saint\/Les-quatre-temps-de-la-Veillee-Pascale\"><strong><span style=\"font-size: 20px; color: #ff0000;\">En savoir plus ICI<\/span><\/strong><\/a><\/p>\n<p>&nbsp;<\/p>\n<p>&nbsp;<\/p>\n<p>&nbsp;<\/p>\n<p>&nbsp;<\/p>\n<p>&nbsp;<\/p>\n<p>&nbsp;<\/p>\n<p>&nbsp;<\/p>\n<p>&nbsp;<\/p>\n<p><span style=\"font-size: 20px;\"><strong>Vigile Pascale \u2013 Samedi Saint 16 avril<img decoding=\"async\" class=\"size-medium wp-image-5385 alignright\" src=\"https:\/\/www.savigny-viry-catholique.fr\/wp-content\/uploads\/2022\/04\/Cierge-Pascal-201x300.jpg\" alt=\"\" width=\"201\" height=\"300\" \/><\/strong><\/span><br \/>\n<span style=\"font-size: 20px;\">20h30 Notre Dame d\u2019Esp\u00e9rance<\/span><br \/>\n<span style=\"font-size: 20px;\">21h00 Saint Esprit<\/span><br \/>\n<span style=\"font-size: 20px;\">21h00 Notre Dame des Cit\u00e9s (rite extraordinaire)<\/span><\/p>\n<p>&nbsp;<\/p>\n<p><img decoding=\"async\" class=\"alignleft wp-image-5329\" src=\"https:\/\/www.savigny-viry-catholique.fr\/wp-content\/uploads\/2022\/03\/Resurrection-Giotto-Assise-1320-300x210.jpg\" alt=\"\" width=\"450\" height=\"315\" \/><\/p>\n<p>&nbsp;<\/p>\n<p>&nbsp;<\/p>\n<p><span style=\"font-size: 20px;\"><strong>Dimanche de P\u00e2ques \u2013 17 avril<\/strong><\/span><br \/>\n<span style=\"font-size: 20px;\">09h30 Saint Martin<\/span><br \/>\n<span style=\"font-size: 20px;\">09h30 Sainte Bernadette<\/span><br \/>\n<span style=\"font-size: 20px;\">10h00 Notre Dame des Cit\u00e9s (rite extraordinaire)<\/span><br \/>\n<span style=\"font-size: 20px;\">11h00 Saint Esprit<\/span><br \/>\n<span style=\"font-size: 20px;\">11h00 Sainte Th\u00e9r\u00e8se<\/span><\/p>\n<p>&nbsp;<\/p>\n<p>&nbsp;<\/p>\n<p>&nbsp;<\/p>\n<p>&nbsp;<\/p>\n<p>&nbsp;<\/p>\n<p><span style=\"font-size: 20px; color: #0000ff;\"><strong>La r\u00e9surrection du Christ de Nicolas Brenet 1775 \u00c9glise Saint Symphorien \u00e0 Versailles (78)<\/strong><\/span><\/p>\n<p>&nbsp;<\/p>\n<p><span style=\"color: #0000ff; font-size: 20px;\"><strong>Une lecture d&rsquo;image r\u00e9alis\u00e9e par Image et Pastorale.<\/strong><\/span><\/p>\n<h4><span style=\"color: #0000ff;\">Apr\u00e8s avoir rep\u00e9rer les objets et personnages de cette \u0153uvre, d\u00e9couvrez sa composition et ce qu\u2019elle nous dit de la r\u00e9surrection du Christ.<\/span><\/h4>\n<p><span style=\"font-size: 20px;\"><strong>Cliquez sur l&rsquo;image et laissez vous guider<\/strong><\/span><\/p>\n<p><a href=\"https:\/\/image-et-pastorale.ec-ressources.fr\/swf\/sresu.php\"><img loading=\"lazy\" decoding=\"async\" class=\"aligncenter wp-image-5378\" src=\"https:\/\/www.savigny-viry-catholique.fr\/wp-content\/uploads\/2022\/04\/resurrection-christ-guy-brenet-284604_21-176x300.jpg\" alt=\"\" width=\"250\" height=\"427\" \/><\/a><\/p>\n<p>&nbsp;<\/p>\n<p>&nbsp;<\/p>\n<p>&nbsp;<\/p>\n","protected":false},"excerpt":{"rendered":"<p>&nbsp; Un des piliers de la vie chr\u00e9tienne consiste \u00e0 annoncer la Bonne Nouvelle du Salut r\u00e9alis\u00e9 par J\u00e9sus le Christ. &#8230;\/&#8230;<\/p>\n","protected":false},"author":990003,"featured_media":5379,"comment_status":"closed","ping_status":"closed","sticky":false,"template":"","format":"standard","meta":{"give_campaign_id":0,"footnotes":""},"categories":[1],"tags":[],"class_list":["post-5376","post","type-post","status-publish","format-standard","has-post-thumbnail","hentry","category-uncategorized"],"_links":{"self":[{"href":"https:\/\/demos.uptitude.fr\/savviry1\/wp-json\/wp\/v2\/posts\/5376","targetHints":{"allow":["GET"]}}],"collection":[{"href":"https:\/\/demos.uptitude.fr\/savviry1\/wp-json\/wp\/v2\/posts"}],"about":[{"href":"https:\/\/demos.uptitude.fr\/savviry1\/wp-json\/wp\/v2\/types\/post"}],"author":[{"embeddable":true,"href":"https:\/\/demos.uptitude.fr\/savviry1\/wp-json\/wp\/v2\/users\/990003"}],"replies":[{"embeddable":true,"href":"https:\/\/demos.uptitude.fr\/savviry1\/wp-json\/wp\/v2\/comments?post=5376"}],"version-history":[{"count":0,"href":"https:\/\/demos.uptitude.fr\/savviry1\/wp-json\/wp\/v2\/posts\/5376\/revisions"}],"wp:featuredmedia":[{"embeddable":true,"href":"https:\/\/demos.uptitude.fr\/savviry1\/wp-json\/"}],"wp:attachment":[{"href":"https:\/\/demos.uptitude.fr\/savviry1\/wp-json\/wp\/v2\/media?parent=5376"}],"wp:term":[{"taxonomy":"category","embeddable":true,"href":"https:\/\/demos.uptitude.fr\/savviry1\/wp-json\/wp\/v2\/categories?post=5376"},{"taxonomy":"post_tag","embeddable":true,"href":"https:\/\/demos.uptitude.fr\/savviry1\/wp-json\/wp\/v2\/tags?post=5376"}],"curies":[{"name":"wp","href":"https:\/\/api.w.org\/{rel}","templated":true}]}}