{"id":5398,"date":"2024-04-30T00:00:19","date_gmt":"2024-04-30T00:00:19","guid":{"rendered":"https:\/\/www.savigny-viry-catholique.fr\/?p=5398"},"modified":"2024-04-30T00:00:19","modified_gmt":"2024-04-30T00:00:19","slug":"lascension-26-mai","status":"publish","type":"post","link":"https:\/\/demos.uptitude.fr\/savviry1\/lascension-26-mai\/","title":{"rendered":"L&rsquo;Ascension  jeudi 9 mai"},"content":{"rendered":"<p class=\"p1\"><em><span class=\"s1\">La f\u00eate de l\u2019Ascension\u00a0c\u00e9l\u00e8bre la mont\u00e9e de J\u00e9sus vers Dieu son P\u00e8re. Elle est f\u00eat\u00e9e en France le jeudi de l\u2019Ascension, quarante jours apr\u00e8s P\u00e2ques. ..\/&#8230;<\/span><\/em><\/p>\n<p><!--more--><\/p>\n<p class=\"p1\"><span style=\"font-size: 16px;\"><em><span class=\"s1\">Mort et ressuscit\u00e9, il quitte ses disciples tout en continuant d\u2019\u00eatre pr\u00e9sent aupr\u00e8s d\u2019eux, mais diff\u00e9remment. Il promet de leur envoyer une force, celle de l\u2019Esprit-Saint.<\/span><\/em><\/span><\/p>\n<figure id=\"attachment_5397\" aria-describedby=\"caption-attachment-5397\" style=\"width: 300px\" class=\"wp-caption alignleft\"><a href=\"https:\/\/eglise.catholique.fr\/approfondir-sa-foi\/la-celebration-de-la-foi\/les-grandes-fetes-chretiennes\/lascension-du-christ\/367249-que-fete-ascension\/\"><img fetchpriority=\"high\" decoding=\"async\" class=\"size-medium wp-image-5397\" src=\"https:\/\/www.savigny-viry-catholique.fr\/wp-content\/uploads\/2022\/04\/Ascension03-300x277.jpg\" alt=\"\" width=\"300\" height=\"277\" \/><\/a><figcaption id=\"caption-attachment-5397\" class=\"wp-caption-text\">L\u2019ASCENSION du SEIGNEUR<\/figcaption><\/figure>\n<p>&nbsp;<\/p>\n<p>&nbsp;<\/p>\n<p class=\"p2\"><span class=\"s1\" style=\"font-size: 16px;\">La f\u00eate de l\u2019Ascension, c\u00e9l\u00e9brant l\u2019entr\u00e9e du Christ dans la gloire de Dieu, est une des principales f\u00eates chr\u00e9tiennes, qui s\u2019inscrit dans le prolongement de\u00a0P\u00e2ques et annonce la\u00a0Pentec\u00f4te, dix jours plus tard. Le jour de l\u2019Ascension, la couleur des v\u00eatements liturgiques (que porte le\u00a0pr\u00eatre) est le blanc, couleur de la f\u00eate, de la lumi\u00e8re et de la joie.<\/span><\/p>\n<p>&nbsp;<\/p>\n<p><strong><span style=\"font-size: 16px;\">Pour en savoir plus, cliquez sur l&rsquo;image<\/span><\/strong><\/p>\n<p>&nbsp;<\/p>\n<p><span style=\"font-size: 16px; color: #0000ff;\"><strong>Pour le secteur pastoral Savigny-Viry, Messes aux heures habiruelles du dimanche<\/strong><\/span><\/p>\n<p>&nbsp;<\/p>\n<p>&nbsp;<\/p>\n<p>&nbsp;<\/p>\n<div class=\"article-content__top\">\n<h1><span style=\"font-size: 20px;\">DIAPORAMA &#8211; L&rsquo;Ascension du Christ dans les Tr\u00e8s riches Heures du duc de Berry<\/span><\/h1>\n<\/div>\n<div class=\"left-col\">\n<article>\n<header>\n<p class=\"article-intro\"><a href=\"https:\/\/www.youtube.com\/watch?v=AafuIqBajgg&amp;t=18s\"><img decoding=\"async\" class=\"size-medium wp-image-7267 alignleft\" src=\"https:\/\/www.savigny-viry-catholique.fr\/wp-content\/uploads\/2024\/04\/Ascension-berry-300x171.jpg\" alt=\"\" width=\"300\" height=\"171\" \/><\/a><span style=\"font-size: 16px;\">L\u2019Ascension du Christ est une superbe enluminure des Tr\u00e8s riches Heures du duc de Berry, comment\u00e9e par le bibliste R\u00e9gis Burnet. Le livre d\u2019heure \u00e9tait destin\u00e9 aux catholiques pour leur permettre de suivre la liturgie des Heures.<\/span><\/p>\n<p><span style=\"font-size: 16px;\">(Source La Croix)<\/span><\/p>\n<\/header>\n<\/article>\n<p><span style=\"font-size: 16px;\"><strong><span style=\"color: #ff0000;\">Cliquez sur l&rsquo;image pour voir le diaporama<\/span><\/strong><\/span><\/p>\n<\/div>\n","protected":false},"excerpt":{"rendered":"<p>La f\u00eate de l\u2019Ascension\u00a0c\u00e9l\u00e8bre la mont\u00e9e de J\u00e9sus vers Dieu son P\u00e8re. Elle est f\u00eat\u00e9e en France le jeudi de l\u2019Ascension, quarante jours apr\u00e8s P\u00e2ques. ..\/&#8230;<\/p>\n","protected":false},"author":990003,"featured_media":7269,"comment_status":"closed","ping_status":"closed","sticky":false,"template":"","format":"standard","meta":{"give_campaign_id":0,"footnotes":""},"categories":[1],"tags":[],"class_list":["post-5398","post","type-post","status-publish","format-standard","has-post-thumbnail","hentry","category-uncategorized"],"_links":{"self":[{"href":"https:\/\/demos.uptitude.fr\/savviry1\/wp-json\/wp\/v2\/posts\/5398","targetHints":{"allow":["GET"]}}],"collection":[{"href":"https:\/\/demos.uptitude.fr\/savviry1\/wp-json\/wp\/v2\/posts"}],"about":[{"href":"https:\/\/demos.uptitude.fr\/savviry1\/wp-json\/wp\/v2\/types\/post"}],"author":[{"embeddable":true,"href":"https:\/\/demos.uptitude.fr\/savviry1\/wp-json\/wp\/v2\/users\/990003"}],"replies":[{"embeddable":true,"href":"https:\/\/demos.uptitude.fr\/savviry1\/wp-json\/wp\/v2\/comments?post=5398"}],"version-history":[{"count":0,"href":"https:\/\/demos.uptitude.fr\/savviry1\/wp-json\/wp\/v2\/posts\/5398\/revisions"}],"wp:featuredmedia":[{"embeddable":true,"href":"https:\/\/demos.uptitude.fr\/savviry1\/wp-json\/"}],"wp:attachment":[{"href":"https:\/\/demos.uptitude.fr\/savviry1\/wp-json\/wp\/v2\/media?parent=5398"}],"wp:term":[{"taxonomy":"category","embeddable":true,"href":"https:\/\/demos.uptitude.fr\/savviry1\/wp-json\/wp\/v2\/categories?post=5398"},{"taxonomy":"post_tag","embeddable":true,"href":"https:\/\/demos.uptitude.fr\/savviry1\/wp-json\/wp\/v2\/tags?post=5398"}],"curies":[{"name":"wp","href":"https:\/\/api.w.org\/{rel}","templated":true}]}}