{"id":5418,"date":"2022-04-23T19:50:25","date_gmt":"2022-04-23T19:50:25","guid":{"rendered":"https:\/\/www.savigny-viry-catholique.fr\/?p=5418"},"modified":"2022-04-23T19:50:25","modified_gmt":"2022-04-23T19:50:25","slug":"dimanche-de-la-misericorde-24-avril-2022","status":"publish","type":"post","link":"https:\/\/demos.uptitude.fr\/savviry1\/dimanche-de-la-misericorde-24-avril-2022\/","title":{"rendered":"Dimanche de la Mis\u00e9ricorde 24 avril 2022"},"content":{"rendered":"<p><span style=\"font-size: 20px;\">La mis\u00e9ricorde est une attitude caract\u00e9ristique de Dieu qui peut le d\u00e9finir tout entier : comme le <\/span><span style=\"font-size: 20px;\">disait Sainte Th\u00e9r\u00e8se de l\u2019Enfant J\u00e9sus, \u00ab Il n\u2019est qu\u2019amour et mis\u00e9ricorde \u00bb&#8230;\/&#8230;<\/span><\/p>\n<p><!--more--><\/p>\n<p><span style=\"font-size: 20px;\">La mis\u00e9ricorde est <\/span><span style=\"font-size: 20px;\">r\u00e9v\u00e9latrice du soin dont le P\u00e8re entoure ses enfants : Dieu \u00e9coute avec attention ce qui monte du <\/span><span style=\"font-size: 20px;\">c\u0153ur de l\u2019homme ce qui provoque en Lui une attention quasi-maternelle. L\u2019homme peut alors <\/span><span style=\"font-size: 20px;\">accepter de voir la mis\u00e8re, la pauvret\u00e9, l\u2019\u00e9troitesse de sa vie.<\/span><br \/>\n<span style=\"font-size: 20px;\">Face \u00e0 nos difficult\u00e9s \u00e0 aimer et \u00e0 pardonner, Dieu lui-m\u00eame vient combler nos manques et <\/span><span style=\"font-size: 20px;\">restaurer notre humanit\u00e9 pour nous orienter vers une vie plus donn\u00e9e. Si la mis\u00e9ricorde ne se r\u00e9duit <\/span><span style=\"font-size: 20px;\">pas au pardon, elle conduit de mani\u00e8re privil\u00e9gi\u00e9e au sacrement de la r\u00e9conciliation. En effet, c\u2019est <\/span><span style=\"font-size: 20px;\">le lieu o\u00f9 l\u2019on peut faire avec certitude l\u2019exp\u00e9rience de cette action amoureuse de Dieu qui vient <\/span><span style=\"font-size: 20px;\">gu\u00e9rir le c\u0153ur de l\u2019homme bless\u00e9 par le mal qu\u2019il est capable de commettre.<\/span><\/p>\n<p>&nbsp;<\/p>\n<p><span style=\"font-size: 20px;\">Quelques Visages de la mis\u00e9ricorde<\/span><br \/>\n<span style=\"font-size: 20px;\"><img fetchpriority=\"high\" decoding=\"async\" class=\"size-medium wp-image-4549 alignleft\" src=\"https:\/\/www.savigny-viry-catholique.fr\/wp-content\/uploads\/2021\/04\/FAUSTINE-223x300.jpg\" alt=\"\" width=\"223\" height=\"300\" \/><\/span><\/p>\n<p>&nbsp;<\/p>\n<p>&nbsp;<\/p>\n<p>&nbsp;<\/p>\n<p><span style=\"font-size: 20px;\">\uf0b7 Sainte Faustine : Premi\u00e8re sainte canonis\u00e9e en l\u2019an 2000, au d\u00e9but du XXIe si\u00e8cle, par le <\/span><span style=\"font-size: 20px;\">Pape Jean-Paul II, sainte Faustine Kowalska est n\u00e9e le 25 ao\u00fbt 1905 dans un petit village de <\/span><span style=\"font-size: 20px;\">Pologne. S\u0153ur Marie-Faustine meurt \u00e0 Cracovie le 5 octobre 1938, \u00e2g\u00e9e d\u2019\u00e0 peine 33 ans.<\/span><\/p>\n<p>&nbsp;<\/p>\n<p>&nbsp;<\/p>\n<p>&nbsp;<\/p>\n<p>&nbsp;<\/p>\n<p><span style=\"font-size: 20px;\">\uf0b7 Saint Jean-Paul II : Premier pape polonais de l\u2019histoire, Jean-Paul II a d\u00e8s le jour de <\/span><span style=\"font-size: 20px;\">l\u2019inauguration de son pontificat lanc\u00e9 un appel aux jeunes : \u00ab Vous \u00eates l\u2019esp\u00e9rance de l<\/span><span style=\"font-size: 20px;\">\u2019\u00c9glise \u00bb. Pape globe-trotteur, ardent d\u00e9fenseur de la vie, il est aussi le pape de la <\/span><span style=\"font-size: 20px;\">mis\u00e9ricorde.<\/span><\/p>\n<p>&nbsp;<\/p>\n<p>&nbsp;<\/p>\n<p><span style=\"font-size: 20px;\"><img decoding=\"async\" class=\"size-medium wp-image-5423 alignleft\" src=\"https:\/\/www.savigny-viry-catholique.fr\/wp-content\/uploads\/2022\/04\/Edith-Stein.-300x233.jpg\" alt=\"\" width=\"300\" height=\"233\" \/><\/span><\/p>\n<p>&nbsp;<\/p>\n<p>&nbsp;<\/p>\n<p><span style=\"font-size: 20px;\">\uf0b7 Edith Stein : Philosophe et carm\u00e9lite, Edith Stein vient au monde dans une famille juive le 12 <\/span><span style=\"font-size: 20px;\">octobre 1891. En 1921, la lecture de l\u2019autobiographie de Th\u00e9r\u00e8se d\u2019Avila l\u2019incite \u00e0 se<\/span><br \/>\n<span style=\"font-size: 20px;\">convertir au catholicisme. Elle est habit\u00e9e par une spiritualit\u00e9 de la Croix. Elle meurt, victime <\/span><span style=\"font-size: 20px;\">de la shoah le 9 ao\u00fbt 1942.<\/span><\/p>\n<p>&nbsp;<\/p>\n<p>&nbsp;<\/p>\n<p>&nbsp;<\/p>\n<p><span style=\"font-size: 20px;\">\uf0b7 Saint Martin de Tours : Que les Eglises d\u2019Orient appellent aussi \u00ab saint Martin le <\/span><span style=\"font-size: 20px;\">Mis\u00e9ricordieux \u00bb. Il est n\u00e9 en Pannonie, l\u2019actuelle Hongrie, sur les fronti\u00e8res de l\u2019empire\u00a0 <\/span><span style=\"font-size: 20px;\">romain o\u00f9 son p\u00e8re \u00e9tait en garnison. Il est connu de par sa g\u00e9n\u00e9rosit\u00e9 l\u00e9gendaire.<\/span><\/p>\n<p>&nbsp;<\/p>\n<p>&nbsp;<\/p>\n<p><span style=\"font-size: 20px;\"><img decoding=\"async\" class=\"alignleft wp-image-5424\" src=\"https:\/\/www.savigny-viry-catholique.fr\/wp-content\/uploads\/2022\/04\/maiti-girtanner-a-300x150.jpg\" alt=\"\" width=\"500\" height=\"250\" \/><\/span><\/p>\n<p>&nbsp;<\/p>\n<p>&nbsp;<\/p>\n<p><span style=\"font-size: 20px;\">\uf0b7 Ma\u00efti Girtanner : Ma\u00efti Girtanner (1922-2014) est une figure de la r\u00e9sistance fran\u00e7aise. A 21 <\/span><span style=\"font-size: 20px;\">ans elle est arr\u00eat\u00e9e et tortur\u00e9e. Apr\u00e8s de longues ann\u00e9es de souffrances physiques, morales <\/span><span style=\"font-size: 20px;\">et de pri\u00e8res, elle parvient \u00e0 pardonner \u00e0 son bourreau, un m\u00e9decin nazi.<\/span><\/p>\n<p>&nbsp;<\/p>\n<p>&nbsp;<\/p>\n<p>&nbsp;<\/p>\n<p>&nbsp;<\/p>\n<p>&nbsp;<\/p>\n<p><span style=\"font-size: 20px;\"><img loading=\"lazy\" decoding=\"async\" class=\"size-medium wp-image-5425 alignleft\" src=\"https:\/\/www.savigny-viry-catholique.fr\/wp-content\/uploads\/2022\/04\/claire_ly_photo_dr_v-300x300.jpg\" alt=\"\" width=\"300\" height=\"300\" \/><\/span><\/p>\n<p>&nbsp;<\/p>\n<p><span style=\"font-size: 20px;\">\uf0b7 Claire Ly : Avril 1975, les khmers rouges deviennent les ma\u00eetres du Cambodge. Pour Claire <\/span><span style=\"font-size: 20px;\">Ly, professeur de philosophie, commence alors un long calvaire : camp de travail \u00e0 la<\/span><br \/>\n<span style=\"font-size: 20px;\">campagne, ex\u00e9cutions sommaires, endoctrinement des enfants, malnutrition, chasse aux <\/span><span style=\"font-size: 20px;\">bourgeois et aux intellectuels. Apr\u00e8s des sentiments de haine et de r\u00e9volte, elle d\u00e9couvre ce <\/span><span style=\"font-size: 20px;\">qu\u2019elle appelle \u00ab le dieu des occidentaux \u00bb et, elle qui est d\u2019origine bouddhiste, s\u2019est peu \u00e0 <\/span><span style=\"font-size: 20px;\">peu converti au christianisme.<\/span><\/p>\n","protected":false},"excerpt":{"rendered":"<p>La mis\u00e9ricorde est une attitude caract\u00e9ristique de Dieu qui peut le d\u00e9finir tout entier : comme le disait Sainte Th\u00e9r\u00e8se de l\u2019Enfant J\u00e9sus, \u00ab Il n\u2019est qu\u2019amour et mis\u00e9ricorde \u00bb&#8230;\/&#8230;<\/p>\n","protected":false},"author":990003,"featured_media":4548,"comment_status":"closed","ping_status":"closed","sticky":false,"template":"","format":"standard","meta":{"give_campaign_id":0,"footnotes":""},"categories":[1],"tags":[],"class_list":["post-5418","post","type-post","status-publish","format-standard","has-post-thumbnail","hentry","category-uncategorized"],"_links":{"self":[{"href":"https:\/\/demos.uptitude.fr\/savviry1\/wp-json\/wp\/v2\/posts\/5418","targetHints":{"allow":["GET"]}}],"collection":[{"href":"https:\/\/demos.uptitude.fr\/savviry1\/wp-json\/wp\/v2\/posts"}],"about":[{"href":"https:\/\/demos.uptitude.fr\/savviry1\/wp-json\/wp\/v2\/types\/post"}],"author":[{"embeddable":true,"href":"https:\/\/demos.uptitude.fr\/savviry1\/wp-json\/wp\/v2\/users\/990003"}],"replies":[{"embeddable":true,"href":"https:\/\/demos.uptitude.fr\/savviry1\/wp-json\/wp\/v2\/comments?post=5418"}],"version-history":[{"count":0,"href":"https:\/\/demos.uptitude.fr\/savviry1\/wp-json\/wp\/v2\/posts\/5418\/revisions"}],"wp:featuredmedia":[{"embeddable":true,"href":"https:\/\/demos.uptitude.fr\/savviry1\/wp-json\/"}],"wp:attachment":[{"href":"https:\/\/demos.uptitude.fr\/savviry1\/wp-json\/wp\/v2\/media?parent=5418"}],"wp:term":[{"taxonomy":"category","embeddable":true,"href":"https:\/\/demos.uptitude.fr\/savviry1\/wp-json\/wp\/v2\/categories?post=5418"},{"taxonomy":"post_tag","embeddable":true,"href":"https:\/\/demos.uptitude.fr\/savviry1\/wp-json\/wp\/v2\/tags?post=5418"}],"curies":[{"name":"wp","href":"https:\/\/api.w.org\/{rel}","templated":true}]}}