{"id":5447,"date":"2022-05-03T22:58:02","date_gmt":"2022-05-03T22:58:02","guid":{"rendered":"https:\/\/www.savigny-viry-catholique.fr\/?p=5447"},"modified":"2022-05-03T22:58:02","modified_gmt":"2022-05-03T22:58:02","slug":"8-mai-59eme-journee-mondiale-de-priere-pour-les-vocations","status":"publish","type":"post","link":"https:\/\/demos.uptitude.fr\/savviry1\/8-mai-59eme-journee-mondiale-de-priere-pour-les-vocations\/","title":{"rendered":"8 mai &#8211; 59\u00e8me Journ\u00e9e Mondiale de Pri\u00e8re pour les Vocations"},"content":{"rendered":"<p><img fetchpriority=\"high\" decoding=\"async\" class=\"size-full wp-image-5446 alignleft\" src=\"https:\/\/demos.uptitude.fr\/savviry1\/wp-content\/uploads\/2022\/05\/affiche-oeuvre-des-vocations-212x300-1.png\" alt=\"\" width=\"212\" height=\"300\" \/><\/p>\n<p><span style=\"font-size: 20px;\">Lors de ce dimanche du Bon pasteur, une qu\u00eate en faveur de<a href=\"https:\/\/www.mavocation.org\/\"> l&rsquo;\u0152uvre des Vocations<\/a> vous est propos\u00e9e pour permettre le financement de la\u00a0 formation de pr\u00e8s de 200 s\u00e9minaristes en Ile-de-France. Cette qu\u00eate contribuera \u00e9galement au financement de la pastorale des vocations religieuses et sacerdotales.<\/span><\/p>\n<p><span style=\"font-size: 20px;\"><strong>R\u00e9pondre \u00e0 la promesse de Dieu ! C&rsquo;est cette phrase que le pape Fran\u00e7ois nous propose de m\u00e9diter cette ann\u00e9e, sur le th\u00e8me de la vocation.<\/strong><\/span><\/p>\n<p><span style=\"font-size: 20px;\">Pour soutenir l&rsquo;\u0152uvre des vocations &#8211; <a href=\"https:\/\/soutenir.mavocation.org\/soutenir\">cliquer ici<\/a><\/span><\/p>\n","protected":false},"excerpt":{"rendered":"<p>Lors de ce dimanche du Bon pasteur, une qu\u00eate en faveur de l&rsquo;\u0152uvre des Vocations vous est propos\u00e9e pour permettre le financement de la\u00a0 formation de pr\u00e8s de 200 s\u00e9minaristes en Ile-de-France. Cette qu\u00eate contribuera \u00e9galement au financement de&hellip;<\/p>\n","protected":false},"author":990006,"featured_media":5451,"comment_status":"closed","ping_status":"closed","sticky":false,"template":"","format":"standard","meta":{"give_campaign_id":0,"footnotes":""},"categories":[1],"tags":[],"class_list":["post-5447","post","type-post","status-publish","format-standard","has-post-thumbnail","hentry","category-uncategorized"],"_links":{"self":[{"href":"https:\/\/demos.uptitude.fr\/savviry1\/wp-json\/wp\/v2\/posts\/5447","targetHints":{"allow":["GET"]}}],"collection":[{"href":"https:\/\/demos.uptitude.fr\/savviry1\/wp-json\/wp\/v2\/posts"}],"about":[{"href":"https:\/\/demos.uptitude.fr\/savviry1\/wp-json\/wp\/v2\/types\/post"}],"author":[{"embeddable":true,"href":"https:\/\/demos.uptitude.fr\/savviry1\/wp-json\/wp\/v2\/users\/990006"}],"replies":[{"embeddable":true,"href":"https:\/\/demos.uptitude.fr\/savviry1\/wp-json\/wp\/v2\/comments?post=5447"}],"version-history":[{"count":0,"href":"https:\/\/demos.uptitude.fr\/savviry1\/wp-json\/wp\/v2\/posts\/5447\/revisions"}],"wp:featuredmedia":[{"embeddable":true,"href":"https:\/\/demos.uptitude.fr\/savviry1\/wp-json\/wp\/v2\/media\/5451"}],"wp:attachment":[{"href":"https:\/\/demos.uptitude.fr\/savviry1\/wp-json\/wp\/v2\/media?parent=5447"}],"wp:term":[{"taxonomy":"category","embeddable":true,"href":"https:\/\/demos.uptitude.fr\/savviry1\/wp-json\/wp\/v2\/categories?post=5447"},{"taxonomy":"post_tag","embeddable":true,"href":"https:\/\/demos.uptitude.fr\/savviry1\/wp-json\/wp\/v2\/tags?post=5447"}],"curies":[{"name":"wp","href":"https:\/\/api.w.org\/{rel}","templated":true}]}}