{"id":5463,"date":"2022-06-02T19:18:28","date_gmt":"2022-06-02T19:18:28","guid":{"rendered":"https:\/\/www.savigny-viry-catholique.fr\/?p=5463"},"modified":"2022-06-02T19:18:28","modified_gmt":"2022-06-02T19:18:28","slug":"je-crois-en-lesprit-saint","status":"publish","type":"post","link":"https:\/\/demos.uptitude.fr\/savviry1\/je-crois-en-lesprit-saint\/","title":{"rendered":"Je crois en l\u2019Esprit Saint"},"content":{"rendered":"<p style=\"text-align: left;\"><img fetchpriority=\"high\" decoding=\"async\" class=\" wp-image-5396 alignleft\" src=\"https:\/\/www.savigny-viry-catholique.fr\/wp-content\/uploads\/2022\/04\/PentecoteCapture-300x170.jpg\" alt=\"\" width=\"358\" height=\"203\" \/><\/p>\n<p>Esprit Saint, Esprit de Pentec\u00f4te, viens transformer nos vies\u00a0!<\/p>\n<p>Tu es la Lumi\u00e8re. Tu es l\u2019expression de la puissance divine.<\/p>\n<p>Esprit de sagesse, Esprit d\u2019intelligence, Esprit de conseil, Esprit de force, Esprit de connaissance et Esprit d\u2019affection filiale, viens avec tes sept dons embraser nos vies\u00a0!<\/p>\n<p>Tu es le D\u00e9fenseur, l\u2019Avocat et le Paraclet. Nous pouvons compter sur toi.<\/p>\n<p>Oui, je compte sur ta pr\u00e9sence sur les routes de la vie. Viens \u00e0 mon aide et donne-moi de sortir vainqueur du combat spirituel. Inspire-moi la parole juste et le geste qui construit. Donne-moi la victoire sur tout acte habit\u00e9 par les t\u00e9n\u00e8bres car tu es la lumi\u00e8re divine.<\/p>\n<p>En professant ma foi en toi, j\u2019ouvre largement tout mon \u00eatre au souffle divin de la vraie vie, \u00e0 la libert\u00e9 v\u00e9ritable, celle qui renouvelle l\u2019homme profond. Tu m\u2019invites \u00e0 l\u2019action, car tu es mouvement perp\u00e9tuel.<\/p>\n<p>Oui, tu es l\u2019Esprit de la r\u00e9surrection, tu nous communiques la s\u00e8ve trinitaire vivifiante du P\u00e8re et du Fils, car tu es relation d\u2019Amour infini.<\/p>\n<p>Avec toi, na\u00eet l\u2019Eglise, communaut\u00e9 de croyants en J\u00e9sus-Christ, grande famille des baptis\u00e9s, ton Temple et Corps du Christ\u00a0.<\/p>\n<p>A l\u2019occasion de la f\u00eate de la Pentec\u00f4te, cinquante jours apr\u00e8s P\u00e2ques,\u00a0 redoublons notre \u00e9lan missionnaire enracin\u00e9 dans la joie pascale. Devenons davantage des hommes et des femmes de lumi\u00e8re.<\/p>\n<p>Oui, je crois en l\u2019Esprit Saint source de vie\u00a0!<\/p>\n<p>Bonne f\u00eate de la Pentec\u00f4te\u00a0!<\/p>\n<p style=\"text-align: left;\">\u00a0<strong>P\u00e8re Emmanuel BIDZOGO<\/strong><\/p>\n","protected":false},"excerpt":{"rendered":"<p>Esprit Saint, Esprit de Pentec\u00f4te, viens transformer nos vies\u00a0! Tu es la Lumi\u00e8re. Tu es l\u2019expression de la puissance divine. Esprit de sagesse, Esprit d\u2019intelligence, Esprit de conseil, Esprit de force, Esprit de connaissance et Esprit d\u2019affection filiale, viens&hellip;<\/p>\n","protected":false},"author":990006,"featured_media":5396,"comment_status":"closed","ping_status":"closed","sticky":false,"template":"","format":"standard","meta":{"give_campaign_id":0,"footnotes":""},"categories":[1],"tags":[],"class_list":["post-5463","post","type-post","status-publish","format-standard","has-post-thumbnail","hentry","category-uncategorized"],"_links":{"self":[{"href":"https:\/\/demos.uptitude.fr\/savviry1\/wp-json\/wp\/v2\/posts\/5463","targetHints":{"allow":["GET"]}}],"collection":[{"href":"https:\/\/demos.uptitude.fr\/savviry1\/wp-json\/wp\/v2\/posts"}],"about":[{"href":"https:\/\/demos.uptitude.fr\/savviry1\/wp-json\/wp\/v2\/types\/post"}],"author":[{"embeddable":true,"href":"https:\/\/demos.uptitude.fr\/savviry1\/wp-json\/wp\/v2\/users\/990006"}],"replies":[{"embeddable":true,"href":"https:\/\/demos.uptitude.fr\/savviry1\/wp-json\/wp\/v2\/comments?post=5463"}],"version-history":[{"count":0,"href":"https:\/\/demos.uptitude.fr\/savviry1\/wp-json\/wp\/v2\/posts\/5463\/revisions"}],"wp:featuredmedia":[{"embeddable":true,"href":"https:\/\/demos.uptitude.fr\/savviry1\/wp-json\/"}],"wp:attachment":[{"href":"https:\/\/demos.uptitude.fr\/savviry1\/wp-json\/wp\/v2\/media?parent=5463"}],"wp:term":[{"taxonomy":"category","embeddable":true,"href":"https:\/\/demos.uptitude.fr\/savviry1\/wp-json\/wp\/v2\/categories?post=5463"},{"taxonomy":"post_tag","embeddable":true,"href":"https:\/\/demos.uptitude.fr\/savviry1\/wp-json\/wp\/v2\/tags?post=5463"}],"curies":[{"name":"wp","href":"https:\/\/api.w.org\/{rel}","templated":true}]}}