{"id":5479,"date":"2022-06-18T20:33:28","date_gmt":"2022-06-18T20:33:28","guid":{"rendered":"https:\/\/www.savigny-viry-catholique.fr\/?p=5479"},"modified":"2022-06-18T20:33:28","modified_gmt":"2022-06-18T20:33:28","slug":"19-juin-solennite-du-saint-sacrement","status":"publish","type":"post","link":"https:\/\/demos.uptitude.fr\/savviry1\/19-juin-solennite-du-saint-sacrement\/","title":{"rendered":"19 juin : solennit\u00e9 du Saint-Sacrement"},"content":{"rendered":"<p>&nbsp;<\/p>\n<p>&nbsp;<\/p>\n<p><span style=\"font-size: 28px;\"><strong>Quel est le sens de la F\u00eate du Corps et du Sang du Christ ?<\/strong><\/span><\/p>\n<p><span style=\"font-size: 20px;\"><img fetchpriority=\"high\" decoding=\"async\" class=\"alignleft wp-image-5478 size-full\" src=\"https:\/\/www.savigny-viry-catholique.fr\/wp-content\/uploads\/2022\/06\/2022-06-19-PU-sacrement-660x400@2x.jpg\" alt=\"\" width=\"730\" height=\"445\" \/><\/span><\/p>\n<p>&nbsp;<\/p>\n<p>&nbsp;<\/p>\n<p>&nbsp;<\/p>\n<p>&nbsp;<\/p>\n<p><span style=\"font-size: 20px;\">Ce dimanche 19 juin, nous f\u00eatons la solennit\u00e9 du Saint-Sacrement. C&rsquo;est l&rsquo;occasion<\/span><br \/>\n<span style=\"font-size: 20px;\">de m\u00e9diter sur le sens de cette f\u00eate. Depuis la r\u00e9forme liturgique du concile Vatican II,<\/span><br \/>\n<span style=\"font-size: 20px;\">la F\u00eate Dieu est appel\u00e9e <em><strong><span style=\"color: #0000ff;\">\u00ab F\u00eate du Saint-Sacrement du Corps et du Sang du Christ \u00bb<\/span><\/strong><\/em>.<\/span><br \/>\n<span style=\"font-size: 20px;\">La F\u00eate du Corps et du Sang du Christ comm\u00e9more l\u2019institution du sacrement de<\/span><br \/>\n<span style=\"font-size: 20px;\">l\u2019eucharistie. Elle est un appel \u00e0 approfondir le sens de l\u2019eucharistie et sa place dans<\/span><br \/>\n<span style=\"font-size: 20px;\">notre vie. Cette f\u00eate est la c\u00e9l\u00e9bration du Dieu d\u2019amour qui se r\u00e9v\u00e8le en donnant son<\/span><br \/>\n<span style=\"font-size: 20px;\">corps et son sang, en se donnant \u00e0 nous comme nourriture de vie \u00e9ternelle. Le sens<\/span><br \/>\n<span style=\"font-size: 20px;\">de la f\u00eate du corps et du sang du Christ est un peu diff\u00e9rent de celui de la F\u00eate Dieu<\/span><br \/>\n<span style=\"font-size: 20px;\">qui \u00e9tait plus centr\u00e9e sur l\u2019adoration de la pr\u00e9sence r\u00e9elle du Christ. (Site de la CEF)<\/span><\/p>\n","protected":false},"excerpt":{"rendered":"<p>&nbsp; &nbsp; Quel est le sens de la F\u00eate du Corps et du Sang du Christ ? &nbsp; &nbsp; &nbsp; &nbsp; Ce dimanche 19 juin, nous f\u00eatons la solennit\u00e9 du Saint-Sacrement. C&rsquo;est l&rsquo;occasion de m\u00e9diter sur le sens de&hellip;<\/p>\n","protected":false},"author":990003,"featured_media":5478,"comment_status":"open","ping_status":"open","sticky":false,"template":"","format":"standard","meta":{"give_campaign_id":0,"footnotes":""},"categories":[1],"tags":[],"class_list":["post-5479","post","type-post","status-publish","format-standard","has-post-thumbnail","hentry","category-uncategorized"],"_links":{"self":[{"href":"https:\/\/demos.uptitude.fr\/savviry1\/wp-json\/wp\/v2\/posts\/5479","targetHints":{"allow":["GET"]}}],"collection":[{"href":"https:\/\/demos.uptitude.fr\/savviry1\/wp-json\/wp\/v2\/posts"}],"about":[{"href":"https:\/\/demos.uptitude.fr\/savviry1\/wp-json\/wp\/v2\/types\/post"}],"author":[{"embeddable":true,"href":"https:\/\/demos.uptitude.fr\/savviry1\/wp-json\/wp\/v2\/users\/990003"}],"replies":[{"embeddable":true,"href":"https:\/\/demos.uptitude.fr\/savviry1\/wp-json\/wp\/v2\/comments?post=5479"}],"version-history":[{"count":0,"href":"https:\/\/demos.uptitude.fr\/savviry1\/wp-json\/wp\/v2\/posts\/5479\/revisions"}],"wp:featuredmedia":[{"embeddable":true,"href":"https:\/\/demos.uptitude.fr\/savviry1\/wp-json\/"}],"wp:attachment":[{"href":"https:\/\/demos.uptitude.fr\/savviry1\/wp-json\/wp\/v2\/media?parent=5479"}],"wp:term":[{"taxonomy":"category","embeddable":true,"href":"https:\/\/demos.uptitude.fr\/savviry1\/wp-json\/wp\/v2\/categories?post=5479"},{"taxonomy":"post_tag","embeddable":true,"href":"https:\/\/demos.uptitude.fr\/savviry1\/wp-json\/wp\/v2\/tags?post=5479"}],"curies":[{"name":"wp","href":"https:\/\/api.w.org\/{rel}","templated":true}]}}