{"id":5485,"date":"2022-10-03T16:36:26","date_gmt":"2022-10-03T16:36:26","guid":{"rendered":"https:\/\/www.savigny-viry-catholique.fr\/?p=5485"},"modified":"2022-10-03T16:36:26","modified_gmt":"2022-10-03T16:36:26","slug":"90-ans-de-leglise-ste-therese-de-savigny-orge","status":"publish","type":"post","link":"https:\/\/demos.uptitude.fr\/savviry1\/90-ans-de-leglise-ste-therese-de-savigny-orge\/","title":{"rendered":"90 ANS de l&rsquo;EGLISE STE THERESE DE SAVIGNY\/ORGE"},"content":{"rendered":"<p>R\u00e9servez vos dates &#8230;.voir les infos ci apr\u00e8s &#8230;\/&#8230;<\/p>\n<p><!--more--><\/p>\n<div dir=\"ltr\">\n<div><strong><em><span style=\"font-size: 20px; color: #0000ff;\">A partir du 24 septembre, nous f\u00eaterons les 90 ans de l&rsquo; \u00e9glise Sainte Th\u00e9r\u00e8se.<\/span><\/em><\/strong><\/div>\n<div><\/div>\n<div><span style=\"font-size: 20px;\">A cette occasion, divers \u00e9v\u00e9nements seront organis\u00e9s du <span style=\"color: #000000;\">samedi 24 septembre au dimanche 16 octobre<\/span> :<\/span><\/div>\n<div><\/div>\n<div><img fetchpriority=\"high\" decoding=\"async\" class=\"alignnone wp-image-5534 size-full\" src=\"https:\/\/www.savigny-viry-catholique.fr\/wp-content\/uploads\/2022\/07\/90-ans-Sainte-Therese-35OK-copie.jpg\" alt=\"\" width=\"1190\" height=\"1684\" \/><\/div>\n<div>\n<p>&nbsp;<\/p>\n<p><span style=\"font-size: 24px;\"><strong>Une exposition photos retra\u00e7ant l&rsquo;histoire de l&rsquo;\u00e9glise<\/strong> et du plateau de Savigny sera visible dans l&rsquo;eglise Ste Th\u00e9r\u00e8se \u00e0 partir du samedi\u00a0 17 septembre.<\/span><\/p>\n<p>&nbsp;<\/p>\n<p><span style=\"font-size: 24px;\"><strong><span style=\"color: #ff00ff;\">Messe de lancement samedi 24 septembre \u00e0 18h00<\/span><\/strong><\/span><\/p>\n<p><span style=\"font-size: 20px; color: #000000;\">\u00a0<\/span><\/p>\n<p><span style=\"color: #000000;\"><span style=\"font-size: 20px;\"><img decoding=\"async\" class=\"alignleft wp-image-5588\" src=\"https:\/\/www.savigny-viry-catholique.fr\/wp-content\/uploads\/2022\/08\/concert-orgue-Affiche-90-ans-SteTh_v3-copie.jpg\" alt=\"\" width=\"400\" height=\"566\" \/><\/span><\/span><\/p>\n<p>&nbsp;<\/p>\n<p>&nbsp;<\/p>\n<p>&nbsp;<\/p>\n<p>&nbsp;<\/p>\n<p>&nbsp;<\/p>\n<p><span style=\"color: #000000;\"><span style=\"font-size: 20px;\"><strong>Concert de Micha\u00ebl Matthes<\/strong>,\u00a0 titulaire des grandes orgues de Saint Germain l&rsquo;Auxerrois <\/span><\/span><\/p>\n<p><span style=\"color: #000000;\"><span style=\"font-size: 20px;\">samedi 1er octobre \u00e0 20h30 -entr\u00e9e gratuite-<\/span><\/span><\/p>\n<\/div>\n<\/div>\n<p>&nbsp;<\/p>\n<p>&nbsp;<\/p>\n<p>&nbsp;<\/p>\n<p>&nbsp;<\/p>\n<p>&nbsp;<\/p>\n<p>&nbsp;<\/p>\n<p>&nbsp;<\/p>\n<p>&nbsp;<\/p>\n<p>&nbsp;<\/p>\n<p>&nbsp;<\/p>\n<p>&nbsp;<\/p>\n<p>&nbsp;<\/p>\n<p>&nbsp;<\/p>\n<p>&nbsp;<\/p>\n<p>&nbsp;<\/p>\n<p>&nbsp;<\/p>\n<div dir=\"ltr\">\n<p><strong><span style=\"font-size: 20px; color: #000000;\">Messe festive \u00e0 11h00 avec Michel Pansard, \u00e9v\u00eaque du dioc\u00e8se Evry-Corbeil Essonnes,\u00a0 dimanche 2 octobre\u00a0<\/span><\/strong><\/p>\n<p>&nbsp;<\/p>\n<p><span style=\"font-size: 20px; color: #000000;\"><img decoding=\"async\" class=\"alignleft wp-image-5538\" src=\"https:\/\/www.savigny-viry-catholique.fr\/wp-content\/uploads\/2022\/07\/affiche-Film-Flyer-copie02-212x300.jpg\" alt=\"\" width=\"300\" height=\"425\" \/><\/span><\/p>\n<p>&nbsp;<\/p>\n<p>&nbsp;<\/p>\n<p>&nbsp;<\/p>\n<p>&nbsp;<\/p>\n<p>&nbsp;<\/p>\n<p><span style=\"font-size: 20px; color: #000000;\">Projection du film Th\u00e9r\u00e8se d&rsquo;Alain Cavalier (Grand prix du festival de cannes 1986) vendredi 7 octobre<\/span><\/p>\n<\/div>\n<p>&nbsp;<\/p>\n<p>&nbsp;<\/p>\n<p>&nbsp;<\/p>\n<p>&nbsp;<\/p>\n<p>&nbsp;<\/p>\n<p>&nbsp;<\/p>\n<p>&nbsp;<\/p>\n<p>&nbsp;<\/p>\n<p>&nbsp;<\/p>\n<p>&nbsp;<\/p>\n<p>&nbsp;<\/p>\n<p><span style=\"font-size: 20px; color: #000000;\"><strong>Concert de Natasha St Pier<\/strong> \u00e0 l&rsquo; \u00e9glise Ste Th\u00e9r\u00e8se, mercredi 12 Octobre \u00e0 20h30 <\/span><\/p>\n<p><img loading=\"lazy\" decoding=\"async\" class=\"alignnone size-medium wp-image-5700\" src=\"https:\/\/www.savigny-viry-catholique.fr\/wp-content\/uploads\/2022\/10\/Banniere-Savigny-complet-copie-300x158.jpg\" alt=\"\" width=\"300\" height=\"158\" \/><\/p>\n<p><span style=\"color: #ff00ff;\"><span style=\"font-size: 20px;\"><b>Plus une seule place disponible !<\/b><\/span><\/span><\/p>\n<div dir=\"ltr\">\n<p>&nbsp;<\/p>\n<\/div>\n<div dir=\"ltr\">\n<p>&nbsp;<\/p>\n<p><span style=\"color: #000000; background-color: #ccffff;\"><strong><span style=\"font-size: 20px; background-color: #ccffff;\">Le Fr\u00e8re Yannick &#8211; Fr\u00e8re Carme &#8211; viendra donner une conf\u00e9rence sur Sainte Th\u00e9r\u00e8se de l&rsquo;Enfant J\u00e9sus le samedi 15 octobre.<\/span><\/strong><\/span><\/p>\n<p><em><span style=\"font-size: 20px;\">Qui sont les fr\u00e8res Carmes ?<\/span><\/em><\/p>\n<\/div>\n<div style=\"font-size: 12px; font-family: Arial, Helvetica, sans-serif;\">\n<p><span style=\"font-size: 20px; color: #000000; background-color: #ccffff;\">Les <strong>fr\u00e8res Carmes<\/strong> sont des <strong>religieux contemplatifs<\/strong> et<strong> apostoliques<\/strong>\u00a0; ils partagent avec leurs s\u0153urs carm\u00e9lites le m\u00eame rythme de pri\u00e8re. <u>Ils <\/u>consacrent aussi deux heures chaque jour \u00e0 la pri\u00e8re silencieuse. <u>Leur <\/u>mission est aussi d<u>e faire d\u00e9couvrir la richesse des Saints du Carmel aujourd&rsquo;hui. leur importance comme ma\u00eetres spirituels, ainsi que la Bible<\/u>. <\/span><span style=\"font-size: 20px; color: #000000; background-color: #ccffff;\">Dans cette tradition spirituelle, des s\u0153urs ou fr\u00e8res carmes ont v\u00e9cu des itin\u00e9raires singuliers marqu\u00e9s par des temps et des lieux mais avec une m\u00eame vocation commune : <strong>se tenir en pr\u00e9sence du Dieu vivant, avec et pour tous.<\/strong><\/span><\/p>\n<p><span style=\"font-size: 20px; color: #000000; background-color: #ccffff;\">Parmi eux :<\/span><\/p>\n<ul>\n<li style=\"text-align: justify;\"><span style=\"font-size: 20px; color: #000000; background-color: #ccffff;\">Les ermites du Mont Carmel aux 12\u00e8me \u2013 13\u00e8me si\u00e8cles se r\u00e9f\u00e9rant \u00e0 la figure d\u2019Elie le proph\u00e8te<\/span><\/li>\n<li style=\"text-align: justify;\"><span style=\"font-size: 20px; color: #000000; background-color: #ccffff;\">Sainte Th\u00e9r\u00e8se d\u2019Avila et saint Jean de la Croix dans l\u2019Espagne du 16\u00e8me si\u00e8cle<\/span><\/li>\n<li style=\"text-align: justify;\"><span style=\"font-size: 20px; color: #000000; background-color: #ccffff;\">Sainte Th\u00e9r\u00e8se de l\u2019Enfant-J\u00e9sus et la bienheureuse Elisabeth de la Trinit\u00e9 dans la France du 19\u00e8me \u2013 d\u00e9but 20\u00e8me si\u00e8cle<\/span><\/li>\n<li style=\"text-align: justify;\"><span style=\"font-size: 20px; color: #000000; background-color: #ccffff;\">Sainte Th\u00e9r\u00e8se B\u00e9n\u00e9dicte de la Croix (E. Stein) et le P\u00e8re Jacques de J\u00e9sus dans un monde secou\u00e9 par une id\u00e9ologie totalitaire lors de la seconde guerre mondiale.<\/span><\/li>\n<\/ul>\n<p style=\"text-align: justify;\"><span style=\"font-size: 20px; color: #000000; background-color: #ccffff;\">Souligner cela, c\u2019est dire d\u2019embl\u00e9e que le Carmel est pluriel et que ces visages de saintet\u00e9 accompagnent nos chemins d\u2019aujourd\u2019hui.<\/span><\/p>\n<p style=\"text-align: justify;\"><span style=\"font-size: 20px; color: #000000; background-color: #ccffff;\">Encore aujourd\u2019hui, chaque s\u0153ur ou fr\u00e8re d\u00e9couvre dans le compagnonnage avec l\u2019un ou l\u2019autre saint du Carmel, son propre chemin spirituel, en r\u00e9ponse \u00e0 l\u2019appel de Dieu.<\/span><\/p>\n<p style=\"text-align: justify;\"><span style=\"font-size: 20px; color: #000000; background-color: #ccffff;\">Dans l&rsquo;ordre des carmes, il existe aujourd&rsquo;hui deux branches principales: les Grands Carmes (n&rsquo;ayant pas suivi la r\u00e9forme de sainte Th\u00e9r\u00e8se d&rsquo;Avila) et la branche issue de la r\u00e9forme th\u00e9r\u00e9sienne, les Carmes D\u00e9chaux<strong>.<\/strong><\/span><\/p>\n<p style=\"text-align: justify;\"><span style=\"font-size: 20px; color: #000000; background-color: #ccffff;\">En France, les Carmes D\u00e9chaux (ou D\u00e9chauss\u00e9s) sont r\u00e9partis en deux Provinces\u00a0:<strong> celle d&rsquo;Avignon-Aquitaine<\/strong> et <strong>celle de Paris<\/strong>.<\/span><\/p>\n<p style=\"text-align: justify;\"><span style=\"font-size: 20px; color: #000000; background-color: #ccffff;\">Les <strong>Grands Carmes<\/strong> sont pr\u00e9sents \u00e0 Nantes<\/span><\/p>\n<\/div>\n<p>&nbsp;<\/p>\n<p><a href=\"https:\/\/www.carmel.asso.fr\/.\"><strong><span style=\"font-size: 20px;\">Pour en savoir plus : https:\/\/www.carmel.asso.fr\/.<\/span><\/strong><\/a><\/p>\n<div style=\"font-size: 12px; font-family: Arial, Helvetica, sans-serif;\">\n<p>&nbsp;<\/p>\n<\/div>\n<div dir=\"ltr\">\n<div>\n<p><span style=\"color: #000000; background-color: #ff99cc;\"><strong><em><span style=\"font-size: 20px; background-color: #ff99cc;\">V\u00e9n\u00e9ration des reliques de Ste Th\u00e9r\u00e8se, du vendredi 14 au dimanche 16 octobre<\/span><\/em><\/strong><\/span><\/p>\n<figure id=\"attachment_5521\" aria-describedby=\"caption-attachment-5521\" style=\"width: 300px\" class=\"wp-caption alignleft\"><img loading=\"lazy\" decoding=\"async\" class=\"size-medium wp-image-5521\" src=\"https:\/\/www.savigny-viry-catholique.fr\/wp-content\/uploads\/2022\/07\/Reliques-02-300x225.jpg\" alt=\"\" width=\"300\" height=\"225\" \/><figcaption id=\"caption-attachment-5521\" class=\"wp-caption-text\">.<\/figcaption><\/figure>\n<p>&nbsp;<\/p>\n<\/div>\n<\/div>\n<p>&nbsp;<\/p>\n<p>Durant deux jours, les chr\u00e9tiens du dioc\u00e8se d&rsquo;Evry-Corbeil-Essonnes pourront venir se recueillir devant le reliquaires gothique de Sainte-Th\u00e9r\u00e8se de Lisieux<\/p>\n<p>&nbsp;<\/p>\n<p>&nbsp;<\/p>\n<p>&nbsp;<\/p>\n<p>&nbsp;<\/p>\n<p>&nbsp;<\/p>\n<p>&nbsp;<\/p>\n<p>&nbsp;<\/p>\n<div dir=\"ltr\">\n<div>\n<p><span style=\"color: #000000;\"><span style=\"font-size: 20px;\"><strong><span style=\"color: #ff00ff;\">Tombola<\/span> <\/strong>: Pour financer les festivit\u00e9s des 90 ans de l&rsquo;\u00e9glise Sainte Th\u00e9r\u00e8se, une tombola est ouverte avec de<br \/>\nnombreux lots \u00e0 gagner (barbecue, cafeti\u00e8re expresso, robot blender\u2026). Les billets sont en vente \u00e0<br \/>\nla sortie des messes, pendant toute la p\u00e9riode. Le prix du billet est de <strong><span style=\"color: #ff0000;\">2 \u20ac<\/span><\/strong>. une chance au grattage et une chance au tirage !<\/span><\/span><\/p>\n<ul>\n<li><span style=\"font-size: 20px; color: #ff00ff;\"><em><strong>Le tirage des gros lots aura lieu le 16 octobre.<\/strong><\/em><\/span><\/li>\n<\/ul>\n<p>&nbsp;<\/p>\n<\/div>\n<\/div>\n<div dir=\"ltr\">\n<div>\n<p>&nbsp;<\/p>\n<p><span style=\"color: #000000; font-size: 24px;\"><em>R\u00e9servez vos dates !<\/em><\/span><\/p>\n<p>&nbsp;<\/p>\n<p><span style=\"font-size: 20px; color: #000000;\">Informations compl\u00e9mentaires \u00e0 venir<\/span><\/p>\n<\/div>\n<\/div>\n<p>&nbsp;<\/p>\n<p><strong><span style=\"font-size: 16px;\">Contact : <a href=\"mailto:90ANSEGLISESAINTETHERESE@GMAIL.COM\">90ANSEGLISESAINTETHERESE@GMAIL.COM\u00a0<\/a> \u00a0<\/span><\/strong><\/p>\n<p>&nbsp;<\/p>\n<p>&nbsp;<\/p>\n<p>&nbsp;<\/p>\n<p>&nbsp;<\/p>\n","protected":false},"excerpt":{"rendered":"<p>R\u00e9servez vos dates &#8230;.voir les infos ci apr\u00e8s &#8230;\/&#8230;<\/p>\n","protected":false},"author":990003,"featured_media":5524,"comment_status":"closed","ping_status":"closed","sticky":false,"template":"","format":"standard","meta":{"give_campaign_id":0,"footnotes":""},"categories":[1],"tags":[],"class_list":["post-5485","post","type-post","status-publish","format-standard","has-post-thumbnail","hentry","category-uncategorized"],"_links":{"self":[{"href":"https:\/\/demos.uptitude.fr\/savviry1\/wp-json\/wp\/v2\/posts\/5485","targetHints":{"allow":["GET"]}}],"collection":[{"href":"https:\/\/demos.uptitude.fr\/savviry1\/wp-json\/wp\/v2\/posts"}],"about":[{"href":"https:\/\/demos.uptitude.fr\/savviry1\/wp-json\/wp\/v2\/types\/post"}],"author":[{"embeddable":true,"href":"https:\/\/demos.uptitude.fr\/savviry1\/wp-json\/wp\/v2\/users\/990003"}],"replies":[{"embeddable":true,"href":"https:\/\/demos.uptitude.fr\/savviry1\/wp-json\/wp\/v2\/comments?post=5485"}],"version-history":[{"count":0,"href":"https:\/\/demos.uptitude.fr\/savviry1\/wp-json\/wp\/v2\/posts\/5485\/revisions"}],"wp:featuredmedia":[{"embeddable":true,"href":"https:\/\/demos.uptitude.fr\/savviry1\/wp-json\/"}],"wp:attachment":[{"href":"https:\/\/demos.uptitude.fr\/savviry1\/wp-json\/wp\/v2\/media?parent=5485"}],"wp:term":[{"taxonomy":"category","embeddable":true,"href":"https:\/\/demos.uptitude.fr\/savviry1\/wp-json\/wp\/v2\/categories?post=5485"},{"taxonomy":"post_tag","embeddable":true,"href":"https:\/\/demos.uptitude.fr\/savviry1\/wp-json\/wp\/v2\/tags?post=5485"}],"curies":[{"name":"wp","href":"https:\/\/api.w.org\/{rel}","templated":true}]}}