{"id":5499,"date":"2022-06-25T14:13:02","date_gmt":"2022-06-25T14:13:02","guid":{"rendered":"https:\/\/www.savigny-viry-catholique.fr\/?p=5499"},"modified":"2022-06-25T14:13:02","modified_gmt":"2022-06-25T14:13:02","slug":"voici-le-temps-des-vacances-horaires-dete","status":"publish","type":"post","link":"https:\/\/demos.uptitude.fr\/savviry1\/voici-le-temps-des-vacances-horaires-dete\/","title":{"rendered":"Voici le temps des vacances : horaires d&rsquo;\u00e9t\u00e9"},"content":{"rendered":"<p>Attention du 1er juillet au 31 ao\u00fbt inclus les horaires changent &#8230;\/&#8230;<\/p>\n<p><!--more--><\/p>\n<h2 style=\"text-align: center;\"><img fetchpriority=\"high\" decoding=\"async\" class=\"aligncenter wp-image-5503\" src=\"https:\/\/www.savigny-viry-catholique.fr\/wp-content\/uploads\/2022\/06\/Hoaires-dete01.jpg\" alt=\"\" width=\"300\" height=\"225\" \/>Messes dominicales<\/h2>\n<h3>Messes dominicales en juillet<\/h3>\n<p><span style=\"font-size: 16px;\"><strong>Samedi\u00a0 \u00a0 \u00a0<\/strong><strong>18h30 \u00a0\u00a0\u00a0 \u00a0Notre Dame des Cit\u00e9s\u00a0<\/strong><\/span><\/p>\n<p><span style=\"font-size: 16px;\"><b>18h30\u00a0 \u00a0 \u00a0 Sainte Th\u00e9r\u00e8se de l&rsquo;Enfant J\u00e9sus\u00a0<\/b><\/span><\/p>\n<p><span style=\"font-size: 16px;\"><strong>Dimanche\u00a0 10h30 \u00a0\u00a0\u00a0<\/strong> <strong>Saint Martin<\/strong><\/span><br \/>\n<span style=\"font-size: 16px;\"><strong>\u00a0 \u00a0 \u00a0 \u00a0 \u00a0 \u00a0 \u00a0 \u00a0 \u00a0 11h00 \u00a0\u00a0\u00a0\u00a0 \u00a0Saint Esprit<\/strong><\/span><\/p>\n<h3>Messes dominicales en ao\u00fbt<\/h3>\n<p><span style=\"font-size: 16px;\"><strong>Samedi\u00a0 \u00a0 \u00a0 <\/strong><strong>18h30<\/strong> \u00a0\u00a0\u00a0 <strong>Sainte Bernadette\u00a0<\/strong><\/span><\/p>\n<p><strong><span style=\"font-size: 16px;\">18h30\u00a0 Sainte Th\u00e9r\u00e8se de l&rsquo;Enfant J\u00e9sus<\/span><\/strong><\/p>\n<p><span style=\"font-size: 16px;\"><strong>Dimanche 10h30 \u00a0\u00a0\u00a0<\/strong> <strong>Saint Martin<\/strong><\/span><br \/>\n<span style=\"font-size: 16px;\"><strong>\u00a0 \u00a0 \u00a0 \u00a0 \u00a0 \u00a0 \u00a0 \u00a0 \u00a0 11h00\u00a0 \u00a0 \u00a0 Saint Esprit<\/strong><\/span><\/p>\n<h3 style=\"text-align: center;\"><strong><span style=\"color: #0000ff;\">Assomption de la Vierge Marie<\/span><\/strong><\/h3>\n<h4 style=\"text-align: left;\"><span style=\"font-size: 16px; color: #0000ff;\"><strong><img decoding=\"async\" class=\"wp-image-5543 alignleft\" src=\"https:\/\/www.savigny-viry-catholique.fr\/wp-content\/uploads\/2022\/07\/DSC_0656V1bof-194x300.jpg\" alt=\"\" width=\"250\" height=\"388\" \/><\/strong><\/span><\/h4>\n<h4><\/h4>\n<p>&nbsp;<\/p>\n<h4 style=\"text-align: left;\"><span style=\"font-size: 20px; color: #0000ff;\"><strong><span style=\"font-size: 24px;\">15 ao\u00fbt<\/span> &#8211; messes :\u00a0 <\/strong><\/span><\/h4>\n<h4 style=\"text-align: left;\"><span style=\"font-size: 20px;\"><span style=\"color: #0000ff;\">9h30 Saint Martin\u00a0 \u00e0 Savigny sur Orge<\/span><\/span><\/h4>\n<h4><span style=\"font-size: 20px;\"><span style=\"color: #0000ff;\">\u00a09h30\u00a0 Sainte Bernadette \u00e0 Viry Ch\u00e2tillon<\/span><\/span><\/h4>\n<h4><span style=\"font-size: 20px;\"><span style=\"color: #0000ff;\">10h30 ND des Cit\u00e9s \u00e0 Viry\u00a0 &#8211; messe selon le rite Tridentin<\/span><\/span><\/h4>\n<h4><span style=\"font-size: 20px;\"><span style=\"color: #0000ff;\">11h00 Notre Dame d&rsquo;Esp\u00e9rance &#8211;\u00a0 Savigny<\/span><\/span><\/h4>\n<h4><span style=\"font-size: 20px;\"><span style=\"color: #0000ff;\">11h00 Saint Esprit &#8211; Viry<\/span><\/span><\/h4>\n<h4><\/h4>\n<p>&nbsp;<\/p>\n<p>&nbsp;<\/p>\n<p>&nbsp;<\/p>\n<p>&nbsp;<\/p>\n<h5><span style=\"font-size: 16px;\"><u>Messes en semaine<\/u><\/span><\/h5>\n<h5><span style=\"font-size: 16px;\">Mardi\u00a0 \u00a0 \u00a0 \u00a0 \u00a0 9h00 \u00a0\u00a0 Saint Martin<\/span><br \/>\n<span style=\"font-size: 16px;\">Mercredi\u00a0 \u00a0 18h00 \u00a0\u00a0 Sainte Bernadette\u00a0 (adoration \u00e0 17h00)<\/span><br \/>\n<span style=\"font-size: 16px;\">Jeudi \u00a0\u00a0\u00a0\u00a0\u00a0\u00a0\u00a0\u00a0\u00a0\u00a0 9h00 \u00a0\u00a0 Sainte Th\u00e9r\u00e8se de l&rsquo;Enfant J\u00e9sus<\/span><br \/>\n<span style=\"font-size: 16px;\">Vendredi\u00a0 \u00a0 \u00a018h00 \u00a0\u00a0 Notre Dame des Cit\u00e9s<\/span><\/h5>\n<h5><\/h5>\n<h5><\/h5>\n<h5><\/h5>\n<h4 style=\"padding-left: 60px; text-align: center;\"><a href=\"http:\/\/www.savigny-viry-catholique.fr\/Download\/doc\/2022-07-Horaires-ete.pdf\"><strong><em><span style=\"font-size: 16px;\"><span style=\"font-size: 20px;\">Vous pouvez t\u00e9l\u00e9charger ici ces informations<\/span><\/span><\/em><\/strong><\/a><\/h4>\n","protected":false},"excerpt":{"rendered":"<p>Attention du 1er juillet au 31 ao\u00fbt inclus les horaires changent &#8230;\/&#8230;<\/p>\n","protected":false},"author":990003,"featured_media":5508,"comment_status":"closed","ping_status":"closed","sticky":false,"template":"","format":"standard","meta":{"give_campaign_id":0,"footnotes":""},"categories":[1],"tags":[],"class_list":["post-5499","post","type-post","status-publish","format-standard","has-post-thumbnail","hentry","category-uncategorized"],"_links":{"self":[{"href":"https:\/\/demos.uptitude.fr\/savviry1\/wp-json\/wp\/v2\/posts\/5499","targetHints":{"allow":["GET"]}}],"collection":[{"href":"https:\/\/demos.uptitude.fr\/savviry1\/wp-json\/wp\/v2\/posts"}],"about":[{"href":"https:\/\/demos.uptitude.fr\/savviry1\/wp-json\/wp\/v2\/types\/post"}],"author":[{"embeddable":true,"href":"https:\/\/demos.uptitude.fr\/savviry1\/wp-json\/wp\/v2\/users\/990003"}],"replies":[{"embeddable":true,"href":"https:\/\/demos.uptitude.fr\/savviry1\/wp-json\/wp\/v2\/comments?post=5499"}],"version-history":[{"count":0,"href":"https:\/\/demos.uptitude.fr\/savviry1\/wp-json\/wp\/v2\/posts\/5499\/revisions"}],"wp:featuredmedia":[{"embeddable":true,"href":"https:\/\/demos.uptitude.fr\/savviry1\/wp-json\/"}],"wp:attachment":[{"href":"https:\/\/demos.uptitude.fr\/savviry1\/wp-json\/wp\/v2\/media?parent=5499"}],"wp:term":[{"taxonomy":"category","embeddable":true,"href":"https:\/\/demos.uptitude.fr\/savviry1\/wp-json\/wp\/v2\/categories?post=5499"},{"taxonomy":"post_tag","embeddable":true,"href":"https:\/\/demos.uptitude.fr\/savviry1\/wp-json\/wp\/v2\/tags?post=5499"}],"curies":[{"name":"wp","href":"https:\/\/api.w.org\/{rel}","templated":true}]}}