{"id":5554,"date":"2022-07-30T15:28:33","date_gmt":"2022-07-30T15:28:33","guid":{"rendered":"https:\/\/www.savigny-viry-catholique.fr\/?p=5554"},"modified":"2022-07-30T15:28:33","modified_gmt":"2022-07-30T15:28:33","slug":"au-coeur-du-mois-daout-nous-fetons-marie","status":"publish","type":"post","link":"https:\/\/demos.uptitude.fr\/savviry1\/au-coeur-du-mois-daout-nous-fetons-marie\/","title":{"rendered":"Au coeur du mois d&rsquo;Aout, nous f\u00eatons Marie"},"content":{"rendered":"<h2><span style=\"font-size: 16px;\">Marie accompagne la foi du peuple de Dieu&#8230;\/&#8230;<\/span><\/h2>\n<p><!--more--><\/p>\n<p><img fetchpriority=\"high\" decoding=\"async\" class=\"alignnone size-medium wp-image-5558\" src=\"https:\/\/www.savigny-viry-catholique.fr\/wp-content\/uploads\/2022\/07\/DSC_0642-V1comp-300x215.jpg\" alt=\"\" width=\"300\" height=\"215\" \/><\/p>\n<p><span style=\"font-size: 20px;\"><strong>Marie, accompagnatrice de la foi du peuple de Dieu<\/strong><\/span><\/p>\n<p><span style=\"font-size: 16px;\">Au c\u0153ur du mois d\u2019ao\u00fbt, nous f\u00eatons Marie.\u00a0 L\u2019image du c\u0153ur implique et sugg\u00e8re le centre. Elle exprime aussi la symbolique de l\u2019amour donn\u00e9. Le 15 ao\u00fbt au centre du mois, \u00a0consacre la solennit\u00e9 de la f\u00eate de l\u2019Assomption de la Vierge Marie.<\/span><\/p>\n<p><span style=\"font-size: 16px;\">Au fond, lorsqu\u2019on regarde bien, Marie est pr\u00e9sente et accompagne la foi du peuple de Dieu tout au long des mois de l\u2019ann\u00e9e. En effet, on peut ajouter aux mois de mai, d\u2019ao\u00fbt et d\u2019octobre, quelques f\u00eates mariales et \u00e9v\u00e9nements qui \u00e9voquent Marie\u00a0:<\/span><\/p>\n<ul>\n<li><span style=\"font-size: 16px;\">le mois de janvier avec la f\u00eate de Marie M\u00e8re de Dieu f\u00eat\u00e9e le Jour de l\u2019An\u00a0,<\/span><\/li>\n<li><span style=\"font-size: 16px;\">la f\u00eate de Notre Dame de Lourdes le 11 f\u00e9vrier c\u00e9l\u00e8bre les apparitions de Marie \u00e0 Sainte Bernadette \u00e0 Lourdes,<\/span><\/li>\n<li><span style=\"font-size: 16px;\">le 25 mars, nous f\u00eatons l\u2019Annonciation du Seigneur \u00e0 Marie par l\u2019archange saint Gabriel,<\/span><\/li>\n<li><span style=\"font-size: 16px;\">le 13 mai, Notre Dame de Fatima,<\/span><\/li>\n<li><span style=\"font-size: 16px;\">au mois de juin, le lendemain de la f\u00eate du Sacr\u00e9-c\u0153ur de J\u00e9sus, l\u2019\u00c9glise c\u00e9l\u00e8bre le c\u0153ur immacul\u00e9 de Marie<\/span><\/li>\n<li><span style=\"font-size: 16px;\">au mois de juillet, les parents de Marie, Anne et Joachim sont mod\u00e8les de couples croyants, grands-parents de J\u00e9sus, f\u00eat\u00e9s le 26 juillet,<\/span><\/li>\n<li><span style=\"font-size: 16px;\">le 8 septembre, f\u00eate de la Nativit\u00e9 de la bienheureuse Vierge Marie,<\/span><\/li>\n<li><span style=\"font-size: 16px;\">le mois d\u2019octobre, mois du rosaire d\u00e9cr\u00e9t\u00e9 solennellement par le pape L\u00e9on XIII en 1883,<\/span><\/li>\n<li><span style=\"font-size: 16px;\">au mois de d\u00e9cembre, le 8 d\u00e9cembre pr\u00e9cis\u00e9ment, l\u2019\u00c9glise c\u00e9l\u00e8bre l\u2019Immacul\u00e9e Conception de la bienheureuse Vierge Marie.<\/span><\/li>\n<\/ul>\n<p><span style=\"font-size: 16px;\">Ce bref tour d\u2019horizon non exhaustif des f\u00eates mariales et de quelques \u00e9v\u00e9nements li\u00e9s \u00e0 la figure de Marie, nous montre \u00e0 quel point Marie accompagne la foi du peuple de Dieu. Elle est vraiment un des mod\u00e8les de la foi de l\u2019\u00c9glise en chemin. Pensons aux multiples sanctuaires au nom de Marie \u00e0 travers le monde, t\u00e9moignages de sa pr\u00e9sence au milieu des croyants. Nous pouvons nous confier \u00e0 elle. Elle nous m\u00e8ne \u00e0 son fils J\u00e9sus. Elle nous aide \u00e0 contempler les merveilles de Dieu. Relisons et m\u00e9ditons son Magnificat.<\/span><\/p>\n<p><span style=\"font-size: 16px;\">En fin, elle est une femme engag\u00e9e au service du bien, ce qui veut dire qu\u2019elle nous invite \u00e0 gagner avec elle, les combats de la vie.<\/span><\/p>\n<p><span style=\"font-size: 16px;\">Sainte Vierge Marie, priez pour nous.<\/span><\/p>\n<p><span style=\"font-size: 16px;\">P\u00e8re Emmanuel BIDZOGO<\/span><\/p>\n<p>&nbsp;<\/p>\n<p>&nbsp;<\/p>\n<p><img decoding=\"async\" class=\"size-medium wp-image-5564 alignnone\" src=\"https:\/\/www.savigny-viry-catholique.fr\/wp-content\/uploads\/2022\/07\/egliseinfo-assomption-300x278.jpg\" alt=\"\" width=\"300\" height=\"278\" \/><\/p>\n<h2>L\u2019Assomption de Marie au ciel,\u00a0la f\u00eate du 15 ao\u00fbt.<\/h2>\n<p><span style=\"font-size: 16px;\">Au terme de sa vie terrestre, Marie a \u00e9t\u00e9 \u00ab \u00e9lev\u00e9e corps et \u00e2me \u00bb au ciel. L\u2019Assomption de Marie au ciel est souvent confondue avec l\u2019Ascension du Christ, Marie a \u00e9t\u00e9 enlev\u00e9e au ciel tandis que J\u00e9sus est mont\u00e9 au ciel. L\u2019assomption ne veut pas dire que Marie n\u2019est pas morte. Elle est morte comme toute personne humaine, comme J\u00e9sus lui-m\u00eame est mort. Dans l\u2019\u00c9glise catholique, l\u2019Assomption de Marie au ciel est un dogme, c\u2019est-\u00e0-dire une v\u00e9rit\u00e9 de la foi qui fait autorit\u00e9. L\u2019Assomption de Marie au ciel est un \u00e9v\u00e9nement qui nous touche de pr\u00e8s parce que l\u2019homme est destin\u00e9 \u00e0 mourir. Mais la mort n\u2019est pas le dernier mot. Elle est, comme nous le montre le myst\u00e8re de l\u2019Assomption de la Vierge, le passage vers la vie \u00e0 la rencontre de l\u2019Amour. Marie \u00e9lev\u00e9e dans la gloire du ciel nous attire et, nous donne un avant-go\u00fbt de cette joie \u00e9ternelle promise par Dieu.<\/span><\/p>\n<p>&nbsp;<\/p>\n<p><strong><span style=\"font-size: 24px;\">Dormition ou Assomption, quelle diff\u00e9rence ?\u00a0\u00a0<\/span><\/strong><\/p>\n<p><span style=\"font-size: 16px;\">Si l\u2019\u00c9glise catholique c\u00e9l\u00e8bre l\u2019<a class=\"glossary-term\" title=\"El\u00e9vation de la Sainte Vierge au ciel apr\u00e8s sa mort.\" href=\"https:\/\/eglise.catholique.fr\/glossaire\/assomption\">Assomption<\/a>\u00a0de Marie, l\u2019\u00c9glise\u00a0<a class=\"glossary-term\" title=\"Enseignement conforme \u00e0 la doctrine contenue dans la r\u00e9v\u00e9lation.\" href=\"https:\/\/eglise.catholique.fr\/glossaire\/orthodoxe\">orthodoxe<\/a>\u00a0pr\u00e9f\u00e8re parler de Dormition. Ces termes refl\u00e8tent deux compr\u00e9hensions diff\u00e9rentes de la Vierge Marie.<\/span><\/p>\n<p><a href=\"https:\/\/eglise.catholique.fr\/approfondir-sa-foi\/la-celebration-de-la-foi\/les-grandes-fetes-chretiennes\/assomption\/442520-dormition-ou-assomption-quelle-difference\/\"><span style=\"font-size: 16px;\"><strong>Pour en savoir plus cliquez ici<\/strong><\/span><\/a><\/p>\n<p>&nbsp;<\/p>\n<p><span style=\"font-size: 24px; color: #0000ff;\"><strong>LES HORAIRES DES MESSES DU 15 AOUT\u00a0 SUR LE SECTEUR<\/strong><\/span><\/p>\n<h4 style=\"text-align: left;\"><span style=\"font-size: 20px;\"><span style=\"color: #0000ff;\">9h30 Saint Martin\u00a0 \u00e0 Savigny sur Orge<\/span><\/span><\/h4>\n<h4><span style=\"font-size: 20px;\"><span style=\"color: #0000ff;\">\u00a09h30\u00a0 Sainte Bernadette \u00e0 Viry Ch\u00e2tillon<\/span><\/span><\/h4>\n<h4><span style=\"font-size: 20px;\"><span style=\"color: #0000ff;\">10h30 ND des Cit\u00e9s \u00e0 Viry\u00a0 &#8211; messe selon le rite Tridentin<\/span><\/span><\/h4>\n<h4><span style=\"font-size: 20px;\"><span style=\"color: #0000ff;\">11h00 Notre Dame d&rsquo;Esp\u00e9rance &#8211;\u00a0 Savigny<\/span><\/span><\/h4>\n<h4><span style=\"font-size: 20px;\"><span style=\"color: #0000ff;\">11h00 Saint Esprit &#8211; Viry<\/span><\/span><\/h4>\n<p>&nbsp;<\/p>\n<p>&nbsp;<\/p>\n<p><span style=\"color: #0000ff;\"><strong><span style=\"font-size: 20px;\"><span style=\"color: #ff6600; font-size: 24px;\">Quelques images de la Vierge Marie<\/span> :<\/span><\/strong><\/span><\/p>\n<p><img decoding=\"async\" class=\"alignnone wp-image-5565\" src=\"https:\/\/www.savigny-viry-catholique.fr\/wp-content\/uploads\/2022\/07\/DSC_0003-300x199.jpg\" alt=\"\" width=\"900\" height=\"598\" \/> <img loading=\"lazy\" decoding=\"async\" class=\"alignnone wp-image-5561 size-large\" src=\"https:\/\/www.savigny-viry-catholique.fr\/wp-content\/uploads\/2022\/07\/Annonciation-copie2-585x1024.jpg\" alt=\"\" width=\"585\" height=\"1024\" \/> <img loading=\"lazy\" decoding=\"async\" class=\"alignnone wp-image-5560 size-large\" src=\"https:\/\/www.savigny-viry-catholique.fr\/wp-content\/uploads\/2022\/07\/NDdEsperance-Savigny_orge-04-BW-657x1024.jpg\" alt=\"\" width=\"657\" height=\"1024\" \/> <img loading=\"lazy\" decoding=\"async\" class=\"alignnone wp-image-5559 size-large\" src=\"https:\/\/www.savigny-viry-catholique.fr\/wp-content\/uploads\/2022\/07\/Vierge-Tolede-546x1024.jpg\" alt=\"\" width=\"546\" height=\"1024\" \/> <img loading=\"lazy\" decoding=\"async\" class=\"alignnone wp-image-5557\" src=\"https:\/\/www.savigny-viry-catholique.fr\/wp-content\/uploads\/2022\/07\/NDC-01-BW-copie-300x201.jpg\" alt=\"\" width=\"700\" height=\"470\" \/><\/p>\n","protected":false},"excerpt":{"rendered":"<p>Marie accompagne la foi du peuple de Dieu&#8230;\/&#8230;<\/p>\n","protected":false},"author":990003,"featured_media":5557,"comment_status":"closed","ping_status":"closed","sticky":false,"template":"","format":"standard","meta":{"give_campaign_id":0,"footnotes":""},"categories":[1],"tags":[],"class_list":["post-5554","post","type-post","status-publish","format-standard","has-post-thumbnail","hentry","category-uncategorized"],"_links":{"self":[{"href":"https:\/\/demos.uptitude.fr\/savviry1\/wp-json\/wp\/v2\/posts\/5554","targetHints":{"allow":["GET"]}}],"collection":[{"href":"https:\/\/demos.uptitude.fr\/savviry1\/wp-json\/wp\/v2\/posts"}],"about":[{"href":"https:\/\/demos.uptitude.fr\/savviry1\/wp-json\/wp\/v2\/types\/post"}],"author":[{"embeddable":true,"href":"https:\/\/demos.uptitude.fr\/savviry1\/wp-json\/wp\/v2\/users\/990003"}],"replies":[{"embeddable":true,"href":"https:\/\/demos.uptitude.fr\/savviry1\/wp-json\/wp\/v2\/comments?post=5554"}],"version-history":[{"count":0,"href":"https:\/\/demos.uptitude.fr\/savviry1\/wp-json\/wp\/v2\/posts\/5554\/revisions"}],"wp:featuredmedia":[{"embeddable":true,"href":"https:\/\/demos.uptitude.fr\/savviry1\/wp-json\/"}],"wp:attachment":[{"href":"https:\/\/demos.uptitude.fr\/savviry1\/wp-json\/wp\/v2\/media?parent=5554"}],"wp:term":[{"taxonomy":"category","embeddable":true,"href":"https:\/\/demos.uptitude.fr\/savviry1\/wp-json\/wp\/v2\/categories?post=5554"},{"taxonomy":"post_tag","embeddable":true,"href":"https:\/\/demos.uptitude.fr\/savviry1\/wp-json\/wp\/v2\/tags?post=5554"}],"curies":[{"name":"wp","href":"https:\/\/api.w.org\/{rel}","templated":true}]}}