{"id":5598,"date":"2022-10-05T17:57:59","date_gmt":"2022-10-05T17:57:59","guid":{"rendered":"https:\/\/www.savigny-viry-catholique.fr\/?p=5598"},"modified":"2022-10-05T17:57:59","modified_gmt":"2022-10-05T17:57:59","slug":"inscriptions-au-catechisme-et-aumonerie","status":"publish","type":"post","link":"https:\/\/demos.uptitude.fr\/savviry1\/inscriptions-au-catechisme-et-aumonerie\/","title":{"rendered":"Inscriptions au Cat\u00e9chisme et Aum\u00f4nerie"},"content":{"rendered":"<p>La rentr\u00e9e, c&rsquo;est aussi au Cat\u00e9 &#8230;\/&#8230;<\/p>\n<p><!--more--><\/p>\n<p>&nbsp;<\/p>\n<p>&nbsp;<\/p>\n<p>&nbsp;<\/p>\n<p><span style=\"font-size: 24px;\"><strong>C\u2019est la rentr\u00e9e !\u00a0 \u00a0 <\/strong><\/span><\/p>\n<p><strong><span style=\"font-size: 20px;\">Inscription au cat\u00e9chisme et \u00e0 l\u2019aum\u00f4nerie :<a href=\"https:\/\/evry.catholique.fr\/inscriptions-en-catechese\/\"> En savoir plus ICI\u00a0<\/a><\/span><\/strong><\/p>\n<p><a href=\"https:\/\/www.savigny-viry-catholique.fr\/la-catechese\/\"><span style=\"font-size: 16px;\"><img fetchpriority=\"high\" decoding=\"async\" class=\"wp-image-5606 alignleft\" src=\"https:\/\/www.savigny-viry-catholique.fr\/wp-content\/uploads\/2022\/08\/affiche-campagne-catechese-prendre-son-Envol--212x300.jpg\" alt=\"\" width=\"400\" height=\"566\" \/><\/span><\/a><\/p>\n<p>&nbsp;<\/p>\n<p>&nbsp;<\/p>\n<p>&nbsp;<\/p>\n<p>&nbsp;<\/p>\n<p><span style=\"font-size: 20px; color: #0000ff;\">Inscrivez votre enfant au cat\u00e9chisme, pour lui transmettre plus que la foi<\/span><br \/>\n<span style=\"font-size: 20px; color: #0000ff;\">Le cat\u00e9chisme est le lieu o\u00f9 l\u2019enfant apprend \u00e0 conna\u00eetre progressivement la personne de J\u00e9sus-Christ, pour \u00eatre capable par <\/span><br \/>\n<span style=\"font-size: 20px; color: #0000ff;\">lui-m\u00eame de choisir de le suivre. Ainsi, il va construire une relation de proximit\u00e9 avec Dieu. Il d\u00e9couvre les grands textes de la <\/span><br \/>\n<span style=\"font-size: 20px; color: #0000ff;\">Bible et la Foi de l\u2019\u00c9glise. Petit \u00e0 petit, il va faire grandir sa vie int\u00e9rieure et va apprendre \u00e0 aimer comme J\u00e9sus aime, \u00e0 poser <\/span><br \/>\n<span style=\"font-size: 20px; color: #0000ff;\">un regard bienveillant sur le monde, \u00e0 donner du sens \u00e0 sa vie, \u00e0 viser plus haut.<\/span><\/p>\n<p><span style=\"font-size: 20px; color: #0000ff;\">Le cat\u00e9chisme commence en CE1 ! Tous les enfants sont appel\u00e9s \u00e0 s\u2019inscrire.\u00a0<\/span><\/p>\n<p>&nbsp;<\/p>\n<p>&nbsp;<\/p>\n<p><span style=\"color: #0000ff; font-size: 20px;\"><strong>Permanences d\u2019inscription \u00e0 Viry-Ch\u00e2tillon<\/strong><\/span><br \/>\n<span style=\"color: #000000; font-size: 20px;\">&#8211; Samedi 3 septembre de 9h 30 \u00e0 11h \u00e0 Notre Dame des Cit\u00e9s<\/span><br \/>\n<span style=\"color: #000000; font-size: 20px;\">&#8211; Samedi 10 septembre de 9h 30 \u00e0 11h \u00e0 Notre Dame des Cit\u00e9s<\/span><br \/>\n<span style=\"color: #000000; font-size: 20px;\">&#8211; Dimanche 11 septembre de 10h \u00e0 18h au Forum des Associations<\/span><br \/>\n<span style=\"color: #000000; font-size: 20px;\">&#8211; Samedi 17 septembre de 9h 30 \u00e0 16h 45 \u00e0 Notre Dame des Cit\u00e9s<\/span><br \/>\n<span style=\"color: #000000; font-size: 20px;\">&#8211; Samedi 24 septembre de 17h \u00e0 19h \u00e0 Notre Dame des Cit\u00e9s<\/span><br \/>\n<span style=\"color: #000000; font-size: 20px;\">&#8211; Samedi 1er octobre de 17h \u00e0 19h \u00e0 Notre Dame des Cit\u00e9s<\/span><br \/>\n<span style=\"color: #000000; font-size: 20px;\">&#8211; A l\u2019accueil de sainte Bernadette aux heures de permanence le samedi de 10h \u00e0 11h 30<\/span><br \/>\n<span style=\"color: #000000; font-size: 20px;\">&#8211; A l\u2019accueil du presbyt\u00e8re saint Denis le samedi de 10h \u00e0 11h 30 et lundi de 14h \u00e0 16<\/span><\/p>\n<p>&nbsp;<\/p>\n<p>&nbsp;<\/p>\n<p><a href=\"https:\/\/www.savigny-viry-catholique.fr\/la-catechese\/\"><strong><span style=\"color: #0000ff; font-size: 20px;\"><img decoding=\"async\" class=\"wp-image-5605 alignleft\" src=\"https:\/\/www.savigny-viry-catholique.fr\/wp-content\/uploads\/2022\/08\/affiche-campagne-catechese-Sauter-de-Joie--212x300.jpg\" alt=\"\" width=\"400\" height=\"566\" \/><\/span><\/strong><\/a><\/p>\n<p>&nbsp;<\/p>\n<p><strong><span style=\"color: #0000ff; font-size: 20px;\">Les inscriptions \u00e0 Savigny :<\/span><\/strong><\/p>\n<p><span style=\"font-size: 20px;\">Voir l&rsquo;affichage dans les \u00e9glises et \u00e0 la Maison Bonne Nouvelle.<\/span><\/p>\n<p>&nbsp;<\/p>\n<p><span style=\"font-size: 20px;\">&#8211; Samedi 10 Septembre 2022 inscriptions toute la journ\u00e9e au forum des Associations <\/span><span style=\"font-size: 20px;\">sur le stand de l&rsquo;Association Ste Th\u00e9r\u00e8se St -Martin<\/span><br \/>\n<span style=\"font-size: 20px;\">&#8211; Samedi 17 Septembre 2022 inscriptions de 15h \u00e0 17h30 \u00e0 l&rsquo;\u00e9glise Notre Dame d&rsquo;Esp\u00e9rance<\/span><br \/>\n<span style=\"font-size: 20px;\">&#8211; Samedi 24 Septembre 2022 inscriptions de 10h\u00e0 11h30 \u00e0 l&rsquo;\u00e9glise Notre Dame d&rsquo;Esp\u00e9rance.<\/span><\/p>\n<ul>\n<li><span style=\"font-size: 20px;\">D\u00e8s le mois d&rsquo;octobre possibilit\u00e9 de passer s&rsquo;inscrire \u00e0 la maison paroissiale Bonne Nouvelle<\/span><\/li>\n<\/ul>\n<p><span style=\"font-size: 20px;\">Ou faire un mail sur le site du secteur adresse : <\/span><\/p>\n<p><span style=\"font-size: 20px;\"><strong><span style=\"color: #0000ff;\">contact@savigny-viry-catholique.fr<\/span><\/strong><\/span><\/p>\n<p><span style=\"font-size: 20px;\">\u00a0<\/span><\/p>\n<p>&nbsp;<\/p>\n<p>&nbsp;<\/p>\n<p>&nbsp;<\/p>\n<p>&nbsp;<\/p>\n<p>&nbsp;<\/p>\n<p>&nbsp;<\/p>\n<p>&nbsp;<\/p>\n<p>&nbsp;<\/p>\n<p>&nbsp;<\/p>\n<p>&nbsp;<\/p>\n<p>&nbsp;<\/p>\n<p>&nbsp;<\/p>\n<p>&nbsp;<\/p>\n<p>&nbsp;<\/p>\n<p>&nbsp;<\/p>\n<p>&nbsp;<\/p>\n<p>&nbsp;<\/p>\n<p>&nbsp;<\/p>\n<p>&nbsp;<\/p>\n<p>&nbsp;<\/p>\n","protected":false},"excerpt":{"rendered":"<p>La rentr\u00e9e, c&rsquo;est aussi au Cat\u00e9 &#8230;\/&#8230;<\/p>\n","protected":false},"author":990003,"featured_media":5601,"comment_status":"closed","ping_status":"closed","sticky":false,"template":"","format":"standard","meta":{"give_campaign_id":0,"footnotes":""},"categories":[1],"tags":[],"class_list":["post-5598","post","type-post","status-publish","format-standard","has-post-thumbnail","hentry","category-uncategorized"],"_links":{"self":[{"href":"https:\/\/demos.uptitude.fr\/savviry1\/wp-json\/wp\/v2\/posts\/5598","targetHints":{"allow":["GET"]}}],"collection":[{"href":"https:\/\/demos.uptitude.fr\/savviry1\/wp-json\/wp\/v2\/posts"}],"about":[{"href":"https:\/\/demos.uptitude.fr\/savviry1\/wp-json\/wp\/v2\/types\/post"}],"author":[{"embeddable":true,"href":"https:\/\/demos.uptitude.fr\/savviry1\/wp-json\/wp\/v2\/users\/990003"}],"replies":[{"embeddable":true,"href":"https:\/\/demos.uptitude.fr\/savviry1\/wp-json\/wp\/v2\/comments?post=5598"}],"version-history":[{"count":0,"href":"https:\/\/demos.uptitude.fr\/savviry1\/wp-json\/wp\/v2\/posts\/5598\/revisions"}],"wp:featuredmedia":[{"embeddable":true,"href":"https:\/\/demos.uptitude.fr\/savviry1\/wp-json\/"}],"wp:attachment":[{"href":"https:\/\/demos.uptitude.fr\/savviry1\/wp-json\/wp\/v2\/media?parent=5598"}],"wp:term":[{"taxonomy":"category","embeddable":true,"href":"https:\/\/demos.uptitude.fr\/savviry1\/wp-json\/wp\/v2\/categories?post=5598"},{"taxonomy":"post_tag","embeddable":true,"href":"https:\/\/demos.uptitude.fr\/savviry1\/wp-json\/wp\/v2\/tags?post=5598"}],"curies":[{"name":"wp","href":"https:\/\/api.w.org\/{rel}","templated":true}]}}