{"id":5637,"date":"2022-08-27T21:50:14","date_gmt":"2022-08-27T21:50:14","guid":{"rendered":"https:\/\/www.savigny-viry-catholique.fr\/?p=5637"},"modified":"2022-08-27T21:50:14","modified_gmt":"2022-08-27T21:50:14","slug":"mois-de-la-creation","status":"publish","type":"post","link":"https:\/\/demos.uptitude.fr\/savviry1\/mois-de-la-creation\/","title":{"rendered":"MOIS de la CREATION"},"content":{"rendered":"<p>&nbsp;<\/p>\n<p class=\"has-medium-font-size\"><strong><span class=\"has-inline-color has-vivid-green-cyan-color\">Les Eglises chr\u00e9tiennes du monde entier invitent leurs communaut\u00e9s \u00e0 c\u00e9l\u00e9brer le \u00ab\u00a0Temps pour la cr\u00e9ation\u00a0\u00bb du 1er septembre 2022 au 4 octobre 2022 (f\u00eate de la Saint Fran\u00e7ois).<\/span><\/strong><\/p>\n<p><!--more--><\/p>\n<p><span style=\"font-size: 20px;\"><strong><span style=\"color: #003300;\"><img fetchpriority=\"high\" decoding=\"async\" class=\"size-medium wp-image-5636 alignleft\" src=\"https:\/\/www.savigny-viry-catholique.fr\/wp-content\/uploads\/2022\/09\/mois-creation-940x788-1-300x251.jpg\" alt=\"\" width=\"300\" height=\"251\" \/><\/span><\/strong><\/span><\/p>\n<p>&nbsp;<\/p>\n<p>&nbsp;<\/p>\n<p>&nbsp;<\/p>\n<p>&nbsp;<\/p>\n<p><span style=\"font-size: 20px;\"><strong><span style=\"color: #003300;\">Institu\u00e9e par le Pape Fran\u00e7ois en 2015, la Journ\u00e9e Mondiale de Pri\u00e8re pour la Sauvegarde de la Cr\u00e9ation, d\u2019abord appel\u00e9e \u00ab Saison de la Cr\u00e9ation \u00bb (2019-2020) s\u2019est transform\u00e9 en \u00ab Temps pour la Cr\u00e9ation \u00bb d\u00e8s 2021. Cette journ\u00e9e est c\u00e9l\u00e9br\u00e9e dans le monde entier par les communaut\u00e9s chr\u00e9tiennes du 1er septembre au 4 octobre.<\/span><\/strong><\/span><\/p>\n<p>&nbsp;<\/p>\n<p><span style=\"font-size: 24px;\"><strong><span style=\"color: #008000;\">Pour en savoir plus <a href=\"https:\/\/evry.catholique.fr\/temps-pour-la-creation-2022\/\">cliquez ICI<\/a><\/span><\/strong><\/span><\/p>\n<p>&nbsp;<\/p>\n<p><span style=\"font-size: 16px;\"><strong>Cette ann\u00e9e le th\u00e8me est\u00a0<em>\u00ab\u00a0ECOUTEZ LA VOIX DE LA CREATION\u00a0\u00bb<\/em>, et le symbole est l\u2019image du BUISSON ARDENT<\/strong><\/span><\/p>\n<p class=\"has-text-align-center\"><img decoding=\"async\" class=\"wp-image-14111\" src=\"https:\/\/evry.catholique.fr\/wp-content\/uploads\/2022\/06\/temps-creation-2022.png\" sizes=\"(max-width: 626px) 100vw, 626px\" srcset=\"https:\/\/evry.catholique.fr\/wp-content\/uploads\/2022\/06\/temps-creation-2022.png 626w, https:\/\/evry.catholique.fr\/wp-content\/uploads\/2022\/06\/temps-creation-2022-300x132.png 300w\" alt=\"\" width=\"626\" height=\"276\" \/><\/p>\n<p class=\"has-medium-font-size\"><strong><span style=\"color: #008000; font-size: 20px;\">D&rsquo;autres information sur le site de l&rsquo;Eglise de France\u00a0<a href=\"https:\/\/eglise.catholique.fr\/sengager-dans-la-societe\/ecologie-integrale\/temps-pour-la-creation\/#gsc.tab=0\"> ICI\u00a0<\/a><\/span><\/strong><\/p>\n<div><\/div>\n","protected":false},"excerpt":{"rendered":"<p>&nbsp; Les Eglises chr\u00e9tiennes du monde entier invitent leurs communaut\u00e9s \u00e0 c\u00e9l\u00e9brer le \u00ab\u00a0Temps pour la cr\u00e9ation\u00a0\u00bb du 1er septembre 2022 au 4 octobre 2022 (f\u00eate de la Saint Fran\u00e7ois).<\/p>\n","protected":false},"author":990003,"featured_media":5635,"comment_status":"closed","ping_status":"closed","sticky":false,"template":"","format":"standard","meta":{"give_campaign_id":0,"footnotes":""},"categories":[1],"tags":[],"class_list":["post-5637","post","type-post","status-publish","format-standard","has-post-thumbnail","hentry","category-uncategorized"],"_links":{"self":[{"href":"https:\/\/demos.uptitude.fr\/savviry1\/wp-json\/wp\/v2\/posts\/5637","targetHints":{"allow":["GET"]}}],"collection":[{"href":"https:\/\/demos.uptitude.fr\/savviry1\/wp-json\/wp\/v2\/posts"}],"about":[{"href":"https:\/\/demos.uptitude.fr\/savviry1\/wp-json\/wp\/v2\/types\/post"}],"author":[{"embeddable":true,"href":"https:\/\/demos.uptitude.fr\/savviry1\/wp-json\/wp\/v2\/users\/990003"}],"replies":[{"embeddable":true,"href":"https:\/\/demos.uptitude.fr\/savviry1\/wp-json\/wp\/v2\/comments?post=5637"}],"version-history":[{"count":0,"href":"https:\/\/demos.uptitude.fr\/savviry1\/wp-json\/wp\/v2\/posts\/5637\/revisions"}],"wp:featuredmedia":[{"embeddable":true,"href":"https:\/\/demos.uptitude.fr\/savviry1\/wp-json\/wp\/v2\/media\/5635"}],"wp:attachment":[{"href":"https:\/\/demos.uptitude.fr\/savviry1\/wp-json\/wp\/v2\/media?parent=5637"}],"wp:term":[{"taxonomy":"category","embeddable":true,"href":"https:\/\/demos.uptitude.fr\/savviry1\/wp-json\/wp\/v2\/categories?post=5637"},{"taxonomy":"post_tag","embeddable":true,"href":"https:\/\/demos.uptitude.fr\/savviry1\/wp-json\/wp\/v2\/tags?post=5637"}],"curies":[{"name":"wp","href":"https:\/\/api.w.org\/{rel}","templated":true}]}}