{"id":5640,"date":"2022-08-26T06:00:47","date_gmt":"2022-08-26T06:00:47","guid":{"rendered":"https:\/\/www.savigny-viry-catholique.fr\/?p=5640"},"modified":"2022-08-26T06:00:47","modified_gmt":"2022-08-26T06:00:47","slug":"recital-dorgue","status":"publish","type":"post","link":"https:\/\/demos.uptitude.fr\/savviry1\/recital-dorgue\/","title":{"rendered":"90 ans de l&rsquo;\u00e9glise Ste Th\u00e9r\u00e8se : RECITAL d&rsquo;ORGUE LE 1er OCTOBRE"},"content":{"rendered":"<p>Samedi\u00a0 1er Octobre , \u00e9glise Ste Th\u00e9r\u00e8se , 20h30, entr\u00e9e gratuite\u00a0 &#8230;<\/p>\n<p><!--more--><img fetchpriority=\"high\" decoding=\"async\" class=\"wp-image-5588 size-full alignleft\" src=\"https:\/\/www.savigny-viry-catholique.fr\/wp-content\/uploads\/2022\/08\/concert-orgue-Affiche-90-ans-SteTh_v3-copie.jpg\" alt=\"\" width=\"595\" height=\"842\" \/><\/p>\n<p>&nbsp;<\/p>\n<p><span style=\"font-size: 16px;\">Michael MATTHES a commenc\u00e9 ses \u00e9tudes de piano avec Nicole Delannoy puis d\u2019orgue au Conservatoire National de R\u00e9gion de Rueil-Malmaison avec Marie-Claire Alain et Susan Landale. En 1983, il entre au Conservatoire National Sup\u00e9rieur de Paris dans la classe d\u2019Odile Pierre.<\/span><\/p>\n<p>&nbsp;<\/p>\n<p><span style=\"font-size: 16px;\">En m\u00eame temps, Pierre Cochereau aura \u00e0 c\u0153ur de lui prodiguer maints conseils dans le domaine de l\u2019improvisation et il travaillera l\u2019analyse, l\u2019harmonie, le contrepoint et la fugue avec Yvonne Desportes et Marcel Bitsch. Apr\u00e8s l\u2019obtention de plusieurs premiers prix, il \u00e9tudie les \u0153uvres pour orgue de Jeanne Demessieux aupr\u00e8s de Pierre Labric.<\/span><\/p>\n<p><span style=\"font-size: 16px;\">Laur\u00e9at de la Fondation G. Cziffra en 1986, il re\u00e7oit des mains-m\u00eames du pianiste la M\u00e9daille d\u2019Or de sa fondation en 1987. La m\u00eame ann\u00e9e, il devient le plus jeune soliste de Radio-France et donne son premier r\u00e9cital \u00e0 Notre-Dame de Paris.<\/span><\/p>\n<p><span style=\"font-size: 16px;\">Sa carri\u00e8re de concertiste international commence alors, qui l\u2019am\u00e8ne \u00e0 participer avec passion \u00e0 de prestigieux festivals (Villa Medicis \u00e0 Rome, Radio-France, Saint Bertrand de Comminges, Darmstadt) et \u00e0 repr\u00e9senter l\u2019\u00e9cole fran\u00e7aise sur les sc\u00e8nes internationales (Etats-Unis, Russie, Hongrie, Turquie et Europe).<\/span><\/p>\n<p><span style=\"font-size: 16px;\">En tant que soliste, il joue et enregistre, sous la baguette des plus grands chefs, avec l\u2019Orchestre de Paris, l\u2019Orchestre National de Lyon, l\u2019Orchestre de l\u2019Op\u00e9ra Bastille et l\u2019Orchestre Colonne.<\/span><\/p>\n<p><span style=\"font-size: 16px;\">Au contact de Jean-Jacques Grunenwald, de Jean Langlais et d\u2019Olivier Messiaen sa passion pour la musique fran\u00e7aise du XXe si\u00e8cle grandit au point d\u2019orienter sa carri\u00e8re. Il est consid\u00e9r\u00e9 aujourd\u2019hui comme l\u2019un des plus brillants repr\u00e9sentants de la tradition de la grande \u00e9cole d\u2019orgue fran\u00e7aise du XX<sup>e<\/sup>\u00a0si\u00e8cle fond\u00e9e par Marcel Dupr\u00e9. En 1991, il interpr\u00e8te en premi\u00e8re mondiale, l\u2019int\u00e9grale de l\u2019\u0153uvre pour orgue de Marcel Dupr\u00e9 en neuf concerts.<\/span><\/p>\n<p><span style=\"font-size: 16px;\">Auteur de nombreux enregistrements discographiques (Deutsche Grammophon Gesellschaft, Denon, Signum Classics), il dispense r\u00e9guli\u00e8rement des master-classes sur le XX<sup>e<\/sup>\u00a0si\u00e8cle, en France et \u00e0 l\u2019\u00e9tranger.<\/span><\/p>\n<p><span style=\"font-size: 16px;\">Aujourd&rsquo;hui, Micha\u00ebl Matthes est organiste titulaire de Saint-Germain l&rsquo;Auxerrois \u00e0 Paris et professeur au Conservatoire \u00e0 Rayonnement D\u00e9partemental de Troyes.<\/span><\/p>\n<p><span style=\"font-size: 16px;\">Micha\u00ebl Matthes a \u00e9t\u00e9 fait Chevalier de l&rsquo;Ordre des Arts et Lettres en 2007. Cette m\u00eame ann\u00e9e, il a \u00e9t\u00e9 \u00e9lu membre de la Soci\u00e9t\u00e9 Acad\u00e9mique de l&rsquo;Aube.<\/span><\/p>\n<p><span style=\"font-size: 16px;\"> (Source ; Le Paris de l&rsquo;orgue : https:\/\/www.leparisdesorgues.fr\/organistes\/matthes-micha%C3%ABl\/ )<\/span><\/p>\n<p>&nbsp;<\/p>\n<p><span style=\"font-size: 20px;\"><strong>Le site de Michael Matthes <a href=\"http:\/\/www.michaelmatthes.com\/\">cliquer ICI<\/a><\/strong><\/span><\/p>\n","protected":false},"excerpt":{"rendered":"<p>Samedi\u00a0 1er Octobre , \u00e9glise Ste Th\u00e9r\u00e8se , 20h30, entr\u00e9e gratuite\u00a0 &#8230;<\/p>\n","protected":false},"author":990003,"featured_media":5588,"comment_status":"closed","ping_status":"closed","sticky":false,"template":"","format":"standard","meta":{"give_campaign_id":0,"footnotes":""},"categories":[1],"tags":[],"class_list":["post-5640","post","type-post","status-publish","format-standard","has-post-thumbnail","hentry","category-uncategorized"],"_links":{"self":[{"href":"https:\/\/demos.uptitude.fr\/savviry1\/wp-json\/wp\/v2\/posts\/5640","targetHints":{"allow":["GET"]}}],"collection":[{"href":"https:\/\/demos.uptitude.fr\/savviry1\/wp-json\/wp\/v2\/posts"}],"about":[{"href":"https:\/\/demos.uptitude.fr\/savviry1\/wp-json\/wp\/v2\/types\/post"}],"author":[{"embeddable":true,"href":"https:\/\/demos.uptitude.fr\/savviry1\/wp-json\/wp\/v2\/users\/990003"}],"replies":[{"embeddable":true,"href":"https:\/\/demos.uptitude.fr\/savviry1\/wp-json\/wp\/v2\/comments?post=5640"}],"version-history":[{"count":0,"href":"https:\/\/demos.uptitude.fr\/savviry1\/wp-json\/wp\/v2\/posts\/5640\/revisions"}],"wp:featuredmedia":[{"embeddable":true,"href":"https:\/\/demos.uptitude.fr\/savviry1\/wp-json\/"}],"wp:attachment":[{"href":"https:\/\/demos.uptitude.fr\/savviry1\/wp-json\/wp\/v2\/media?parent=5640"}],"wp:term":[{"taxonomy":"category","embeddable":true,"href":"https:\/\/demos.uptitude.fr\/savviry1\/wp-json\/wp\/v2\/categories?post=5640"},{"taxonomy":"post_tag","embeddable":true,"href":"https:\/\/demos.uptitude.fr\/savviry1\/wp-json\/wp\/v2\/tags?post=5640"}],"curies":[{"name":"wp","href":"https:\/\/api.w.org\/{rel}","templated":true}]}}