{"id":5682,"date":"2022-11-06T15:30:57","date_gmt":"2022-11-06T15:30:57","guid":{"rendered":"https:\/\/www.savigny-viry-catholique.fr\/?p=5682"},"modified":"2022-11-06T15:30:57","modified_gmt":"2022-11-06T15:30:57","slug":"formations-diocesaines-a-savigny","status":"publish","type":"post","link":"https:\/\/demos.uptitude.fr\/savviry1\/formations-diocesaines-a-savigny\/","title":{"rendered":"FORMATIONS DIOCESAINES A SAVIGNY"},"content":{"rendered":"<p>3 Ateliers , ouverts \u00e0 tous, sont propos\u00e9s &#8211; \u00e0 partir d&rsquo;octobre , une fois par mois, au 23 avenue des \u00e9coles \u00e0 Savigny,..\/&#8230;<\/p>\n<p><!--more--><\/p>\n<p>&nbsp;<\/p>\n<p><strong><span style=\"font-size: 20px; color: #0000ff;\">Programme des formations 2022\/2023<\/span><\/strong><\/p>\n<p><img fetchpriority=\"high\" decoding=\"async\" class=\"wp-image-5684 size-full alignleft\" src=\"https:\/\/www.savigny-viry-catholique.fr\/wp-content\/uploads\/2022\/10\/Affiche-Formation-2022-2023-copie.jpg\" alt=\"\" width=\"595\" height=\"842\" \/><\/p>\n<p>&nbsp;<\/p>\n<p>&nbsp;<\/p>\n<p>&nbsp;<\/p>\n<p><span style=\"font-size: 20px;\"><strong>Les premiers temps de l\u2019\u00c9glise<\/strong><\/span><\/p>\n<p><span style=\"font-size: 16px;\">A la suite de la d\u00e9couverte de la figure de l\u2019ap\u00f4tre Pierre dans les \u00c9vangiles, nous \u00e9tudierons les lettres qui portent son nom et chercherons comment son personnage et celui de Paul sont \u00e0 l\u2019origine de l\u2019\u00c9glise naissante.<\/span><\/p>\n<p>&nbsp;<\/p>\n<p><span style=\"font-size: 16px;\">Un jeudi apr\u00e8s-midi par mois de 14h \u00e0 16h. Rencontres sous forme d\u2019ateliers.<\/span><\/p>\n<p><span style=\"font-size: 16px;\">Dates\u00a0: 6 oct. 10 nov. 1er d\u00e9c. 2022 \u2013 5 janv. 2 f\u00e9v. 9 mars, 30 mars, 11 mai, 1er juin 2023.<\/span><\/p>\n<p><span style=\"font-size: 16px;\">Lieu\u00a0: salle Jean XXIII, 23 avenue des \u00e9coles Savigny sur Orge 91600<\/span><\/p>\n<p><span style=\"font-size: 16px;\">Participation\u00a0aux frais p\u00e9dagogiques\u00a0: 16 \u20ac pour l\u2019ann\u00e9e<\/span><\/p>\n<p><span style=\"font-size: 16px;\">Intervenante\u00a0: Danielle Thomasset<\/span><\/p>\n<p><span style=\"font-size: 16px;\">Contact et inscription\u00a0: <a href=\"mailto:danielle.thomasset@wanadoo.fr\">danielle.thomasset@wanadoo.fr<\/a><\/span><\/p>\n<p>&nbsp;<\/p>\n<p><span style=\"font-size: 20px;\"><strong>Enqu\u00eate sur le Dieu Unique <\/strong><\/span><\/p>\n<p><span style=\"font-size: 16px;\">A pr\u00e8s avoir cherch\u00e9 l\u2019Arche d\u2019Alliance \u00e0 travers les r\u00e9cits de l\u2019Ancien Testament, nous m\u00e8nerons,\u00a0 cette ann\u00e9e, une enqu\u00eate sur la naissance de la Foi au Dieu Unique, jusqu\u2019\u00e0 la reconnaissance du Dieu Amour et Mis\u00e9ricordieux r\u00e9v\u00e9l\u00e9 en J\u00e9sus Christ dans le Nouveau Testament..<\/span><\/p>\n<p>&nbsp;<\/p>\n<p><span style=\"font-size: 16px;\">Un mardi par mois en soir\u00e9e de 20h30 \u00e0 22h30. Rencontres sous forme d\u2019ateliers<\/span><\/p>\n<p><span style=\"font-size: 16px;\">Dates\u00a0: 11 oct. 15 nov. 6 d\u00e9c. 2022 \u2013 10 janv. 7 f\u00e9v. 14 mars, 4 avril, 16 mai, 6 juin 2023.<\/span><\/p>\n<p><span style=\"font-size: 16px;\">Lieu\u00a0: salle Jean XXIII, 23 avenue des \u00e9coles Savigny sur Orge 91600<\/span><\/p>\n<p><span style=\"font-size: 16px;\">Participation aux frais p\u00e9dagogiques\u00a0: 16 \u20ac pour l\u2019ann\u00e9e<\/span><\/p>\n<p><span style=\"font-size: 16px;\">Intervenante\u00a0: Danielle Thomasset<\/span><\/p>\n<p><span style=\"font-size: 16px;\">Contact et inscription\u00a0: <a href=\"mailto:danielle.thomasset@wanadoo.fr\">danielle.thomasset@wanadoo.fr<\/a><\/span><\/p>\n<p>&nbsp;<\/p>\n<p><span style=\"font-size: 20px;\"><strong>Cin\u00e9ma et Spiritualit\u00e9<\/strong><\/span><\/p>\n<p><span style=\"font-size: 16px;\">Tout film donne une image de l\u2019homme, de sa relation aux autres, dans un temps et un espace donn\u00e9s.<\/span><\/p>\n<p><span style=\"font-size: 16px;\">A travers des extraits de films, nous rep\u00e9rerons les itin\u00e9raires de personnages, le questionnement sociologique et \u00e9thique qu\u2019ils suscitent, et en quoi ceux-ci peuvent entrer en r\u00e9sonance avec l\u2019\u00c9vangile et notre propre v\u00e9cu.<\/span><\/p>\n<p>&nbsp;<\/p>\n<p><span style=\"font-size: 16px;\">Dates\u00a0: 21 oct. 18 nov.\u00a0 16 d\u00e9c. 2022 &#8211;\u00a0 20 janv.\u00a0 17 f\u00e9v. 24 mars 2023.<\/span><\/p>\n<p><span style=\"font-size: 16px;\">Horaires\u00a0: 18h30 \u00e0 22h30<\/span><\/p>\n<p><span style=\"font-size: 16px;\">Lieu\u00a0: espace P\u00e8re Coindreau, 23 avenue des \u00e9coles &#8211;\u00a0 Savigny sur orge 91600<\/span><\/p>\n<p><span style=\"font-size: 16px;\">Participation aux frais p\u00e9dagogiques\u00a0: 16 \u20ac pour l\u2019ann\u00e9e.<\/span><\/p>\n<p><span style=\"font-size: 16px;\">Intervenants\u00a0: Bertrand Wittmann, Danielle Thomasset<\/span><\/p>\n<p><span style=\"font-size: 16px;\">Contact\u00a0et inscription : <a href=\"mailto:danielle.thomasset@wanadoo.fr\">danielle.thomasset@wanadoo.fr<\/a><\/span><\/p>\n<p>&nbsp;<\/p>\n","protected":false},"excerpt":{"rendered":"<p>3 Ateliers , ouverts \u00e0 tous, sont propos\u00e9s &#8211; \u00e0 partir d&rsquo;octobre , une fois par mois, au 23 avenue des \u00e9coles \u00e0 Savigny,..\/&#8230;<\/p>\n","protected":false},"author":990003,"featured_media":5687,"comment_status":"closed","ping_status":"closed","sticky":false,"template":"","format":"standard","meta":{"give_campaign_id":0,"footnotes":""},"categories":[1],"tags":[],"class_list":["post-5682","post","type-post","status-publish","format-standard","has-post-thumbnail","hentry","category-uncategorized"],"_links":{"self":[{"href":"https:\/\/demos.uptitude.fr\/savviry1\/wp-json\/wp\/v2\/posts\/5682","targetHints":{"allow":["GET"]}}],"collection":[{"href":"https:\/\/demos.uptitude.fr\/savviry1\/wp-json\/wp\/v2\/posts"}],"about":[{"href":"https:\/\/demos.uptitude.fr\/savviry1\/wp-json\/wp\/v2\/types\/post"}],"author":[{"embeddable":true,"href":"https:\/\/demos.uptitude.fr\/savviry1\/wp-json\/wp\/v2\/users\/990003"}],"replies":[{"embeddable":true,"href":"https:\/\/demos.uptitude.fr\/savviry1\/wp-json\/wp\/v2\/comments?post=5682"}],"version-history":[{"count":0,"href":"https:\/\/demos.uptitude.fr\/savviry1\/wp-json\/wp\/v2\/posts\/5682\/revisions"}],"wp:featuredmedia":[{"embeddable":true,"href":"https:\/\/demos.uptitude.fr\/savviry1\/wp-json\/"}],"wp:attachment":[{"href":"https:\/\/demos.uptitude.fr\/savviry1\/wp-json\/wp\/v2\/media?parent=5682"}],"wp:term":[{"taxonomy":"category","embeddable":true,"href":"https:\/\/demos.uptitude.fr\/savviry1\/wp-json\/wp\/v2\/categories?post=5682"},{"taxonomy":"post_tag","embeddable":true,"href":"https:\/\/demos.uptitude.fr\/savviry1\/wp-json\/wp\/v2\/tags?post=5682"}],"curies":[{"name":"wp","href":"https:\/\/api.w.org\/{rel}","templated":true}]}}