{"id":5693,"date":"2022-10-05T22:26:01","date_gmt":"2022-10-05T22:26:01","guid":{"rendered":"https:\/\/www.savigny-viry-catholique.fr\/?p=5693"},"modified":"2022-10-05T22:26:01","modified_gmt":"2022-10-05T22:26:01","slug":"la-cloche-de-nd-des-cites","status":"publish","type":"post","link":"https:\/\/demos.uptitude.fr\/savviry1\/la-cloche-de-nd-des-cites\/","title":{"rendered":"LA CLOCHE DE ND des CITES"},"content":{"rendered":"<p>B\u00e9n\u00e9diction de la cloche de ND des Cit\u00e9s le samedi 15 octobre &#8230;\/&#8230;<\/p>\n<p><!--more--><\/p>\n<p>&nbsp;<\/p>\n<p><span style=\"font-size: 20px;\"><strong><span style=\"color: #0000ff;\"><img fetchpriority=\"high\" decoding=\"async\" class=\"wp-image-5719 alignleft\" src=\"https:\/\/www.savigny-viry-catholique.fr\/wp-content\/uploads\/2022\/10\/2022-10Cloche-NDC-300x134.jpg\" alt=\"\" width=\"600\" height=\"269\" \/>Samedi 15 octobre 2022,<\/span><\/strong> <\/span><\/p>\n<p><span style=\"font-size: 20px;\">Mgr Michel Pansard, \u00e9v\u00eaque <\/span><span style=\"font-size: 20px;\">d\u2019\u00c9vry \u2013 Corbeil-Essonnes, proc\u00e9dera \u00e0 la b\u00e9n\u00e9diction <\/span><br \/>\n<span style=\"font-size: 20px;\">de la cloche voulue par les paroissiens \u00e0 l\u2019occasion des <\/span><span style=\"font-size: 20px;\">50 ans de l\u2019\u00e9glise Notre Dame des Cit\u00e9s. Ce sera au <\/span><span style=\"font-size: 20px;\">cours de la messe qu\u2019il pr\u00e9sidera \u00e0 11h. Suivra alors un <\/span><span style=\"font-size: 20px;\">moment de fraternit\u00e9 et de partage.<\/span><\/p>\n<p style=\"text-align: center;\"><span style=\"font-size: 20px;\"><strong>***<\/strong><\/span><\/p>\n<p>&nbsp;<\/p>\n<p><span style=\"color: #000000; font-size: 20px;\"><span style=\"font-size: 28px; color: #0000ff;\">I<\/span>l y a trois ans, le 5 octobre 2019, nous f\u00eations le Jubil\u00e9 des 50 ans de l\u2019\u00e9glise de Notre Dame des cit\u00e9s. En effet, cinquante ans plus t\u00f4t des femmes, des hommes, des familles avaient d\u00e9cid\u00e9 d\u2019aller les uns vers les autres pour agir ensemble, donner du temps et de l\u2019argent en pleine p\u00e9riode de troubles, pour concr\u00e9tiser le projet de construction d\u2019une \u00e9glise qu\u2019ils ont voulu au c\u0153ur de la cit\u00e9. Ce Jubil\u00e9 a \u00e9t\u00e9 pour nous tous, un temps fort de communion, de fraternit\u00e9, de liens tiss\u00e9s, de pri\u00e8res\u2026<\/span><\/p>\n<p><span style=\"color: #000000; font-size: 20px;\">Lors de la pr\u00e9paration de ce jubil\u00e9 les paroissiens ont eu deux souhaits\u00a0: s\u2019offrir une plaque comm\u00e9morative que Mgr Pansard a b\u00e9ni lors de la c\u00e9l\u00e9bration de cl\u00f4ture du Jubil\u00e9 le 15 d\u00e9cembre 2019, et s\u2019offrir une \u00ab\u00a0vraie\u00a0\u00bb cloche puisque cette \u00e9glise n\u2019en \u00e9tait pas pourvue jusqu\u2019alors.<\/span><\/p>\n<p><span style=\"color: #000000; font-size: 20px;\">En effet une cloche a un r\u00f4le important dans la vie de la communaut\u00e9, signe que nous formons une famille et partageons les joies et les peines de chacun, rassemblant les fid\u00e8les pour les c\u00e9l\u00e9brations Eucharistiques.<\/span><\/p>\n<p><span style=\"color: #000000; font-size: 20px;\">La covid et les confinements successifs ne nous avaient pas permis de finaliser ce projet, plusieurs fois retard\u00e9. Gr\u00e2ce \u00e0 la g\u00e9n\u00e9rosit\u00e9 de nombreux donateurs, \u00e0 pr\u00e9sent tout est pr\u00eat. C\u2019est ainsi que vous \u00eates convi\u00e9s \u00e0 la c\u00e9l\u00e9bration du\u00a0<strong>samedi 15 octobre<\/strong>\u00a0\u00e0 11h, lors de laquelle Mgr Pansard, b\u00e9nira la cloche baptis\u00e9e Jacqueline \u00e0 l\u2019\u00e9glise de Notre Dame des Cit\u00e9s. Nous vous attendons nombreux.<\/span><\/p>\n<h4><span style=\"color: #000000; font-size: 20px;\"><strong>Pourquoi Jacqueline\u00a0?<\/strong><\/span><\/h4>\n<p><span style=\"color: #000000; font-size: 20px;\">Pr\u00e9nom qui vient de l\u2019h\u00e9breu\u2026 qui veut dire\u00a0<strong><em>\u00ab\u00a0Dieu favorise, Dieu prot\u00e8ge\u00a0\u00bb<\/em><\/strong><\/span><br \/>\n<span style=\"color: #000000; font-size: 20px;\">En lien aussi avec Sainte Jacqueline amie de ST Fran\u00e7ois d\u2019Assise qui aida et favorisa les \u0153uvres de ST Fran\u00e7ois avec humilit\u00e9, grande pieuse toujours de bonne humeur.<\/span><br \/>\n<span style=\"color: #000000; font-size: 20px;\">D\u2019o\u00f9 le lien avec la grande mobilisation des anciens qui ont voulu une \u00e9glise au c\u0153ur de la cit\u00e9, simple, fraternelle\u2026.et le son de cette cloche rappellera \u00e0 chacun le cot\u00e9 simple populaire et le sens de l\u2019agir ensemble qui a \u00e9t\u00e9 r\u00e9veill\u00e9 lors du jubil\u00e9 de cette communaut\u00e9 tr\u00e8s diverse.<\/span><\/p>\n<p class=\"has-text-align-right\"><span style=\"color: #000000; font-size: 20px;\">Monique paillet ,<\/span><br \/>\n<span style=\"color: #000000; font-size: 20px;\">\u00e9quipe animatrice.<\/span><\/p>\n","protected":false},"excerpt":{"rendered":"<p>B\u00e9n\u00e9diction de la cloche de ND des Cit\u00e9s le samedi 15 octobre &#8230;\/&#8230;<\/p>\n","protected":false},"author":990003,"featured_media":5695,"comment_status":"closed","ping_status":"closed","sticky":false,"template":"","format":"standard","meta":{"give_campaign_id":0,"footnotes":""},"categories":[1],"tags":[],"class_list":["post-5693","post","type-post","status-publish","format-standard","has-post-thumbnail","hentry","category-uncategorized"],"_links":{"self":[{"href":"https:\/\/demos.uptitude.fr\/savviry1\/wp-json\/wp\/v2\/posts\/5693","targetHints":{"allow":["GET"]}}],"collection":[{"href":"https:\/\/demos.uptitude.fr\/savviry1\/wp-json\/wp\/v2\/posts"}],"about":[{"href":"https:\/\/demos.uptitude.fr\/savviry1\/wp-json\/wp\/v2\/types\/post"}],"author":[{"embeddable":true,"href":"https:\/\/demos.uptitude.fr\/savviry1\/wp-json\/wp\/v2\/users\/990003"}],"replies":[{"embeddable":true,"href":"https:\/\/demos.uptitude.fr\/savviry1\/wp-json\/wp\/v2\/comments?post=5693"}],"version-history":[{"count":0,"href":"https:\/\/demos.uptitude.fr\/savviry1\/wp-json\/wp\/v2\/posts\/5693\/revisions"}],"wp:featuredmedia":[{"embeddable":true,"href":"https:\/\/demos.uptitude.fr\/savviry1\/wp-json\/"}],"wp:attachment":[{"href":"https:\/\/demos.uptitude.fr\/savviry1\/wp-json\/wp\/v2\/media?parent=5693"}],"wp:term":[{"taxonomy":"category","embeddable":true,"href":"https:\/\/demos.uptitude.fr\/savviry1\/wp-json\/wp\/v2\/categories?post=5693"},{"taxonomy":"post_tag","embeddable":true,"href":"https:\/\/demos.uptitude.fr\/savviry1\/wp-json\/wp\/v2\/tags?post=5693"}],"curies":[{"name":"wp","href":"https:\/\/api.w.org\/{rel}","templated":true}]}}