{"id":5702,"date":"2022-10-04T10:02:35","date_gmt":"2022-10-04T10:02:35","guid":{"rendered":"https:\/\/www.savigny-viry-catholique.fr\/?p=5702"},"modified":"2022-10-04T10:02:35","modified_gmt":"2022-10-04T10:02:35","slug":"les-reliques-de-ste-therese","status":"publish","type":"post","link":"https:\/\/demos.uptitude.fr\/savviry1\/les-reliques-de-ste-therese\/","title":{"rendered":"LES RELIQUES DE STE THERESE"},"content":{"rendered":"<p>Les reliques de Ste Th\u00e9r\u00e8se expos\u00e9es \u00e0 l&rsquo;\u00e9glise Ste Th\u00e9r\u00e8se du 14 au 16 octobre &#8230;\/&#8230;<\/p>\n<p><!--more--><\/p>\n<p><span style=\"color: #ff00ff; font-size: 24px;\"><strong>Reliques de sainte Th\u00e9r\u00e8se<\/strong><\/span><\/p>\n<p><img fetchpriority=\"high\" decoding=\"async\" class=\"wp-image-5704 alignleft\" src=\"https:\/\/www.savigny-viry-catholique.fr\/wp-content\/uploads\/2022\/10\/Reliquaire-SteTherese-300x225.jpg\" alt=\"\" width=\"500\" height=\"375\" \/><\/p>\n<p>&nbsp;<\/p>\n<p>&nbsp;<\/p>\n<p><span style=\"font-size: 20px;\">&#8211; Vendredi 14 octobre \u00e0 19h : arriv\u00e9e des reliques<\/span><\/p>\n<p><span style=\"font-size: 20px;\">(Le reliquaire sera expos\u00e9 dans l&rsquo;\u00e9glise en journ\u00e9e jusqu&rsquo;\u00e0 dimanche),<\/span><\/p>\n<p><span style=\"font-size: 20px;\">en outre deux<strong> nuits d&rsquo;adoration<\/strong> sont propos\u00e9es <strong>le vendredi et le samedi de 23h00 \u00e0 7h00 sur inscription\u00a0 (car l&rsquo;\u00e9glise sera ferm\u00e9e).<\/strong><\/span><\/p>\n<p><span style=\"font-size: 20px;\">S&rsquo;inscrire sur <strong><span style=\"color: #0000ff;\">90anseglisesaintetherese@gmail.com<\/span><\/strong><\/span><\/p>\n<p><span style=\"color: #ff0000;\"><em><strong><span style=\"font-size: 20px;\">au plus tard le 13 octobre au soir<\/span><\/strong><\/em><\/span><\/p>\n<p>&nbsp;<\/p>\n<p><span style=\"font-size: 20px;\">&#8211; Samedi 15, 16h : conf\u00e9rence sur Sainte Th\u00e9r\u00e8se de l\u2019Enfant J\u00e9sus par le Fr\u00e8re Yannick &#8211; Fr\u00e8re Carme &#8211; \u00e0 l&rsquo; \u00e9glise Ste Th\u00e9r\u00e8se.<\/span><\/p>\n<p><span style=\"background-color: #ccffcc;\"><strong><span style=\"font-size: 16px; background-color: #ccffcc;\">(Plus d&rsquo;information sur les Fr\u00e8es Carmes<a href=\"https:\/\/www.savigny-viry-catholique.fr\/les-freres-carmes\/\"> ICI<\/a> )<\/span><\/strong><\/span><\/p>\n<p>&nbsp;<\/p>\n<p><span style=\"font-size: 20px;\">&#8211; Dimanche 16 :<\/span><\/p>\n<p><span style=\"font-size: 20px;\">11h Messe<\/span><\/p>\n<p><span style=\"font-size: 20px;\">12h30 : Tirage de la tombola et pique-nique tir\u00e9 du sac (Espace Pere Coindreau)<\/span><\/p>\n<p><span style=\"font-size: 20px;\">14h : d\u00e9part des reliques<\/span><\/p>\n<p>&nbsp;<\/p>\n<p><span style=\"font-size: 20px;\">Lieu : Eglise Ste Th\u00e9r\u00e8se et Espace P\u00e8re Coindreau,<\/span><\/p>\n<p><span style=\"font-size: 20px;\">avenue des \u00e9coles (\u00e0 c\u00f4t\u00e9 de l&rsquo;\u00e9glise), Savigny\/Orge.<\/span><\/p>\n<p>&nbsp;<\/p>\n<p><span style=\"font-size: 20px;\">Pour plus d&rsquo;information, connectez-vous sur \u00a0Instagram (90anseglisesaintetherese),<\/span><\/p>\n<p>&nbsp;<\/p>\n<p><span style=\"font-size: 20px; color: #0000ff;\"><strong>Tombola <\/strong>: Pour financer les festivit\u00e9s des 90 ans de l\u2019\u00e9glise Sainte Th\u00e9r\u00e8se, une tombola est ouverte avec de<\/span><br \/>\n<span style=\"font-size: 20px; color: #0000ff;\">nombreux lots \u00e0 gagner (barbecue, cafeti\u00e8re expresso, robot blender\u2026). Les billets sont en vente \u00e0<\/span><br \/>\n<span style=\"font-size: 20px; color: #0000ff;\">la sortie des messes, pendant toute la p\u00e9riode. Le prix du billet est de\u00a0<strong>2 \u20ac<\/strong>. une chance au grattage et une chance au tirage !<\/span><\/p>\n<ul>\n<li><span style=\"font-size: 20px; color: #0000ff;\"><em><strong>Le tirage des gros lots aura lieu le 16 octobre.<\/strong><\/em><\/span><\/li>\n<\/ul>\n","protected":false},"excerpt":{"rendered":"<p>Les reliques de Ste Th\u00e9r\u00e8se expos\u00e9es \u00e0 l&rsquo;\u00e9glise Ste Th\u00e9r\u00e8se du 14 au 16 octobre &#8230;\/&#8230;<\/p>\n","protected":false},"author":990003,"featured_media":5707,"comment_status":"closed","ping_status":"closed","sticky":false,"template":"","format":"standard","meta":{"give_campaign_id":0,"footnotes":""},"categories":[1],"tags":[],"class_list":["post-5702","post","type-post","status-publish","format-standard","has-post-thumbnail","hentry","category-uncategorized"],"_links":{"self":[{"href":"https:\/\/demos.uptitude.fr\/savviry1\/wp-json\/wp\/v2\/posts\/5702","targetHints":{"allow":["GET"]}}],"collection":[{"href":"https:\/\/demos.uptitude.fr\/savviry1\/wp-json\/wp\/v2\/posts"}],"about":[{"href":"https:\/\/demos.uptitude.fr\/savviry1\/wp-json\/wp\/v2\/types\/post"}],"author":[{"embeddable":true,"href":"https:\/\/demos.uptitude.fr\/savviry1\/wp-json\/wp\/v2\/users\/990003"}],"replies":[{"embeddable":true,"href":"https:\/\/demos.uptitude.fr\/savviry1\/wp-json\/wp\/v2\/comments?post=5702"}],"version-history":[{"count":0,"href":"https:\/\/demos.uptitude.fr\/savviry1\/wp-json\/wp\/v2\/posts\/5702\/revisions"}],"wp:featuredmedia":[{"embeddable":true,"href":"https:\/\/demos.uptitude.fr\/savviry1\/wp-json\/"}],"wp:attachment":[{"href":"https:\/\/demos.uptitude.fr\/savviry1\/wp-json\/wp\/v2\/media?parent=5702"}],"wp:term":[{"taxonomy":"category","embeddable":true,"href":"https:\/\/demos.uptitude.fr\/savviry1\/wp-json\/wp\/v2\/categories?post=5702"},{"taxonomy":"post_tag","embeddable":true,"href":"https:\/\/demos.uptitude.fr\/savviry1\/wp-json\/wp\/v2\/tags?post=5702"}],"curies":[{"name":"wp","href":"https:\/\/api.w.org\/{rel}","templated":true}]}}