{"id":5733,"date":"2022-10-16T17:43:49","date_gmt":"2022-10-16T17:43:49","guid":{"rendered":"https:\/\/www.savigny-viry-catholique.fr\/?p=5733"},"modified":"2022-10-16T17:43:49","modified_gmt":"2022-10-16T17:43:49","slug":"chemins-demmaus-approfondir-sa-foi","status":"publish","type":"post","link":"https:\/\/demos.uptitude.fr\/savviry1\/chemins-demmaus-approfondir-sa-foi\/","title":{"rendered":"CHEMINS D&rsquo;EMMAUS  &#8211; Approfondir sa foi"},"content":{"rendered":"<p>&nbsp;<\/p>\n<p><span style=\"font-size: 16px;\">Le projet pastoral du Secteur Savigny-Viry \u00ab Bienheureux Marcel Callo \u00bb encourage la formation des adultes&#8230;.\/&#8230;<\/span><\/p>\n<p><!--more--><\/p>\n<p><span style=\"font-size: 20px;\"><strong>CHEMINS D\u2019EMMA\u00dcS<\/strong><\/span><\/p>\n<p><span style=\"font-size: 20px;\"><strong>\u00a0\u00ab Notre c\u0153ur n\u2019\u00e9tait-il pas br\u00fblant en nous,<\/strong><\/span><\/p>\n<p><span style=\"font-size: 20px;\"><strong>tandis qu\u2019il nous parlait sur la route et nous ouvrait les \u00c9critures \u00bb (Lc 24, 32)<\/strong><\/span><\/p>\n<p><span style=\"font-size: 20px;\"><strong>Pour nourrir et approfondir sa foi<\/strong><\/span><\/p>\n<p><strong>\u00a0<\/strong><\/p>\n<p><span style=\"font-size: 16px;\"><img fetchpriority=\"high\" decoding=\"async\" class=\"wp-image-5743 alignleft\" src=\"https:\/\/www.savigny-viry-catholique.fr\/wp-content\/uploads\/2022\/10\/chemin-emmaus-300x144.jpg\" alt=\"\" width=\"450\" height=\"217\" \/><\/span><\/p>\n<p>&nbsp;<\/p>\n<p>&nbsp;<\/p>\n<p><span style=\"font-size: 16px;\">Le projet pastoral du Secteur Savigny-Viry \u00ab Bienheureux Marcel Callo \u00bb encourage la formation des adultes. Au moment o\u00f9 toutes sortes d\u2019approches religieuses sont propos\u00e9es, notre secteur veut proposer une r\u00e9flexion et un approfondissement du contenu de la foi. \u00ab Chemins d\u2019Emma\u00fcs \u00bb se veut ainsi une r\u00e9ponse \u00e0 cet objectif commun pour tous les fid\u00e8les. Il s\u2019adresse ainsi \u00e0 des croyantes et des croyants d\u00e9sireux d\u2019approfondir leur foi, de mieux comprendre la signification des gestes qu\u2019ils posent dans la pri\u00e8re, dans la liturgie et dans leur vie quotidienne. \u00ab Notre c\u0153ur n\u2019\u00e9tait-il pas br\u00fblant en nous, tandis qu\u2019il nous parlait sur la route et nous ouvrait les \u00c9critures ? \u00bb Les disciples d\u2019Emma\u00fcs soulignent ainsi le c\u0153ur br\u00fblant du partage de la Parole. \u00ab Chemins d\u2019Emma\u00fcs \u00bb propose des expos\u00e9s suivis d\u2019une table de ronde pour actualiser la foi dans notre quotidien.<\/span><\/p>\n<p>&nbsp;<\/p>\n<p><span style=\"font-size: 16px;\"><strong>Ouvertes \u00e0 tous, sans inscription<\/strong> et avec la possibilit\u00e9 de participer \u00e0 l\u2019une ou l\u2019autre, <strong>les rencontres auront lieu de 20h 30 \u00e0 22h 30 dans la salle Jean XXIII \u00e0 Savigny sur Orge (23 rue des \u00e9coles)<\/strong> selon le calendrier et les th\u00e8mes suivants :<\/span><\/p>\n<p><strong><span style=\"font-size: 16px;\">&#8211; Vendredi 21 octobre 2022 : \u00ab Je crois \u00bb : un acte humain, un acte religieux<\/span><\/strong><\/p>\n<p><strong><span style=\"font-size: 16px;\">&#8211; Vendredi 25 novembre 2022 : Je crois en Dieu le P\u00e8re<\/span><\/strong><\/p>\n<p><strong><span style=\"font-size: 16px;\">&#8211; Vendredi 27 janvier 2023 : Introduction aux \u00e9vangiles synoptiques<\/span><\/strong><\/p>\n<p><strong><span style=\"font-size: 16px;\">&#8211; Vendredi 24 f\u00e9vrier 2023 : La dignit\u00e9 de la personne humaine<\/span><\/strong><\/p>\n<p><strong><span style=\"font-size: 16px;\">&#8211; Vendredi 24 mars 2023 : L\u2019esp\u00e9rance chr\u00e9tienne : je crois en J\u00e9sus-Christ<\/span><\/strong><\/p>\n<p><strong><span style=\"font-size: 16px;\">&#8211; Vendredi 21 avril 2023 : La c\u00e9l\u00e9bration du myst\u00e8re pascal<\/span><\/strong><\/p>\n<p><strong><span style=\"font-size: 16px;\">&#8211; Vendredi 26 mai 2023 : Le salut de Dieu : la loi et la gr\u00e2ce<\/span><\/strong><\/p>\n<p><strong><span style=\"font-size: 16px;\">&#8211; Vendredi 23 juin 2023 : Je crois en l\u2019Esprit Saint, je crois en l\u2019\u00c9glise<\/span><\/strong><\/p>\n","protected":false},"excerpt":{"rendered":"<p>&nbsp; Le projet pastoral du Secteur Savigny-Viry \u00ab Bienheureux Marcel Callo \u00bb encourage la formation des adultes&#8230;.\/&#8230;<\/p>\n","protected":false},"author":990003,"featured_media":5744,"comment_status":"closed","ping_status":"closed","sticky":false,"template":"","format":"standard","meta":{"give_campaign_id":0,"footnotes":""},"categories":[1],"tags":[],"class_list":["post-5733","post","type-post","status-publish","format-standard","has-post-thumbnail","hentry","category-uncategorized"],"_links":{"self":[{"href":"https:\/\/demos.uptitude.fr\/savviry1\/wp-json\/wp\/v2\/posts\/5733","targetHints":{"allow":["GET"]}}],"collection":[{"href":"https:\/\/demos.uptitude.fr\/savviry1\/wp-json\/wp\/v2\/posts"}],"about":[{"href":"https:\/\/demos.uptitude.fr\/savviry1\/wp-json\/wp\/v2\/types\/post"}],"author":[{"embeddable":true,"href":"https:\/\/demos.uptitude.fr\/savviry1\/wp-json\/wp\/v2\/users\/990003"}],"replies":[{"embeddable":true,"href":"https:\/\/demos.uptitude.fr\/savviry1\/wp-json\/wp\/v2\/comments?post=5733"}],"version-history":[{"count":0,"href":"https:\/\/demos.uptitude.fr\/savviry1\/wp-json\/wp\/v2\/posts\/5733\/revisions"}],"wp:featuredmedia":[{"embeddable":true,"href":"https:\/\/demos.uptitude.fr\/savviry1\/wp-json\/"}],"wp:attachment":[{"href":"https:\/\/demos.uptitude.fr\/savviry1\/wp-json\/wp\/v2\/media?parent=5733"}],"wp:term":[{"taxonomy":"category","embeddable":true,"href":"https:\/\/demos.uptitude.fr\/savviry1\/wp-json\/wp\/v2\/categories?post=5733"},{"taxonomy":"post_tag","embeddable":true,"href":"https:\/\/demos.uptitude.fr\/savviry1\/wp-json\/wp\/v2\/tags?post=5733"}],"curies":[{"name":"wp","href":"https:\/\/api.w.org\/{rel}","templated":true}]}}