{"id":5874,"date":"2022-11-09T18:11:40","date_gmt":"2022-11-09T18:11:40","guid":{"rendered":"https:\/\/www.savigny-viry-catholique.fr\/?p=5874"},"modified":"2022-11-09T18:11:40","modified_gmt":"2022-11-09T18:11:40","slug":"au-retour-de-lassemblee-des-eveques","status":"publish","type":"post","link":"https:\/\/demos.uptitude.fr\/savviry1\/au-retour-de-lassemblee-des-eveques\/","title":{"rendered":"Au retour de l&rsquo;Assembl\u00e9e des \u00e9v\u00eaques"},"content":{"rendered":"<p>Michel Pansard , \u00c9v\u00eaque d\u2019\u00c9vry-Corbeil \u2013 Essonnes, partage quelques r\u00e9flexions, \u00e0 son retour de l&rsquo;assembl\u00e9e des \u00e9v\u00eaques \u00e0 Lourdes &#8230;\/&#8230;<\/p>\n<p><!--more--><\/p>\n<p><span style=\"font-size: 16px;\"><strong><em><u><a href=\"https:\/\/eglise.catholique.fr\/conference-des-eveques-de-france\/cef\/assemblees-plenieres\/assemblee-pleniere-de-novembre-2022\/531716-discours-de-cloture-de-la-90eme-assemblee-pleniere-des-eveques-de-france-le-8-novembre-2022\/\">L<\/a><a href=\"https:\/\/eglise.catholique.fr\/conference-des-eveques-de-france\/cef\/assemblees-plenieres\/assemblee-pleniere-de-novembre-2022\/531716-discours-de-cloture-de-la-90eme-assemblee-pleniere-des-eveques-de-france-le-8-novembre-2022\/\"><img fetchpriority=\"high\" decoding=\"async\" class=\"wp-image-5876 size-large aligncenter\" src=\"https:\/\/www.savigny-viry-catholique.fr\/wp-content\/uploads\/2022\/11\/Assemblee-pleniere-eveques-Lourdes-nov-2022-\u00a9Eglise-catholique-1024x341.png\" alt=\"\" width=\"1024\" height=\"341\" \/><\/a><\/u><\/em><\/strong><\/span><\/p>\n<p><span style=\"font-size: 16px;\"><strong><em><a href=\"https:\/\/eglise.catholique.fr\/conference-des-eveques-de-france\/cef\/assemblees-plenieres\/assemblee-pleniere-de-novembre-2022\/531716-discours-de-cloture-de-la-90eme-assemblee-pleniere-des-eveques-de-france-le-8-novembre-2022\/\">Le discours de cl\u00f4ture de Mgr \u00c9ric de Moulins-Beaufort<\/a><\/em><\/strong>\u00a0r\u00e9sume bien ce que nous avons v\u00e9cu lors de cette assembl\u00e9e qui nous a une fois de plus confront\u00e9s \u00e0 des nouveaux scandales <img decoding=\"async\" class=\"size-full wp-image-5526 alignright\" src=\"https:\/\/www.savigny-viry-catholique.fr\/wp-content\/uploads\/2022\/07\/Mgr_Pansard.jpg\" alt=\"\" width=\"260\" height=\"260\" \/>venant d\u2019\u00e9v\u00eaques dont des comportements, part obscure de leur vie, ont bless\u00e9 des personnes victimes. Ils ont aussi bless\u00e9 le corps eccl\u00e9sial alors qu\u2019ils avaient \u00e9t\u00e9 ordonn\u00e9s pour en prendre soin, t\u00e9moins de l\u2019\u00c9vangile, de ce qui est bon et nouveau de la part de Dieu pour les hommes qu\u2019Il aime. T\u00e9moins de \u00a0J\u00e9sus le Christ, le Seigneur de nos vies qui ouvre \u00e0 tous un avenir en portant les p\u00e9ch\u00e9s du monde.<\/span><\/p>\n<p><span style=\"font-size: 16px;\"><em>\u00ab\u00a0Ses mains, captives sur la croix, d\u00e9nouent les liens de nos t\u00e9n\u00e8bres\u00a0\u00bb<strong>[1]<\/strong>.<\/em> M\u2019est revenu en m\u00e9moire ce passage du proph\u00e8te J\u00e9r\u00e9mie\u00a0:<\/span><\/p>\n<p><span style=\"font-size: 16px;\"><em>\u00ab\u00a0Que mes yeux ruissellent de larmes nuit et jour, sans s\u2019arr\u00eater\u00a0! Elle est bless\u00e9e d\u2019une grande blessure, la vierge, la fille de mon peuple, meurtrie d\u2019une plaie profonde.\u00a0<\/em>(Jr 14,17)<\/span><\/p>\n<p><span style=\"font-size: 16px;\">Notre \u00c9glise, le corps eccl\u00e9sial est bless\u00e9 et malade. Ce n\u2019est pas un rhume passager, c\u2019est une maladie chronique, une plaie profonde. V\u00e9rit\u00e9 qu\u2019il nous faut regarder en face de fa\u00e7on \u00e0 trouver le traitement n\u00e9cessaire. Nous n\u2019avons pas \u00e0 avoir peur du diagnostic avec la prise en compte de tous les \u00e9l\u00e9ments qui ont pu favoriser, \u00e0 un niveau o\u00f9 un autre, ces comportements coupables dont les auteurs doivent assumer leur responsabilit\u00e9. Le rapport de la Ciase a point\u00e9 la dimension \u00ab\u00a0syst\u00e9mique\u00a0\u00bb de la cause des abus, c\u2019est-\u00e0-dire ce qui, outre la faute d\u2019une personne, ne rel\u00e8ve pas seulement de causes ext\u00e9rieures, en ignorant ce qui dans l\u2019\u00c9glise a pu \u00eatre un terreau favorable\u00a0et qui doit \u00eatre analys\u00e9 pour y rem\u00e9dier : des failles dans la formation, des proc\u00e9dures insuffisantes, des dysfonctionnements, une perte de sagesse dans la s\u00e9paration des pouvoirs, l\u2019usage du secret, une mauvaise compr\u00e9hension de la mis\u00e9ricorde, des spiritualit\u00e9s floues, une perte de rep\u00e8res, la prise en compte de la sexualit\u00e9, l\u2019exercice de l\u2019autorit\u00e9 et du pouvoir, les formes d\u2019emprise, d\u2019appropriation de l\u2019esprit puis du corps, une culture de l\u2019entre soi, un appauvrissement des structures et une d\u00e9sinstitutionalisation, etc\u2026<\/span><\/p>\n<p><span style=\"font-size: 16px;\">Ce diagnostic ne peut-\u00eatre l\u2019affaire des seuls \u00e9v\u00eaques. Les groupes de travail mis en place avec une diversit\u00e9 de personnes et de comp\u00e9tences sont \u00e0 l\u2019\u0153uvre depuis des mois et feront des propositions \u00e0 la prochaine assembl\u00e9e pl\u00e9ni\u00e8re. En \u00c9glise, le diagnostic et les mesures qui sont et seront prises sont ins\u00e9parables d\u2019un chemin et d\u2019un acte de foi, d\u2019esp\u00e9rance et de charit\u00e9 en Celui qui est le seul sauveur et peut aujourd\u2019hui encore ouvrir un passage, une P\u00e2que \u00e0 son peuple.<\/span><\/p>\n<p><span style=\"font-size: 16px;\"><em>En effet, ce que nous proclamons, ce n\u2019est pas nous-m\u00eames\u00a0; c\u2019est ceci\u00a0: J\u00e9sus Christ est le Seigneur\u00a0; et nous sommes vos serviteurs, \u00e0 cause de J\u00e9sus. Car Dieu qui a dit\u00a0: Du milieu des t\u00e9n\u00e8bres brillera la lumi\u00e8re, a lui-m\u00eame brill\u00e9 dans nos c\u0153urs pour faire resplendir la connaissance de sa gloire qui rayonne sur le visage du Christ. Mais ce tr\u00e9sor, nous le portons comme dans des vases d\u2019argile\u00a0; ainsi, on voit bien que cette puissance extraordinaire appartient \u00e0 Dieu et ne vient pas de nous. En toute circonstance, nous sommes dans la d\u00e9tresse, mais sans \u00eatre angoiss\u00e9s\u00a0; nous sommes d\u00e9concert\u00e9s, mais non d\u00e9sempar\u00e9s\u00a0;\u00a0nous sommes pourchass\u00e9s, mais non pas abandonn\u00e9s\u00a0; terrass\u00e9s, mais non pas an\u00e9antis. Toujours nous portons, dans notre corps, la mort de J\u00e9sus, afin que la vie de J\u00e9sus, elle aussi, soit manifest\u00e9e dans notre corps.<\/em><\/span><br \/>\n<span style=\"font-size: 16px;\">(2 Co 4, 5-9)<\/span><\/p>\n<p><span style=\"font-size: 16px;\">La commission dioc\u00e9saine \u00ab\u00a0Faire de l\u2019\u00c9glise une maison s\u00fbre \u00bb, demand\u00e9e par le synode pour \u00e9laborer une strat\u00e9gie d\u2019\u00e9ducation, de formation et de pr\u00e9vention contre les abus, est en cours de constitution pour \u00eatre op\u00e9rationnelle prochainement. 180 personnes acteurs de la pastorale aupr\u00e8s de jeunes participeront le 3 d\u00e9cembre prochain \u00e0 une journ\u00e9e de formation et de sensibilisation dans ce domaine.<\/span><\/p>\n<p><span style=\"font-size: 16px;\">Fraternellement<\/span><\/p>\n<p><span style=\"font-size: 16px;\">+ Michel Pansard\u00a0<\/span><br \/>\n<span style=\"font-size: 16px;\">\u00c9v\u00eaque d\u2019\u00c9vry-Corbeil \u2013 Essonnes<\/span><\/p>\n<p>&nbsp;<\/p>\n<p>[1] Hymne de car\u00eame, ami des hommes J\u00e9sus-Christ<\/p>\n","protected":false},"excerpt":{"rendered":"<p>Michel Pansard , \u00c9v\u00eaque d\u2019\u00c9vry-Corbeil \u2013 Essonnes, partage quelques r\u00e9flexions, \u00e0 son retour de l&rsquo;assembl\u00e9e des \u00e9v\u00eaques \u00e0 Lourdes &#8230;\/&#8230;<\/p>\n","protected":false},"author":990003,"featured_media":5880,"comment_status":"closed","ping_status":"closed","sticky":false,"template":"","format":"standard","meta":{"give_campaign_id":0,"footnotes":""},"categories":[1],"tags":[],"class_list":["post-5874","post","type-post","status-publish","format-standard","has-post-thumbnail","hentry","category-uncategorized"],"_links":{"self":[{"href":"https:\/\/demos.uptitude.fr\/savviry1\/wp-json\/wp\/v2\/posts\/5874","targetHints":{"allow":["GET"]}}],"collection":[{"href":"https:\/\/demos.uptitude.fr\/savviry1\/wp-json\/wp\/v2\/posts"}],"about":[{"href":"https:\/\/demos.uptitude.fr\/savviry1\/wp-json\/wp\/v2\/types\/post"}],"author":[{"embeddable":true,"href":"https:\/\/demos.uptitude.fr\/savviry1\/wp-json\/wp\/v2\/users\/990003"}],"replies":[{"embeddable":true,"href":"https:\/\/demos.uptitude.fr\/savviry1\/wp-json\/wp\/v2\/comments?post=5874"}],"version-history":[{"count":0,"href":"https:\/\/demos.uptitude.fr\/savviry1\/wp-json\/wp\/v2\/posts\/5874\/revisions"}],"wp:featuredmedia":[{"embeddable":true,"href":"https:\/\/demos.uptitude.fr\/savviry1\/wp-json\/"}],"wp:attachment":[{"href":"https:\/\/demos.uptitude.fr\/savviry1\/wp-json\/wp\/v2\/media?parent=5874"}],"wp:term":[{"taxonomy":"category","embeddable":true,"href":"https:\/\/demos.uptitude.fr\/savviry1\/wp-json\/wp\/v2\/categories?post=5874"},{"taxonomy":"post_tag","embeddable":true,"href":"https:\/\/demos.uptitude.fr\/savviry1\/wp-json\/wp\/v2\/tags?post=5874"}],"curies":[{"name":"wp","href":"https:\/\/api.w.org\/{rel}","templated":true}]}}