{"id":5903,"date":"2023-06-22T17:02:20","date_gmt":"2023-06-22T17:02:20","guid":{"rendered":"https:\/\/www.savigny-viry-catholique.fr\/?p=5903"},"modified":"2023-06-22T17:02:20","modified_gmt":"2023-06-22T17:02:20","slug":"j-m-j-2023-rendez-vous-a-lisbonne","status":"publish","type":"post","link":"https:\/\/demos.uptitude.fr\/savviry1\/j-m-j-2023-rendez-vous-a-lisbonne\/","title":{"rendered":"J.M.J  2023 : RDV \u00e0 Lisbonne !"},"content":{"rendered":"<p>Les Journ\u00e9es Mondiales de la Jeunesse,(JMJ) 2023, auront lieu \u00e0 Lisbonne, 12 \u00e0 15 jeunes de Savigny-Viry y seront ! . &#8230;\/&#8230;<\/p>\n<p><!--more--><\/p>\n<p>Cet \u00e9v\u00e9nement permet \u00e0 chaque jeune d\u2019aller \u00e0 la rencontre d\u2019autres jeunes du monde entier..<\/p>\n<p><img fetchpriority=\"high\" decoding=\"async\" class=\"size-medium wp-image-5913 aligncenter\" src=\"https:\/\/www.savigny-viry-catholique.fr\/wp-content\/uploads\/2022\/11\/JMJ23-01-1-300x168.jpg\" alt=\"\" width=\"300\" height=\"168\" \/><\/p>\n<p>&nbsp;<\/p>\n<p>&nbsp;<\/p>\n<p>&nbsp;<\/p>\n<p>&nbsp;<\/p>\n<p><a href=\"https:\/\/www.lejourduseigneur.com\/videos\/quelle-est-la-mission-des-jeunes-dans-leglise-2955?utm_medium=email&amp;_hsmi=73890399&amp;_hsenc=p2ANqtz-826n3ym-LulfWQBR2zsAIRnqCI5F0z435grx52vRDNLDZpVqMlgLw8ZenD3GRTpKFbCNHfzzkETbvBBZnPY4LssVRrLgRq8LUSPp4mkHuFNp0I3co&amp;utm_content=73890399&amp;utm_source=hs_email\"><img decoding=\"async\" class=\"alignnone wp-image-6451 size-full\" src=\"https:\/\/www.savigny-viry-catholique.fr\/wp-content\/uploads\/2023\/07\/JMJ01.jpg\" alt=\"\" width=\"592\" height=\"169\" \/><\/a><\/p>\n<p><span style=\"font-size: 20px;\"><strong><img decoding=\"async\" class=\"wp-image-6255 alignleft\" src=\"https:\/\/www.savigny-viry-catholique.fr\/wp-content\/uploads\/2023\/03\/jeunes-SavViry-JMJ2023-300x225.jpg\" alt=\"\" width=\"500\" height=\"375\" \/><\/strong><\/span><\/p>\n<p><span style=\"font-size: 20px;\"><strong>Sur notre Secteur Savigny-Viry Bienheureux Marcel Callo 15 jeunes\u00a0 du groupe J\u2019M SAVI(E) \u2013 <\/strong><\/span><span style=\"font-size: 16px;\"><strong>traduction : Jeunes en Mouvement de Savigny-Viry, &#8211; y prendront\u00a0 part et feront des actions pour financer leur participation. (ils ont entre 16 et 25 ans)<\/strong><\/span><\/p>\n<p><span style=\"font-size: 20px; color: #0000ff;\">Ils se sont pr\u00e9sent\u00e9s lors de la messe des familles du 18 mars \u00e0 ND d&rsquo;Esp\u00e9rance \u00e0 Savigny<\/span><\/p>\n<p>&nbsp;<\/p>\n<p><span style=\"font-size: 20px;\"><em><strong>OP\u00c9RATION PARRAINAGE<\/strong><\/em><\/span><br \/>\n<span style=\"font-size: 16px;\"><em><strong>La 17e \u00e9dition des JMJ se d\u00e9roulera cet \u00e9t\u00e9 au Portugal. Un jeune aux JMJ, c\u2019est un co\u00fbt de<\/strong><\/em><\/span><br \/>\n<span style=\"font-size: 16px;\"><em><strong>750 \u20ac par jeune (ce qui inclut le trajet en car, les logements, les repas et la participation aux<\/strong><\/em><\/span><br \/>\n<span style=\"font-size: 16px;\"><em><strong>frais divers de l\u2019\u00e9v\u00e9nement). Afin que ces JMJ soient abordables au plus grand nombre, nous<\/strong><\/em><\/span><br \/>\n<span style=\"font-size: 16px;\"><em><strong>avons besoin de votre aide ! 15 jeunes de notre secteur \u00ab Bienheureux Marcel Callo \u00bb<\/strong><\/em><\/span><br \/>\n<span style=\"font-size: 16px;\"><em><strong>sont inscrits pour y participer. Chaque don diminue le co\u00fbt support\u00e9 par les jeunes, leurs<\/strong><\/em><\/span><br \/>\n<span style=\"font-size: 16px;\"><em><strong>familles et l\u2019\u00c9glise. Nous vous invitons au financement de tout ou partie de ce d\u00e9part selon<\/strong><\/em><\/span><br \/>\n<span style=\"font-size: 16px;\"><em><strong>la mesure de vos capacit\u00e9s. Des enveloppes d\u00e9di\u00e9es sont \u00e0 votre disposition aux sorties des<\/strong><\/em><\/span><br \/>\n<span style=\"font-size: 16px;\"><em><strong>messes, jusqu\u2019au 23 juillet 2023.\u00a0<\/strong><\/em><\/span><\/p>\n<p><span style=\"font-size: 16px;\"><strong>\u00a0Merci d\u2019avance.<\/strong><\/span><\/p>\n<p>&nbsp;<\/p>\n<p>&nbsp;<\/p>\n<p><span style=\"font-size: 20px; color: #ff6600;\"><em>Vous pouvez les contacter par mail \u00e0 cette adresse :\u00a0valmen91@gmail.com<\/em><\/span><\/p>\n<p>&nbsp;<\/p>\n<p>&nbsp;<\/p>\n<p><a href=\"https:\/\/jmjdiocesedevry2023-lisbonne.venio.fr\/fr\"><strong><span style=\"font-size: 20px;\">Programme et infos pratiques ICI<\/span><\/strong><\/a><\/p>\n<p>&nbsp;<\/p>\n<p>&nbsp;<\/p>\n<p><em><strong><span style=\"font-size: 20px; color: #0000ff;\">le dimanche 19 mars, ils ont particip\u00e9 aux \u00a0\u00bbfoul\u00e9es de Savigny\u00a0\u00bb .<\/span><\/strong><\/em><\/p>\n<p>&nbsp;<\/p>\n<div class=\"vc_row wpb_row vc_inner vc_row-fluid vc_custom_1668694854906\">\n<div class=\"wpb_column vc_column_container vc_col-sm-12\">\n<div class=\"vc_column-inner\">\n<div class=\"wpb_wrapper\">\n<div class=\"wpb_text_column wpb_content_element \">\n<div class=\"wpb_wrapper\">\n<div class=\"copy-paste-block\">\n<p><strong><img loading=\"lazy\" decoding=\"async\" class=\"size-full wp-image-5905 alignleft\" src=\"https:\/\/www.savigny-viry-catholique.fr\/wp-content\/uploads\/2022\/11\/JMJ23-02.png\" alt=\"\" width=\"215\" height=\"234\" \/><span style=\"font-size: 16px;\">Jean-Paul II voulait, gr\u00e2ce aux JMJ, se rendre proche des jeunes, leur manifester la confiance que l\u2019\u00c9glise met en eux<\/span><\/strong><span style=\"font-size: 16px;\">, et leur transmettre sa foi en J\u00e9sus-Christ et son attachement \u00e0 l\u2019enseignement des \u00c9vangiles. Beno\u00eet XVI et le pape Fran\u00e7ois ont, d\u00e8s leur \u00e9lection, exprim\u00e9 leur bienveillance pour la jeunesse en prolongeant l\u2019intuition de leur pr\u00e9d\u00e9cesseur.<\/span><\/p>\n<p><span style=\"font-size: 16px;\">Les JMJ sont une \u00ab f\u00eate de la foi \u00bb, \u00e0 l\u2019occasion de laquelle\u00a0<strong>des jeunes de tous horizons et de tous pays se rencontrent et font l\u2019exp\u00e9rience de l\u2019amour de Dieu<\/strong>.<\/span><\/p>\n<p><span style=\"font-size: 16px;\">Les jeunes p\u00e8lerins des Journ\u00e9es Mondiales de la Jeunesse sont d\u2019abord accueillis par les familles du pays d\u2019accueil, lors des pr\u00e9-JMJ dans les dioc\u00e8ses de tout le pays : ce sont les \u00ab\u00a0<strong>Journ\u00e9es en Dioc\u00e8se<\/strong>\u00a0\u00bb. Ils convergent ensuite vers la m\u00e9tropole pour une\u00a0<strong>semaine d\u2019\u00e9v\u00e9nements culturels et spirituels<\/strong>, qui s\u2019ach\u00e8ve par une\u00a0<strong>veill\u00e9e de pri\u00e8re<\/strong>\u00a0et une nuit o\u00f9 tous les jeunes pr\u00e9sents sont rassembl\u00e9s en un m\u00eame lieu. La\u00a0<strong>Messe de cl\u00f4ture<\/strong>, pr\u00e9sid\u00e9e par le Saint P\u00e8re, constitue le point culminant des JMJ.<\/span><\/p>\n<\/div>\n<\/div>\n<\/div>\n<\/div>\n<p>&nbsp;<\/p>\n<\/div>\n<\/div>\n<\/div>\n<p>&nbsp;<\/p>\n<blockquote>\n<h4 style=\"text-align: center;\"><span style=\"background-color: #00ffff;\">LE THEME DE CES JOURNEES est tir\u00e9 de St Luc (1, 39)<\/span><\/h4>\n<h4 style=\"text-align: center;\"><span style=\"font-size: 20px; background-color: #00ffff;\"><em>\u00ab Marie se leva et partit en h\u00e2te \u00bb\u00a0\u00a0<\/em><\/span><\/h4>\n<\/blockquote>\n<p style=\"text-align: center;\"><strong><span style=\"font-size: 20px;\">Sur les pas de Marie\u00a0 : <a href=\"https:\/\/evry.catholique.fr\/sur-les-pas-de-marie-en-route-vers-les-jmj\/\">infos du dioc\u00e8se<\/a><\/span><\/strong><\/p>\n<p>&nbsp;<\/p>\n<p>&nbsp;<\/p>\n<p><a href=\"https:\/\/evry.catholique.fr\/informations-pratiques-pour-partir-aux-jmj-a-lisbonne-ete-2023\/\"><img loading=\"lazy\" decoding=\"async\" class=\"size-medium wp-image-5908 aligncenter\" src=\"https:\/\/www.savigny-viry-catholique.fr\/wp-content\/uploads\/2022\/11\/JMJ23-03-300x93.png\" alt=\"\" width=\"300\" height=\"93\" \/><\/a><\/p>\n<p>&nbsp;<\/p>\n<p style=\"text-align: center;\"><span style=\"font-size: 24px;\"><a href=\"https:\/\/eglise.catholique.fr\/jmj-journees-mondiales-jeunesse\/jmj-2023-lisbonne\/\"><strong>Le site officiel des JMJ &#8211; France<\/strong><\/a><\/span><\/p>\n<p>&nbsp;<\/p>\n","protected":false},"excerpt":{"rendered":"<p>Les Journ\u00e9es Mondiales de la Jeunesse,(JMJ) 2023, auront lieu \u00e0 Lisbonne, 12 \u00e0 15 jeunes de Savigny-Viry y seront ! . &#8230;\/&#8230;<\/p>\n","protected":false},"author":990003,"featured_media":6245,"comment_status":"closed","ping_status":"closed","sticky":false,"template":"","format":"standard","meta":{"give_campaign_id":0,"footnotes":""},"categories":[1],"tags":[],"class_list":["post-5903","post","type-post","status-publish","format-standard","has-post-thumbnail","hentry","category-uncategorized"],"_links":{"self":[{"href":"https:\/\/demos.uptitude.fr\/savviry1\/wp-json\/wp\/v2\/posts\/5903","targetHints":{"allow":["GET"]}}],"collection":[{"href":"https:\/\/demos.uptitude.fr\/savviry1\/wp-json\/wp\/v2\/posts"}],"about":[{"href":"https:\/\/demos.uptitude.fr\/savviry1\/wp-json\/wp\/v2\/types\/post"}],"author":[{"embeddable":true,"href":"https:\/\/demos.uptitude.fr\/savviry1\/wp-json\/wp\/v2\/users\/990003"}],"replies":[{"embeddable":true,"href":"https:\/\/demos.uptitude.fr\/savviry1\/wp-json\/wp\/v2\/comments?post=5903"}],"version-history":[{"count":0,"href":"https:\/\/demos.uptitude.fr\/savviry1\/wp-json\/wp\/v2\/posts\/5903\/revisions"}],"wp:featuredmedia":[{"embeddable":true,"href":"https:\/\/demos.uptitude.fr\/savviry1\/wp-json\/"}],"wp:attachment":[{"href":"https:\/\/demos.uptitude.fr\/savviry1\/wp-json\/wp\/v2\/media?parent=5903"}],"wp:term":[{"taxonomy":"category","embeddable":true,"href":"https:\/\/demos.uptitude.fr\/savviry1\/wp-json\/wp\/v2\/categories?post=5903"},{"taxonomy":"post_tag","embeddable":true,"href":"https:\/\/demos.uptitude.fr\/savviry1\/wp-json\/wp\/v2\/tags?post=5903"}],"curies":[{"name":"wp","href":"https:\/\/api.w.org\/{rel}","templated":true}]}}