{"id":5914,"date":"2022-11-22T12:00:30","date_gmt":"2022-11-22T12:00:30","guid":{"rendered":"https:\/\/www.savigny-viry-catholique.fr\/?p=5914"},"modified":"2022-11-22T12:00:30","modified_gmt":"2022-11-22T12:00:30","slug":"le-temps-de-lavent-2","status":"publish","type":"post","link":"https:\/\/demos.uptitude.fr\/savviry1\/le-temps-de-lavent-2\/","title":{"rendered":"Le temps de l&rsquo;Avent"},"content":{"rendered":"<p>\u00a0\u00bbL&rsquo;OFFERTOIRE\u00a0\u00bb\u00a0 une attention particuli\u00e8re \u00e0 porter lors des quatre dimanches qui\u00a0 m\u00e9nent vers No\u00ebl.\u00a0 27 Novembre 2022 : 1er dimanche de l&rsquo;Avent &#8230;\/&#8230;<\/p>\n<p><!--more--><\/p>\n<p><span style=\"font-size: 20px;\"><strong>Arr\u00eat sur image\u00a0: \u00e0 la messe, l\u2019offertoire qu\u2019est-ce que c\u2019est\u00a0?<\/strong><\/span><\/p>\n<p><span style=\"font-size: 16px;\">L\u2019ann\u00e9e liturgique commence avec le premier dimanche de l\u2019Avent.<\/span><\/p>\n<p><span style=\"font-size: 16px;\">Durant le temps de l\u2019Avent 2022, les \u00e9quipes liturgiques du secteur de Savigny-Viry souhaitent attirer notre attention sur un moment de la messe appel\u00e9 \u00ab\u00a0<em>offertoire<\/em> \u00bb. Il arrive que ce moment passe sous silence, presque inaper\u00e7u pendant la messe, soit parce que plusieurs s\u2019occupent au m\u00eame moment de la qu\u00eate, ou chantent (chant dit d\u2019offertoire). En r\u00e9alit\u00e9, un dialogue est pr\u00e9vu entre le pr\u00eatre et l\u2019assembl\u00e9e et les gestes que le c\u00e9l\u00e9brant principal accomplit sont profond\u00e9ment significatifs. Il (le pr\u00eatre), pr\u00e9sente les offrandes au nom de l\u2019assembl\u00e9e des fid\u00e8les, en premier lieu le pain et le vin, mais aussi ce que les fid\u00e8les ont apport\u00e9 pour la c\u00e9l\u00e9bration (autres offrandes, argent de la qu\u00eate \u2026).<\/span><\/p>\n<p><span style=\"font-size: 16px;\"><img fetchpriority=\"high\" decoding=\"async\" class=\"wp-image-5933 size-full alignleft\" src=\"https:\/\/www.savigny-viry-catholique.fr\/wp-content\/uploads\/2022\/11\/offertoire.jpg\" alt=\"\" width=\"275\" height=\"183\" \/>L\u2019offertoire est la partie de la messe \u00e0 la suite du Credo et de la pri\u00e8re universelle qui introduit le temps proprement eucharistique, jusqu\u2019\u00e0 la pri\u00e8re sur les offrandes. Cette pri\u00e8re sur les offrandes est dite sur cette invitation maintenant bien connue\u00a0: \u00ab\u00a0<em>Priez, Fr\u00e8res et S\u0153urs\u00a0: que mon sacrifice, qui est aussi le v\u00f4tre, soit agr\u00e9able \u00e0 Dieu le P\u00e8re tout-puissant<\/em>\u00a0\u00bb et l\u2019assembl\u00e9e de r\u00e9pondre\u00a0: \u00ab\u00a0 <em>Que le Seigneur re\u00e7oive de vos mains ce sacrifice, \u00e0 la louange et \u00e0 la gloire de son nom, pour notre bien et celui de toute l\u2019<\/em><em>\u00c9<\/em><em>glise<\/em>\u00a0\u00bb.<\/span><\/p>\n<p><span style=\"font-size: 16px;\">En r\u00e9alit\u00e9, d\u2019autres dialogues avec l\u2019assembl\u00e9e existent avant ce dernier. Les personnes qui participent aux messes en semaine y sont un peu habitu\u00e9es et encore.\u00a0 Alors durant ce temps de l\u2019Avent, pendant quatre semaines, nous aurons \u00e0 vivre ces dialogues en signe d\u2019offrandes communes \u00e0 Dieu le P\u00e8re par le Christ mort et ressuscit\u00e9 port\u00e9 par la puissance de l\u2019Esprit-Saint. Mais aussi en signe d\u2019accueil du don de Dieu le P\u00e8re, don qu\u2019il nous fait \u00e0 chacun et en tant qu\u2019assembl\u00e9e qui c\u00e9l\u00e8bre le myst\u00e8re eucharistique.<\/span><\/p>\n<p><span style=\"font-size: 16px;\">Bon temps de l\u2019Avent\u00a0!<\/span><\/p>\n<p><span style=\"font-size: 16px;\">\u00a0 \u00a0 \u00a0 \u00a0 \u00a0 \u00a0 \u00a0 \u00a0 \u00a0 \u00a0 \u00a0 \u00a0 \u00a0 \u00a0 \u00a0 \u00a0 \u00a0 \u00a0 \u00a0 \u00a0 \u00a0 \u00a0 \u00a0 \u00a0 \u00a0 \u00a0 \u00a0 \u00a0 \u00a0 \u00a0 \u00a0 \u00a0 \u00a0 \u00a0P\u00e8re Emmanuel BIDZOGO<\/span><\/p>\n<p>&nbsp;<\/p>\n<p>&nbsp;<\/p>\n<p><span style=\"font-size: 20px;\"><span style=\"background-color: #ff0000;\"><strong><span style=\"color: #ffff99;\">Le dioc\u00e8se vous propose, en cette ann\u00e9e 2022,\u00a0 CALENDRIER DE L&rsquo;AVENT EN LIGNE<\/span><\/strong><\/span> <a href=\"https:\/\/evry.tempsdelavent.fr\/inscription\/\">:<strong> voir ICI<\/strong><\/a><\/span><\/p>\n<p>&nbsp;<\/p>\n<p><strong><span style=\"font-size: 24px; color: #008000;\">FRUIT DE LA TERRE<\/span><\/strong><\/p>\n<h2><span style=\"font-size: 24px; color: #008000;\">\u00ab\u00a0les fruits de la terre doivent profiter \u00e0 tous\u00a0\u00bb<\/span><\/h2>\n<p><span style=\"font-size: 20px;\"><strong><span style=\"font-size: 16px;\">(extrait de l&rsquo;audience g\u00e9n\u00e9rale donn\u00e9e le 26 aout 2020 \u00e0 Montr\u00e9al par le pape Fran\u00e7ois )<\/span><\/strong><\/span><\/p>\n<p>&nbsp;<\/p>\n<p><span style=\"font-size: 20px;\"><strong>Pas de carte blanche sur la Terre\u00a0<\/strong><\/span><\/p>\n<p>&nbsp;<\/p>\n<p><span style=\"font-size: 16px;\"><img decoding=\"async\" class=\"alignleft wp-image-5928\" src=\"https:\/\/www.savigny-viry-catholique.fr\/wp-content\/uploads\/2022\/11\/Pomme-de-terre-200x300.jpg\" alt=\"\" width=\"300\" height=\"451\" \/>&#8230;\/&#8230; Dieu a confi\u00e9 la terre et ses ressources \u00e0 la g\u00e9rance commune de l\u2019humanit\u00e9 et nous a demand\u00e9 de la cultiver en son nom, mais \u00abattention \u00e0 ne pas interpr\u00e9ter cela comme une carte blanche pour faire de la terre ce que l\u2019on veut.\u00bb Au contraire, a poursuivi le Saint-P\u00e8re, il \u00abexiste \u00ab\u00a0une relation de r\u00e9ciprocit\u00e9 responsable\u00a0\u00bb (ibid.) entre nous et la nature. Nous recevons de la cr\u00e9ation et nous donnons \u00e0 notre tour. \u201cChaque communaut\u00e9 peut pr\u00e9lever de la bont\u00e9 de la terre ce qui lui est n\u00e9cessaire pour survivre, mais elle a aussi le devoir de la sauvegarder\u201d(ibid.).\u00bb<\/span><\/p>\n<p><span style=\"font-size: 16px;\">La terre a \u00e9t\u00e9 donn\u00e9e \u00ab\u00e0 tout le genre humain\u00bb, \u00abil est donc de notre devoir de faire en sorte que ses fruits arrivent \u00e0 tous, et pas seulement \u00e0 quelques-uns\u00bb. Et pour cela, l\u2019autorit\u00e9 politique doit r\u00e9guler l\u2019exercice l\u00e9gitime du droit de propri\u00e9t\u00e9. Car les propri\u00e9t\u00e9s et l\u2019argent sont \u00abdes instruments qui peuvent servir \u00e0 la mission\u00bb, \u00abmais nous les transformons facilement en fins, individuelles ou collectives\u00bb, et ce faisant, \u00abon porte atteinte aux valeurs humaines essentielles\u00bb, \u00abl\u2019homo sapiens se d\u00e9forme et devient une esp\u00e8ce d\u2019homo \u0153conomicus \u2013 dans le mauvais sens du terme \u2013 individualiste, calculateur et dominateur.\u00bb, a continu\u00e9 Fran\u00e7ois. L\u2019\u00eatre humain oublie alors qu\u2019il a \u00e9t\u00e9 cr\u00e9\u00e9 \u00e0 l\u2019image de Dieu. \u00a0<\/span><\/p>\n<p><span style=\"font-size: 16px;\">Ainsi, \u00abquand l\u2019obsession de poss\u00e9der et de dominer exclut des millions de personnes des biens primaires ; quand l\u2019in\u00e9galit\u00e9 \u00e9conomique et technologique est telle qu\u2019elle d\u00e9chire le tissu social ; et quand la d\u00e9pendance vis-\u00e0-vis d\u2019un progr\u00e8s mat\u00e9riel illimit\u00e9 menace la maison commune, alors nous ne pouvons pas rester impassibles. Non, cela est d\u00e9solant.\u00bb Le Souverain Pontife a donc invit\u00e9 chacun \u00e0 agir ensemble, \u00abL\u2019esp\u00e9rance chr\u00e9tienne, enracin\u00e9e en Dieu, est notre ancre.\u00bb\u00a0<\/span><\/p>\n<p><span style=\"font-size: 16px;\">Les premi\u00e8res communaut\u00e9s chr\u00e9tiennes qui ont v\u00e9cu des p\u00e9riodes difficiles l\u2019avaient elles bien compris et avaient mis tout leurs bien en commun. \u00abPuissent les communaut\u00e9s chr\u00e9tiennes du XXIe si\u00e8cle retrouver cette r\u00e9alit\u00e9\u00bb. En conclusion, a estim\u00e9 Fran\u00e7ois, \u00abSi nous prenons soin des biens que le Cr\u00e9ateur nous donne, si nous mettons en commun ce que nous poss\u00e9dons de fa\u00e7on \u00e0 ce que personne ne manque de rien, alors nous pourrons v\u00e9ritablement inspirer l\u2019esp\u00e9rance pour faire rena\u00eetre un monde plus sain et plus \u00e9quitable.\u00bb<\/span><\/p>\n<div class=\"elementor-element elementor-element-2febceb elementor-widget elementor-widget-text-editor\" data-id=\"2febceb\" data-element_type=\"widget\" data-widget_type=\"text-editor.default\">\n<div class=\"elementor-widget-container\">\n<div class=\"elementor-text-editor elementor-clearfix\">\n<h2><em>&#8211;<span style=\"font-size: 16px;\"> texte complet sur le <a href=\"https:\/\/diocesemontreal.org\/fr\/actualites\/nouvelles\/audience-generale-fruits-terre-doivent-profiter-tous\">site de l&rsquo;\u00e9glise de Montr\u00e9al &#8211;<\/a><\/span><\/em><\/h2>\n<h2><\/h2>\n<h2 class=\"nocolor mb-0\"><span style=\"font-size: 20px;\"><strong>\u00catr<\/strong><\/span><span style=\"font-size: 20px;\"><strong>e au rendez-vous<\/strong><\/span><\/h2>\n<\/div>\n<\/div>\n<\/div>\n<div class=\"elementor-element elementor-element-a08d4f8 elementor-widget elementor-widget-text-editor\" data-id=\"a08d4f8\" data-element_type=\"widget\" data-widget_type=\"text-editor.default\">\n<div class=\"elementor-widget-container\">\n<div class=\"elementor-text-editor elementor-clearfix\">\n<p>J\u00e9sus invite chacun \u00e0 \u00eatre aux rendez-vous essentiels de son existence et \u00e0 faire ce qui importe. L\u2019Avent nous entra\u00eene \u00e0 prendre soin du temps qui passe et \u00e0 habiter chaque journ\u00e9e qui nous s\u00e9pare de No\u00ebl. Prenons le temps, en ce premier jour de l\u2019Avent, d\u2019une lecture sainte de l\u2019\u00e9vangile de ce dimanche avec Marie-Laure Durand, bibliste.<\/p>\n<p>(source : Prions en \u00e9glise)<\/p>\n<\/div>\n<p>&nbsp;<\/p>\n<\/div>\n<\/div>\n","protected":false},"excerpt":{"rendered":"<p>\u00a0\u00bbL&rsquo;OFFERTOIRE\u00a0\u00bb\u00a0 une attention particuli\u00e8re \u00e0 porter lors des quatre dimanches qui\u00a0 m\u00e9nent vers No\u00ebl.\u00a0 27 Novembre 2022 : 1er dimanche de l&rsquo;Avent &#8230;\/&#8230;<\/p>\n","protected":false},"author":990003,"featured_media":5011,"comment_status":"closed","ping_status":"closed","sticky":false,"template":"","format":"standard","meta":{"give_campaign_id":0,"footnotes":""},"categories":[1],"tags":[],"class_list":["post-5914","post","type-post","status-publish","format-standard","has-post-thumbnail","hentry","category-uncategorized"],"_links":{"self":[{"href":"https:\/\/demos.uptitude.fr\/savviry1\/wp-json\/wp\/v2\/posts\/5914","targetHints":{"allow":["GET"]}}],"collection":[{"href":"https:\/\/demos.uptitude.fr\/savviry1\/wp-json\/wp\/v2\/posts"}],"about":[{"href":"https:\/\/demos.uptitude.fr\/savviry1\/wp-json\/wp\/v2\/types\/post"}],"author":[{"embeddable":true,"href":"https:\/\/demos.uptitude.fr\/savviry1\/wp-json\/wp\/v2\/users\/990003"}],"replies":[{"embeddable":true,"href":"https:\/\/demos.uptitude.fr\/savviry1\/wp-json\/wp\/v2\/comments?post=5914"}],"version-history":[{"count":0,"href":"https:\/\/demos.uptitude.fr\/savviry1\/wp-json\/wp\/v2\/posts\/5914\/revisions"}],"wp:featuredmedia":[{"embeddable":true,"href":"https:\/\/demos.uptitude.fr\/savviry1\/wp-json\/"}],"wp:attachment":[{"href":"https:\/\/demos.uptitude.fr\/savviry1\/wp-json\/wp\/v2\/media?parent=5914"}],"wp:term":[{"taxonomy":"category","embeddable":true,"href":"https:\/\/demos.uptitude.fr\/savviry1\/wp-json\/wp\/v2\/categories?post=5914"},{"taxonomy":"post_tag","embeddable":true,"href":"https:\/\/demos.uptitude.fr\/savviry1\/wp-json\/wp\/v2\/tags?post=5914"}],"curies":[{"name":"wp","href":"https:\/\/api.w.org\/{rel}","templated":true}]}}