{"id":5952,"date":"2022-12-01T22:13:20","date_gmt":"2022-12-01T22:13:20","guid":{"rendered":"https:\/\/www.savigny-viry-catholique.fr\/?p=5952"},"modified":"2022-12-01T22:13:20","modified_gmt":"2022-12-01T22:13:20","slug":"la-chorale-coeur-denfants","status":"publish","type":"post","link":"https:\/\/demos.uptitude.fr\/savviry1\/la-chorale-coeur-denfants\/","title":{"rendered":"La chorale \u00a0\u00bb Coeur d&rsquo;Enfants\u00a0\u00bb"},"content":{"rendered":"<p>Les jeunes vous invitent le 11 d\u00e9cembre &#8230;\/&#8230;<\/p>\n<p><!--more--><\/p>\n<p>&nbsp;<\/p>\n<p style=\"text-align: left;\"><b><img fetchpriority=\"high\" decoding=\"async\" class=\"wp-image-5949 size-full alignleft\" src=\"https:\/\/www.savigny-viry-catholique.fr\/wp-content\/uploads\/2022\/11\/Flyer-test-copie.jpg\" alt=\"\" width=\"595\" height=\"842\" \/><\/b><\/p>\n<p>&nbsp;<\/p>\n<p>&nbsp;<\/p>\n<p style=\"text-align: left;\"><b><span style=\"font-size: 20px; color: #0000ff;\">Dimanche 11 d\u00e9cembre \u00e0 16h00, <\/span><\/b><\/p>\n<p style=\"text-align: left;\"><b><span style=\"font-size: 20px; color: #0000ff;\">\u00e9glise du St Esprit \u00e0 Viry. <\/span><\/b><\/p>\n<p style=\"text-align: left;\"><b><span style=\"font-size: 20px; color: #0000ff;\">Les jeunes de la chorale Coeur d&rsquo;Enfants <\/span><\/b><\/p>\n<p style=\"text-align: left;\"><b><span style=\"font-size: 20px; color: #0000ff;\">donneront un concert de No\u00ebl au profit des jeunes <\/span><\/b><\/p>\n<p style=\"text-align: left;\"><b><span style=\"font-size: 20px; color: #0000ff;\">qui participeront aux JMJ \u00e0 Lisbonne \u00e0 l&rsquo;\u00e9t\u00e9 2023<\/span><\/b><\/p>\n<p>&nbsp;<\/p>\n<p><span style=\"font-size: 20px;\">Suivez les sur instagram<\/span><\/p>\n<p><img decoding=\"async\" class=\"alignnone wp-image-5950\" src=\"https:\/\/www.savigny-viry-catholique.fr\/wp-content\/uploads\/2022\/11\/Dos-flyer-2-2-copie-212x300.jpg\" alt=\"\" width=\"350\" height=\"495\" \/><\/p>\n","protected":false},"excerpt":{"rendered":"<p>Les jeunes vous invitent le 11 d\u00e9cembre &#8230;\/&#8230;<\/p>\n","protected":false},"author":990003,"featured_media":5958,"comment_status":"closed","ping_status":"closed","sticky":false,"template":"","format":"standard","meta":{"give_campaign_id":0,"footnotes":""},"categories":[1],"tags":[],"class_list":["post-5952","post","type-post","status-publish","format-standard","has-post-thumbnail","hentry","category-uncategorized"],"_links":{"self":[{"href":"https:\/\/demos.uptitude.fr\/savviry1\/wp-json\/wp\/v2\/posts\/5952","targetHints":{"allow":["GET"]}}],"collection":[{"href":"https:\/\/demos.uptitude.fr\/savviry1\/wp-json\/wp\/v2\/posts"}],"about":[{"href":"https:\/\/demos.uptitude.fr\/savviry1\/wp-json\/wp\/v2\/types\/post"}],"author":[{"embeddable":true,"href":"https:\/\/demos.uptitude.fr\/savviry1\/wp-json\/wp\/v2\/users\/990003"}],"replies":[{"embeddable":true,"href":"https:\/\/demos.uptitude.fr\/savviry1\/wp-json\/wp\/v2\/comments?post=5952"}],"version-history":[{"count":0,"href":"https:\/\/demos.uptitude.fr\/savviry1\/wp-json\/wp\/v2\/posts\/5952\/revisions"}],"wp:featuredmedia":[{"embeddable":true,"href":"https:\/\/demos.uptitude.fr\/savviry1\/wp-json\/"}],"wp:attachment":[{"href":"https:\/\/demos.uptitude.fr\/savviry1\/wp-json\/wp\/v2\/media?parent=5952"}],"wp:term":[{"taxonomy":"category","embeddable":true,"href":"https:\/\/demos.uptitude.fr\/savviry1\/wp-json\/wp\/v2\/categories?post=5952"},{"taxonomy":"post_tag","embeddable":true,"href":"https:\/\/demos.uptitude.fr\/savviry1\/wp-json\/wp\/v2\/tags?post=5952"}],"curies":[{"name":"wp","href":"https:\/\/api.w.org\/{rel}","templated":true}]}}