{"id":5959,"date":"2022-12-08T12:00:12","date_gmt":"2022-12-08T12:00:12","guid":{"rendered":"https:\/\/www.savigny-viry-catholique.fr\/?p=5959"},"modified":"2022-12-08T12:00:12","modified_gmt":"2022-12-08T12:00:12","slug":"3-eme-dimanche-de-lavent-2","status":"publish","type":"post","link":"https:\/\/demos.uptitude.fr\/savviry1\/3-eme-dimanche-de-lavent-2\/","title":{"rendered":"3 \u00e8me dimanche de l&rsquo;Avent"},"content":{"rendered":"<p>Dimanche 11 d\u00e9cembre : Dimanche de la joie &#8211;\u00a0 C\u2019est le moment de reprendre souffle dans notre marche vers No\u00ebl&#8230;.\/&#8230;<!--more--><\/p>\n<p>&nbsp;<\/p>\n<p><span style=\"font-size: 20px;\">\u00ab\u00a0Savoir que Dieu est proche, attentif et plein de compassion, (&#8230;), qu\u2019il est un p\u00e8re mis\u00e9ricordieux qui s\u2019int\u00e9resse \u00e0 nous dans le respect de notre libert\u00e9, est motif d\u2019une joie profonde\u00a0\u00bb (saint Jean-Paul II).<\/span><\/p>\n<p><span style=\"font-size: 20px;\">\u00a0Le temps de l\u2019attente peut nous \u00e9puiser si nous perdons de vue celui que nous attendons. Les lectures d\u2019aujourd\u2019hui nous rappellent que le Sauveur apporte la joie de la lib\u00e9ration,<\/span><\/p>\n<p>&nbsp;<\/p>\n<p><span style=\"font-size: 20px;\"><strong><img fetchpriority=\"high\" decoding=\"async\" class=\"alignleft wp-image-5988\" src=\"https:\/\/www.savigny-viry-catholique.fr\/wp-content\/uploads\/2022\/12\/Rejouis-toi--300x211.jpg\" alt=\"\" width=\"450\" height=\"317\" \/><\/strong><\/span><\/p>\n<p>&nbsp;<\/p>\n<p>&nbsp;<\/p>\n<p>&nbsp;<\/p>\n<p><span style=\"font-size: 20px;\"><strong>Cette semaine, les textes de ce 3\u00e8me dimanche de l\u2019Avent<\/strong><\/span><span style=\"font-size: 20px;\"><strong> nous invitent \u00e0 voir le fruit le plus beau que doit produire en nous le myst\u00e8re de No\u00ebl, le myst\u00e8re de Dieu avec nous\u00a0: la joie.<\/strong><\/span><\/p>\n<p>&nbsp;<\/p>\n<p>&nbsp;<\/p>\n<p><span style=\"color: #0000ff;\"><strong><span style=\"font-size: 20px;\">Isa\u00efe, avec ses appels \u00e0 la joie et sa vision ample du salut, donne le ton qui anticipe la joie prochaine de la naissance du Sauveur.<\/span><\/strong><\/span><\/p>\n<p>&nbsp;<\/p>\n<p>&nbsp;<\/p>\n<p>&nbsp;<\/p>\n<p><span style=\"font-size: 20px;\">Se r\u00e9jouir, exulter, crier de joie, \u00eatre dans l\u2019all\u00e9gresse, le texte d\u2019Isa\u00efe 35 ne manque pas d\u2019insister lourdement sur l\u2019appel \u00e0 la joie que doit susciter en nous la venue du Sauveur, du r\u00e9dempteur, de Dieu avec nous, l\u2019Emmanuel. Mais, a-t-on tant de motifs de se r\u00e9jouir ? Tout va mal, la guerre, les abus, la crise \u00e9nerg\u00e9tique, l\u2019inflation. C\u2019est la crise et pas de sauveur \u00e0 l\u2019horizon ! Quand le proph\u00e8te Isa\u00efe \u00e9crit, la situation n\u2019est gu\u00e8re meilleure : temps de guerre et d\u2019incertitudes, interrogations sur ce qu\u2019il faut faire pour \u00e9viter le chaos, injustice sociale et perte de rep\u00e8res. Le proph\u00e8te ne s\u2019adresse pas \u00e0 des gens pour qui tout va bien, mais plut\u00f4t \u00e0 des gens qui s\u2019affolent. Pourtant il leur dit au nom de Dieu : \u00ab Prenez courage, ne craignez pas. Voici votre Dieu\u2026 Il vient lui-m\u00eame et vient vous sauver. \u00bb Il ne faut pas s\u2019\u00e9tonner que le message des proph\u00e8tes ait \u00e9t\u00e9 mal re\u00e7u, il va \u00e0 l\u2019encontre de tout bon sens et de toute logique, il est utopique et certains pensent qu\u2019il trompe les gens par des promesses illusoires. La foi dans le sauveur n\u2019est-elle pas qu\u2019une illusion ? Tant de voix continuent de nous le dire aujourd\u2019hui.<\/span><\/p>\n<p><span style=\"font-size: 20px;\">P. Damien Stampers. (dioc\u00e8se de Blois)<\/span><\/p>\n","protected":false},"excerpt":{"rendered":"<p>Dimanche 11 d\u00e9cembre : Dimanche de la joie &#8211;\u00a0 C\u2019est le moment de reprendre souffle dans notre marche vers No\u00ebl&#8230;.\/&#8230;<\/p>\n","protected":false},"author":990003,"featured_media":5961,"comment_status":"closed","ping_status":"closed","sticky":false,"template":"","format":"standard","meta":{"give_campaign_id":0,"footnotes":""},"categories":[1],"tags":[],"class_list":["post-5959","post","type-post","status-publish","format-standard","has-post-thumbnail","hentry","category-uncategorized"],"_links":{"self":[{"href":"https:\/\/demos.uptitude.fr\/savviry1\/wp-json\/wp\/v2\/posts\/5959","targetHints":{"allow":["GET"]}}],"collection":[{"href":"https:\/\/demos.uptitude.fr\/savviry1\/wp-json\/wp\/v2\/posts"}],"about":[{"href":"https:\/\/demos.uptitude.fr\/savviry1\/wp-json\/wp\/v2\/types\/post"}],"author":[{"embeddable":true,"href":"https:\/\/demos.uptitude.fr\/savviry1\/wp-json\/wp\/v2\/users\/990003"}],"replies":[{"embeddable":true,"href":"https:\/\/demos.uptitude.fr\/savviry1\/wp-json\/wp\/v2\/comments?post=5959"}],"version-history":[{"count":0,"href":"https:\/\/demos.uptitude.fr\/savviry1\/wp-json\/wp\/v2\/posts\/5959\/revisions"}],"wp:featuredmedia":[{"embeddable":true,"href":"https:\/\/demos.uptitude.fr\/savviry1\/wp-json\/"}],"wp:attachment":[{"href":"https:\/\/demos.uptitude.fr\/savviry1\/wp-json\/wp\/v2\/media?parent=5959"}],"wp:term":[{"taxonomy":"category","embeddable":true,"href":"https:\/\/demos.uptitude.fr\/savviry1\/wp-json\/wp\/v2\/categories?post=5959"},{"taxonomy":"post_tag","embeddable":true,"href":"https:\/\/demos.uptitude.fr\/savviry1\/wp-json\/wp\/v2\/tags?post=5959"}],"curies":[{"name":"wp","href":"https:\/\/api.w.org\/{rel}","templated":true}]}}