{"id":5965,"date":"2022-12-08T14:32:10","date_gmt":"2022-12-08T14:32:10","guid":{"rendered":"https:\/\/www.savigny-viry-catholique.fr\/?p=5965"},"modified":"2022-12-08T14:32:10","modified_gmt":"2022-12-08T14:32:10","slug":"4-eme-dimanche-de-lavent-2","status":"publish","type":"post","link":"https:\/\/demos.uptitude.fr\/savviry1\/4-eme-dimanche-de-lavent-2\/","title":{"rendered":"4 \u00e8me dimanche de l&rsquo;Avent"},"content":{"rendered":"<p>Dimanche 18 d\u00e9cembre :\u00a0\u00bb <span style=\"font-size: 16px;\">Quand Joseph se r\u00e9veilla, il fit ce que l\u2019ange du Seigneur lui avait prescrit &#8230;\/&#8230;<\/span><\/p>\n<p><!--more--><\/p>\n<p><span style=\"font-size: 16px;\"><strong><img fetchpriority=\"high\" decoding=\"async\" class=\"size-medium wp-image-6016 alignleft\" src=\"https:\/\/www.savigny-viry-catholique.fr\/wp-content\/uploads\/2022\/12\/Songe_de_St_Joseph_Fiume_Croatie_4367ee27b6-200x300.jpg\" alt=\"\" width=\"200\" height=\"300\" \/><\/strong><\/span><\/p>\n<p>&nbsp;<\/p>\n<p>&nbsp;<\/p>\n<p>&nbsp;<\/p>\n<p><span style=\"font-size: 20px;\"><strong>Quand Joseph se r\u00e9veilla, il fit ce que l\u2019ange du Seigneur lui avait prescrit\u00a0: il prit chez lui son \u00e9pouse,<\/strong><\/span><\/p>\n<p><span style=\"font-size: 20px;\">Prenons le temps, en ce quatri\u00e8me dimanche de l\u2019Avent, d\u2019une lecture sainte de l\u2019\u00e9vangile de ce dimanche avec Marie-Laure Durand, bibliste.<\/span><\/p>\n<p><span style=\"font-size: 20px;\">(Source Prions en \u00e9glise)<\/span><\/p>\n<audio class=\"wp-audio-shortcode\" id=\"audio-5965-1\" preload=\"none\" style=\"width: 100%;\" controls=\"controls\"><source type=\"audio\/mpeg\" src=\"https:\/\/www.savigny-viry-catholique.fr\/wp-content\/uploads\/2022\/12\/podcast-Avent-4-decembre-2022_mixage-final.mp3?_=1\" \/><a href=\"https:\/\/www.savigny-viry-catholique.fr\/wp-content\/uploads\/2022\/12\/podcast-Avent-4-decembre-2022_mixage-final.mp3\">https:\/\/www.savigny-viry-catholique.fr\/wp-content\/uploads\/2022\/12\/podcast-Avent-4-decembre-2022_mixage-final.mp3<\/a><\/audio>\n<p>&nbsp;<\/p>\n<p><span style=\"font-size: 16px;\">Durant le temps de l\u2019Avent 2022, les \u00e9quipes liturgiques du secteur de Savigny-Viry souhaitent attirer notre attention sur un moment de la messe appel\u00e9 \u00ab\u00a0<em>offertoire<\/em> \u00bb.\u00a0<\/span><\/p>\n<p><span style=\"font-size: 16px;\">Un dialogue est pr\u00e9vu entre le pr\u00eatre et l\u2019assembl\u00e9e et les gestes que le c\u00e9l\u00e9brant principal accomplit sont profond\u00e9ment significatifs. Il (le pr\u00eatre), pr\u00e9sente les offrandes au nom de l\u2019assembl\u00e9e des fid\u00e8les, en premier lieu le pain et le vin, mais aussi ce que les fid\u00e8les ont apport\u00e9 pour la c\u00e9l\u00e9bration (autres offrandes, argent de la qu\u00eate \u2026).<\/span><\/p>\n<p><span style=\"font-size: 16px;\">L\u2019offertoire est la partie de la messe \u00e0 la suite du Credo et de la pri\u00e8re universelle qui introduit le temps proprement eucharistique, jusqu\u2019\u00e0 la pri\u00e8re sur les offrandes. Cette pri\u00e8re sur les offrandes est dite sur cette invitation maintenant bien connue : \u00ab\u00a0<em>Priez, Fr\u00e8res et S\u0153urs\u00a0: que mon sacrifice, qui est aussi le v\u00f4tre, soit agr\u00e9able \u00e0 Dieu le P\u00e8re tout-puissant<\/em>\u00a0\u00bb et l\u2019assembl\u00e9e de r\u00e9pondre\u00a0: \u00ab\u00a0 <em>Que le Seigneur re\u00e7oive de vos mains ce sacrifice, \u00e0 la louange et \u00e0 la gloire de son nom, pour notre bien et celui de toute l\u2019<\/em><em>\u00c9<\/em><em>glise<\/em>\u00a0\u00bb.<\/span><\/p>\n<p><span style=\"font-size: 16px;\">En ce 4eme dimanche de l&rsquo;Avent, vivons ce dialogue en signe d\u2019offrandes communes \u00e0 Dieu le P\u00e8re par le Christ mort et ressuscit\u00e9 port\u00e9 par la puissance de l\u2019Esprit-Saint. Mais aussi en signe d\u2019accueil du don de Dieu le P\u00e8re, don qu\u2019il nous fait \u00e0 chacun et en tant qu\u2019assembl\u00e9e qui c\u00e9l\u00e8bre le myst\u00e8re eucharistique.<\/span><\/p>\n<p>&nbsp;<\/p>\n<p><span style=\"font-size: 16px;\">\u00a0 \u00a0 \u00a0 \u00a0 \u00a0 \u00a0 \u00a0 \u00a0 \u00a0 \u00a0 \u00a0 \u00a0 \u00a0 \u00a0 \u00a0 \u00a0 \u00a0 \u00a0 \u00a0 \u00a0 \u00a0 \u00a0 \u00a0 \u00a0 \u00a0 \u00a0 \u00a0 \u00a0 \u00a0 \u00a0 \u00a0 \u00a0 \u00a0 \u00a0P\u00e8re Emmanuel BIDZOGO<\/span><\/p>\n<p>&nbsp;<\/p>\n<p><span style=\"font-size: 16px;\"><em><img decoding=\"async\" class=\"wp-image-5969 alignleft\" src=\"https:\/\/www.savigny-viry-catholique.fr\/wp-content\/uploads\/2022\/11\/Vin-du-royaume.jpg\" alt=\"\" width=\"400\" height=\"266\" \/><\/em><\/span><\/p>\n<p>&nbsp;<\/p>\n<p>&nbsp;<\/p>\n<p><span style=\"font-size: 16px;\"><em>\u00ab\u00a0Tu es b\u00e9ni, Dieu de l\u2019univers,<\/em><\/span><br \/>\n<span style=\"font-size: 16px;\"><em>Toi qui nous donnes ce vin,<\/em><\/span><br \/>\n<span style=\"font-size: 16px;\"><em>Fruit de la vigne et du travail des hommes ;<\/em><\/span><br \/>\n<span style=\"font-size: 16px;\"><em>Nous te le pr\u00e9sentons :<\/em><\/span><br \/>\n<span style=\"font-size: 16px;\"><em><span style=\"color: #0000ff;\"><strong>Il deviendra le vin du Royaume \u00e9ternel.\u00a0\u00bb<\/strong><\/span><\/em><\/span><\/p>\n<p>B\u00c9NI SOIT DIEU, MAINTENANT ET TOUJOURS!<\/p>\n<p>&nbsp;<\/p>\n<p>&nbsp;<\/p>\n<p>&nbsp;<\/p>\n<p>&nbsp;<\/p>\n","protected":false},"excerpt":{"rendered":"<p>Dimanche 18 d\u00e9cembre :\u00a0\u00bb Quand Joseph se r\u00e9veilla, il fit ce que l\u2019ange du Seigneur lui avait prescrit &#8230;\/&#8230;<\/p>\n","protected":false},"author":990003,"featured_media":6020,"comment_status":"closed","ping_status":"closed","sticky":false,"template":"","format":"standard","meta":{"give_campaign_id":0,"footnotes":""},"categories":[1],"tags":[],"class_list":["post-5965","post","type-post","status-publish","format-standard","has-post-thumbnail","hentry","category-uncategorized"],"_links":{"self":[{"href":"https:\/\/demos.uptitude.fr\/savviry1\/wp-json\/wp\/v2\/posts\/5965","targetHints":{"allow":["GET"]}}],"collection":[{"href":"https:\/\/demos.uptitude.fr\/savviry1\/wp-json\/wp\/v2\/posts"}],"about":[{"href":"https:\/\/demos.uptitude.fr\/savviry1\/wp-json\/wp\/v2\/types\/post"}],"author":[{"embeddable":true,"href":"https:\/\/demos.uptitude.fr\/savviry1\/wp-json\/wp\/v2\/users\/990003"}],"replies":[{"embeddable":true,"href":"https:\/\/demos.uptitude.fr\/savviry1\/wp-json\/wp\/v2\/comments?post=5965"}],"version-history":[{"count":0,"href":"https:\/\/demos.uptitude.fr\/savviry1\/wp-json\/wp\/v2\/posts\/5965\/revisions"}],"wp:featuredmedia":[{"embeddable":true,"href":"https:\/\/demos.uptitude.fr\/savviry1\/wp-json\/"}],"wp:attachment":[{"href":"https:\/\/demos.uptitude.fr\/savviry1\/wp-json\/wp\/v2\/media?parent=5965"}],"wp:term":[{"taxonomy":"category","embeddable":true,"href":"https:\/\/demos.uptitude.fr\/savviry1\/wp-json\/wp\/v2\/categories?post=5965"},{"taxonomy":"post_tag","embeddable":true,"href":"https:\/\/demos.uptitude.fr\/savviry1\/wp-json\/wp\/v2\/tags?post=5965"}],"curies":[{"name":"wp","href":"https:\/\/api.w.org\/{rel}","templated":true}]}}