{"id":6004,"date":"2022-12-19T12:06:46","date_gmt":"2022-12-19T12:06:46","guid":{"rendered":"https:\/\/www.savigny-viry-catholique.fr\/?p=6004"},"modified":"2022-12-19T12:06:46","modified_gmt":"2022-12-19T12:06:46","slug":"lumiere-de-la-paix-2","status":"publish","type":"post","link":"https:\/\/demos.uptitude.fr\/savviry1\/lumiere-de-la-paix-2\/","title":{"rendered":"Lumi\u00e8re de la Paix"},"content":{"rendered":"<p>Video enregistr\u00e9e\u00a0 le Dimanche 18 \u00e0 l\u2019\u00e9glise Sainte Th\u00e9r\u00e8se de Savigny\u00a0 \u00e0 11h\u00a0 &#8230;\/&#8230;<\/p>\n<p><!--more--><\/p>\n<p><img fetchpriority=\"high\" decoding=\"async\" class=\"size-medium wp-image-6006 alignleft\" src=\"https:\/\/www.savigny-viry-catholique.fr\/wp-content\/uploads\/2022\/12\/vlcsnap-2022-12-10-12h55m50s214-300x169.png\" alt=\"\" width=\"300\" height=\"169\" \/><\/p>\n<p>&nbsp;<\/p>\n<p><span style=\"color: #993300;\"><strong><span style=\"font-size: 20px;\">\u00c0 l\u2019approche de No\u00ebl, les Scouts et Guides de France (catholiques) et les \u00c9claireuses et \u00c9claireurs unionistes de France (protestants) nous proposent une magnifique d\u00e9marche intitul\u00e9e<\/span><\/strong><\/span><br \/>\n<span style=\"color: #993300;\"><strong><span style=\"font-size: 20px;\">Lumi\u00e8re de la paix de Bethl\u00e9em. <\/span><\/strong><\/span><\/p>\n<p><span style=\"color: #993300;\"><strong><span style=\"font-size: 20px;\">Allum\u00e9e dans la grotte de la Nativit\u00e9, \u00e0 Bethl\u00e9em, cette lumi\u00e8re diffus\u00e9e en France et dans toute l\u2019Europe, repr\u00e9sente un symbole de paix qui peut \u00eatre transmis de paroisses en paroisses, de familles en familles, de proches en proches.<\/span><\/strong><\/span><\/p>\n<p>&nbsp;<\/p>\n<p style=\"text-align: center;\"><span style=\"font-size: 20px; background-color: #ffff00;\"><strong>Les Scouts et Guides de France du secteur apporteront\u00a0<\/strong><\/span><\/p>\n<p style=\"text-align: center;\"><span style=\"font-size: 20px; background-color: #ffff00; color: #ff0000;\"><strong> la lumi\u00e8re de B\u00e9thl\u00e9em\u00a0<\/strong><\/span><\/p>\n<p style=\"text-align: center;\"><span style=\"font-size: 20px; background-color: #ffff00;\"><strong>Dimanche 18 d\u00e9cembre\u00a0 \u00e0 l\u2019\u00e9glise Sainte Th\u00e9r\u00e8se de Savigny\u00a0 \u00e0 11h<\/strong><\/span><\/p>\n<p>&nbsp;<\/p>\n<p style=\"text-align: center;\"><span style=\"font-size: 16px;\"><strong><span style=\"color: #0000ff;\">Cliquez sur l&rsquo;image ci-dessous pour voir la vid\u00e9o<\/span><\/strong><\/span><\/p>\n<p>&nbsp;<\/p>\n<p><a href=\"https:\/\/vimeo.com\/784255803\"><img decoding=\"async\" class=\"size-full wp-image-6037 aligncenter\" src=\"https:\/\/www.savigny-viry-catholique.fr\/wp-content\/uploads\/2022\/12\/Capture.jpg\" alt=\"\" width=\"235\" height=\"128\" \/><\/a><\/p>\n","protected":false},"excerpt":{"rendered":"<p>Video enregistr\u00e9e\u00a0 le Dimanche 18 \u00e0 l\u2019\u00e9glise Sainte Th\u00e9r\u00e8se de Savigny\u00a0 \u00e0 11h\u00a0 &#8230;\/&#8230;<\/p>\n","protected":false},"author":990003,"featured_media":6003,"comment_status":"closed","ping_status":"closed","sticky":false,"template":"","format":"standard","meta":{"give_campaign_id":0,"footnotes":""},"categories":[1],"tags":[],"class_list":["post-6004","post","type-post","status-publish","format-standard","has-post-thumbnail","hentry","category-uncategorized"],"_links":{"self":[{"href":"https:\/\/demos.uptitude.fr\/savviry1\/wp-json\/wp\/v2\/posts\/6004","targetHints":{"allow":["GET"]}}],"collection":[{"href":"https:\/\/demos.uptitude.fr\/savviry1\/wp-json\/wp\/v2\/posts"}],"about":[{"href":"https:\/\/demos.uptitude.fr\/savviry1\/wp-json\/wp\/v2\/types\/post"}],"author":[{"embeddable":true,"href":"https:\/\/demos.uptitude.fr\/savviry1\/wp-json\/wp\/v2\/users\/990003"}],"replies":[{"embeddable":true,"href":"https:\/\/demos.uptitude.fr\/savviry1\/wp-json\/wp\/v2\/comments?post=6004"}],"version-history":[{"count":0,"href":"https:\/\/demos.uptitude.fr\/savviry1\/wp-json\/wp\/v2\/posts\/6004\/revisions"}],"wp:featuredmedia":[{"embeddable":true,"href":"https:\/\/demos.uptitude.fr\/savviry1\/wp-json\/"}],"wp:attachment":[{"href":"https:\/\/demos.uptitude.fr\/savviry1\/wp-json\/wp\/v2\/media?parent=6004"}],"wp:term":[{"taxonomy":"category","embeddable":true,"href":"https:\/\/demos.uptitude.fr\/savviry1\/wp-json\/wp\/v2\/categories?post=6004"},{"taxonomy":"post_tag","embeddable":true,"href":"https:\/\/demos.uptitude.fr\/savviry1\/wp-json\/wp\/v2\/tags?post=6004"}],"curies":[{"name":"wp","href":"https:\/\/api.w.org\/{rel}","templated":true}]}}