{"id":6025,"date":"2022-12-21T06:02:23","date_gmt":"2022-12-21T06:02:23","guid":{"rendered":"https:\/\/www.savigny-viry-catholique.fr\/?p=6025"},"modified":"2022-12-21T06:02:23","modified_gmt":"2022-12-21T06:02:23","slug":"noel-2022","status":"publish","type":"post","link":"https:\/\/demos.uptitude.fr\/savviry1\/noel-2022\/","title":{"rendered":"No\u00ebl 2022"},"content":{"rendered":"<p>Dimanche 25 d\u00e9cembre &#8211; \u00ab\u00a0Enfant de la communion c\u2019est No\u00ebl !\u00a0\u00bb &#8230;\/&#8230;<\/p>\n<p><!--more--><\/p>\n<p><em><strong><span style=\"font-size: 20px;\">Enfant de la communion c\u2019est No\u00ebl\u00a0!<\/span><\/strong><\/em><\/p>\n<p><span style=\"font-size: 20px;\">No\u00ebl est une belle f\u00eate qui \u00e9voque tant de souvenirs, ceux de l\u2019enfance comme ceux de nos diff\u00e9rentes situations de vie, en famille, entre amis etc.<\/span><\/p>\n<p><span style=\"font-size: 20px;\">No\u00ebl est une belle occasion de rassembler et de r\u00e9unir des familles. Plusieurs de nos contemporains assimilent cette f\u00eate \u00e0 celle uniquement des cadeaux \u00e0 offrir, ce qui est une tr\u00e8s bonne chose car cela renforce les liens familiaux et entre amis. La joie de recevoir et aussi la joie de donner. Les sourires et les attentions d\u2019affection sont irrempla\u00e7ables. Il est beau de voir un enfant se r\u00e9jouir en ouvrant son cadeau le soir ou le jour de No\u00ebl dans l\u2019imaginaire que le p\u00e8re No\u00ebl a pens\u00e9 \u00e0 lui\u00a0!<\/span><\/p>\n<p><span style=\"font-size: 20px;\">Oui No\u00ebl lui-m\u00eame est un cadeau pour l\u2019humanit\u00e9. En r\u00e9alit\u00e9, No\u00ebl est un cadeau divin.<\/span><\/p>\n<p><span style=\"font-size: 20px;\">Ce cadeau pour les chr\u00e9tiens est le Messie venu partager notre humanit\u00e9. Il a pris chair et s\u2019est fait homme, l\u2019enfant de la cr\u00e8che, J\u00e9sus. Il vient r\u00e9v\u00e9ler l\u2019Amour infini de Dieu pour l\u2019humanit\u00e9.\u00a0 C\u2019est-\u00e0-dire que toi, quelque soit ta condition, tu as du prix aux yeux de Dieu, tu es aim\u00e9 par lui et il d\u00e9sire ton bonheur.<\/span><\/p>\n<p><span style=\"font-size: 20px;\">Accueillons l\u2019enfant de la cr\u00e8che en tant qu\u2019enfant de la communion des c\u0153urs, enfant de la joie partag\u00e9e, enfant qui apporte la lumi\u00e8re de Dieu dans nos vies.<\/span><\/p>\n<p><span style=\"font-size: 20px;\">Avec la f\u00eate de No\u00ebl, pointe \u00e0 l\u2019horizon la nouvelle ann\u00e9e, une semaine apr\u00e8s. Une nouvelle ann\u00e9e suscite de nouvelles r\u00e9solutions et des projets \u00e0 r\u00e9aliser, des mises \u00e0 jour \u00e0 effectuer. L\u2019objectif vis\u00e9e \u00e9tant que la nouvelle ann\u00e9e soit meilleure que celle que nous venons de passer. Tout cela est contenu dans les souhaits et v\u0153ux que nous nous adressons mutuellement.<\/span><\/p>\n<p><span style=\"font-size: 20px;\">Dans notre secteur pastoral de Savigny-Viry, nous voulons mettre l\u2019accent sur la fraternit\u00e9, un des appels du dernier synode dioc\u00e9sain. \u00ab\u00a0<em>Vous \u00eates tous fr\u00e8res<\/em>\u00a0\u00bb dit J\u00e9sus.<\/span><\/p>\n<p><span style=\"font-size: 20px;\">Que No\u00ebl, les f\u00eates de fin d\u2019ann\u00e9e et le Nouvel An nous fassent vibrer au rythme de la joie partag\u00e9e. Cette joie pour le croyant, est la joie de l\u2019\u00e9vangile.<\/span><\/p>\n<p><span style=\"font-size: 20px;\">A chacune et \u00e0 chacun<\/span><\/p>\n<p><span style=\"font-size: 20px;\"><img decoding=\"async\" class=\"wp-image-2970 size-thumbnail alignleft\" src=\"https:\/\/www.savigny-viry-catholique.fr\/wp-content\/uploads\/2020\/09\/BIDZOGO-V1-150x150.jpg\" alt=\"\" width=\"150\" height=\"150\" \/><\/span><\/p>\n<p>&nbsp;<\/p>\n<p><span style=\"font-size: 20px;\">Joyeuse f\u00eate de No\u00ebl 2022\u00a0! Et Meilleurs v\u0153ux pour l\u2019ann\u00e9e 2023\u00a0!<\/span><\/p>\n<p><span style=\"font-size: 20px;\">P\u00e8re Emmanuel Bidzogo<\/span><\/p>\n<h5><\/h5>\n<p>&nbsp;<\/p>\n<p><a href=\"https:\/\/image-et-pastorale.ec-ressources.fr\/swf\/sflemalle.php\"><img fetchpriority=\"high\" decoding=\"async\" class=\"alignleft wp-image-6023\" src=\"https:\/\/www.savigny-viry-catholique.fr\/wp-content\/uploads\/2022\/12\/nativite-flemalle-RCampin-213x300.jpg\" alt=\"\" width=\"350\" height=\"494\" \/><\/a><\/p>\n<p>&nbsp;<\/p>\n<p>&nbsp;<\/p>\n<p>&nbsp;<\/p>\n<p>&nbsp;<\/p>\n<p><span style=\"color: #ff0000; font-size: 20px;\"><em><strong>La Nativit\u00e9 de Flemalle (Robert Campin) vers 1420.<\/strong><\/em><\/span><\/p>\n<p>&nbsp;<\/p>\n<p><span style=\"font-size: 16px;\">Le site \u00ab\u00a0Image &amp; pastiorale\u00a0\u00bb propose une lecture d&rsquo;image de ce tableau.<\/span><\/p>\n<p>&nbsp;<\/p>\n<p><a href=\"https:\/\/image-et-pastorale.ec-ressources.fr\/swf\/sflemalle.php\"><strong><span style=\"font-size: 16px;\">Cliquez ICI\u00a0 ou sur l&rsquo;image<\/span><\/strong><\/a><\/p>\n<p>&nbsp;<\/p>\n<p>&nbsp;<\/p>\n<p>&nbsp;<\/p>\n<p>&nbsp;<\/p>\n<p>&nbsp;<\/p>\n<p>&nbsp;<\/p>\n<p>&nbsp;<\/p>\n<p>&nbsp;<\/p>\n<p><span style=\"font-size: 16px; color: #0000ff;\"><strong>\u00ab\u00a0Le Verbe s\u2019est fait chair, il a habit\u00e9 parmi nous\u00a0\u00bb (Jn 1,\u00a01-5.9-14)<\/strong><\/span><\/p>\n<h5><em><strong><span style=\"font-size: 16px;\">\u00c9vangile de J\u00e9sus Christ selon saint Jean\u00a0 \u00a0 \u00a0 <\/span><\/strong><span style=\"font-size: 16px;\">(Evangile de la messe du jour )<\/span><\/em><\/h5>\n<p><em><strong>Au commencement \u00e9tait le Verbe,<\/strong><\/em><br \/>\n<em><strong>et le Verbe \u00e9tait aupr\u00e8s de Dieu,<\/strong><\/em><br \/>\n<em><strong>et le Verbe \u00e9tait Dieu.<\/strong><\/em><br \/>\n<em><strong>Il \u00e9tait au commencement aupr\u00e8s de Dieu.<\/strong><\/em><br \/>\n<em><strong>C\u2019est par lui que tout est venu \u00e0 l\u2019existence, et rien de ce qui s\u2019est fait ne s\u2019est fait sans lui.<\/strong><\/em><br \/>\n<em><strong>En lui \u00e9tait la vie, et la vie \u00e9tait la lumi\u00e8re des hommes\u00a0;<\/strong><\/em><br \/>\n<em><strong>la lumi\u00e8re brille dans les t\u00e9n\u00e8bres, et les t\u00e9n\u00e8bres ne l\u2019ont pas arr\u00eat\u00e9e.<\/strong><\/em><\/p>\n<p><em><strong>Le Verbe \u00e9tait la vraie Lumi\u00e8re, qui \u00e9claire tout homme en venant dans le monde.<\/strong><\/em><br \/>\n<em><strong>Il \u00e9tait dans le monde, et le monde \u00e9tait venu par lui \u00e0 l\u2019existence,<\/strong><\/em><br \/>\n<em><strong>mais le monde ne l\u2019a pas reconnu.<\/strong><\/em><br \/>\n<em><strong>Il est venu chez lui, et les siens ne l\u2019ont pas re\u00e7u.<\/strong><\/em><br \/>\n<em><strong>Mais \u00e0 tous ceux qui l\u2019ont re\u00e7u, il a donn\u00e9 de pouvoir devenir enfants de Dieu,<\/strong><\/em><br \/>\n<em><strong>eux qui croient en son nom.<\/strong><\/em><br \/>\n<em><strong>Ils ne sont pas n\u00e9s du sang, ni d\u2019une volont\u00e9 charnelle, ni d\u2019une volont\u00e9 d\u2019homme\u00a0:<\/strong><\/em><br \/>\n<em><strong>ils sont n\u00e9s de Dieu.<\/strong><\/em><br \/>\n<em><strong>Et le Verbe s\u2019est fait chair, il a habit\u00e9 parmi nous, et nous avons vu sa gloire,<\/strong><\/em><br \/>\n<em><strong>la gloire qu\u2019il tient de son P\u00e8re comme Fils unique,<\/strong><\/em><br \/>\n<em><strong>plein de gr\u00e2ce et de v\u00e9rit\u00e9.<\/strong><\/em><\/p>\n<p>&nbsp;<\/p>\n<p><a href=\"https:\/\/www.youtube.com\/watch?v=WuV0sarz97o&amp;t=95s\"><img decoding=\"async\" class=\"wp-image-6024 alignleft\" src=\"https:\/\/www.savigny-viry-catholique.fr\/wp-content\/uploads\/2022\/12\/Nativ-Adoration-Bergers-300x197.jpg\" alt=\"\" width=\"400\" height=\"263\" \/><\/a><\/p>\n<p>&nbsp;<\/p>\n<p><span style=\"font-size: 16px;\"><strong><span style=\"color: #000080;\">L&rsquo;adoration des bergers de Guido Reni (XVII\u00e8m si\u00e8cle).<\/span><\/strong><\/span><\/p>\n<p>&nbsp;<\/p>\n<p><a href=\"https:\/\/www.youtube.com\/watch?v=WuV0sarz97o&amp;t=95s\"><span style=\"font-size: 16px;\"><strong>Commentaire de &lsquo;Prions en Eglise&rsquo;\u00a0<\/strong><\/span><\/a><\/p>\n","protected":false},"excerpt":{"rendered":"<p>Dimanche 25 d\u00e9cembre &#8211; \u00ab\u00a0Enfant de la communion c\u2019est No\u00ebl !\u00a0\u00bb &#8230;\/&#8230;<\/p>\n","protected":false},"author":990003,"featured_media":6022,"comment_status":"closed","ping_status":"closed","sticky":false,"template":"","format":"standard","meta":{"give_campaign_id":0,"footnotes":""},"categories":[1],"tags":[],"class_list":["post-6025","post","type-post","status-publish","format-standard","has-post-thumbnail","hentry","category-uncategorized"],"_links":{"self":[{"href":"https:\/\/demos.uptitude.fr\/savviry1\/wp-json\/wp\/v2\/posts\/6025","targetHints":{"allow":["GET"]}}],"collection":[{"href":"https:\/\/demos.uptitude.fr\/savviry1\/wp-json\/wp\/v2\/posts"}],"about":[{"href":"https:\/\/demos.uptitude.fr\/savviry1\/wp-json\/wp\/v2\/types\/post"}],"author":[{"embeddable":true,"href":"https:\/\/demos.uptitude.fr\/savviry1\/wp-json\/wp\/v2\/users\/990003"}],"replies":[{"embeddable":true,"href":"https:\/\/demos.uptitude.fr\/savviry1\/wp-json\/wp\/v2\/comments?post=6025"}],"version-history":[{"count":0,"href":"https:\/\/demos.uptitude.fr\/savviry1\/wp-json\/wp\/v2\/posts\/6025\/revisions"}],"wp:featuredmedia":[{"embeddable":true,"href":"https:\/\/demos.uptitude.fr\/savviry1\/wp-json\/"}],"wp:attachment":[{"href":"https:\/\/demos.uptitude.fr\/savviry1\/wp-json\/wp\/v2\/media?parent=6025"}],"wp:term":[{"taxonomy":"category","embeddable":true,"href":"https:\/\/demos.uptitude.fr\/savviry1\/wp-json\/wp\/v2\/categories?post=6025"},{"taxonomy":"post_tag","embeddable":true,"href":"https:\/\/demos.uptitude.fr\/savviry1\/wp-json\/wp\/v2\/tags?post=6025"}],"curies":[{"name":"wp","href":"https:\/\/api.w.org\/{rel}","templated":true}]}}